{"id":3698,"date":"2023-01-21T16:42:30","date_gmt":"2023-01-21T19:42:30","guid":{"rendered":"https:\/\/focotocantinense.com.br\/?p=3698"},"modified":"2023-01-21T16:44:12","modified_gmt":"2023-01-21T19:44:12","slug":"prefeita-josi-nunes-e-bandas-locais-definem-participacao-no-carnaval-de-gurupi","status":"publish","type":"post","link":"https:\/\/focotocantinense.com.br\/?p=3698","title":{"rendered":"<strong>Prefeita Josi Nunes e bandas locais definem participa\u00e7\u00e3o no Carnaval de Gurupi<\/strong>"},"content":{"rendered":"\n<figure class=\"wp-block-image size-full is-resized\"><img loading=\"lazy\" decoding=\"async\" src=\"https:\/\/focotocantinense.com.br\/wp-content\/uploads\/2023\/01\/bbb-2.jpg\" alt=\"\" class=\"wp-image-3699\" width=\"405\" height=\"227\" srcset=\"https:\/\/focotocantinense.com.br\/wp-content\/uploads\/2023\/01\/bbb-2.jpg 926w, https:\/\/focotocantinense.com.br\/wp-content\/uploads\/2023\/01\/bbb-2-300x169.jpg 300w, https:\/\/focotocantinense.com.br\/wp-content\/uploads\/2023\/01\/bbb-2-768x432.jpg 768w\" sizes=\"auto, (max-width: 405px) 100vw, 405px\" \/><\/figure>\n\n\n\n<p>A Prefeita de Gurupi, Josi Nunes, com o objetivo de ampliar o leque de atra\u00e7\u00f5es do Carnaval de Gurupi 2023 e valorizar os artistas locais, participou de uma reuni\u00e3o com m\u00fasicos gurupienses para definir a participa\u00e7\u00e3o de todas as bandas locais na programa\u00e7\u00e3o carnavalesca da cidade. O encontro foi realizado na manh\u00e3 deste s\u00e1bado, 21, no Centro Cultural Mauro Cunha.<\/p>\n\n\n\n<p>Na ocasi\u00e3o, a prefeita Josi Nunes destacou que a participa\u00e7\u00e3o de todas as bandas de Gurupi no Carnaval da cidade j\u00e1 estava prevista na programa\u00e7\u00e3o desde o in\u00edcio, e que o encontro serviu para definir os \u00faltimos detalhes para a confirma\u00e7\u00e3o da presen\u00e7a de todas as atra\u00e7\u00f5es locais. A Prefeita refor\u00e7ou sua abertura ao di\u00e1logo, bem como a parceria da gest\u00e3o para contribuir com o fortalecimento da classe art\u00edstica nesta retomada do setor ap\u00f3s o per\u00edodo de restri\u00e7\u00f5es da pandemia.<\/p>\n\n\n\n<p>\u201cOs m\u00fasicos tinham algumas d\u00favidas com rela\u00e7\u00e3o ao edital que foi publicado e me procuraram. N\u00f3s marcamos esta reuni\u00e3o, dialogamos, pontuamos cada item do edital e tiramos todas as d\u00favidas que eles tinham em rela\u00e7\u00e3o ao Carnaval de Gurupi. Fizemos uma rela\u00e7\u00e3o bastante harmoniosa, com consenso, acatamos sugest\u00f5es dos m\u00fasicos e eles entenderam a posi\u00e7\u00e3o da prefeitura. Agora, unidos, vamos fazer o melhor Carnaval do Norte do Brasil\u201d, afirmou a Prefeita.<\/p>\n\n\n\n<p>A secret\u00e1ria municipal de Cultura e Turismo, Amanda Costa, explicou aos m\u00fasicos que o edital de chamamento p\u00fablico visa dar maior agilidade e facilidade para o tr\u00e2mite administrativo do processo de pagamento das bandas. \u201cA fun\u00e7\u00e3o do edital \u00e9 desburocratizar e acelerar o tr\u00e2mite de pagamento do processo. Ao inv\u00e9s de fazermos 20 ou 30 processos separados, vamos fazer apenas um, ent\u00e3o conseguimos agilizar o pagamento. E os m\u00fasicos entenderam isso e a inten\u00e7\u00e3o \u00e9 que todo mundo participe da festa, preste seu servi\u00e7o e que isso seja feito tudo dentro da legalidade\u201d, disse.<\/p>\n\n\n\n<p>Os m\u00fasicos presentes agradeceram a prefeita Josi Nunes pela forma humanizada a qual conduziu a reuni\u00e3o e pela iniciativa da gest\u00e3o de esclarecer as d\u00favidas e incluir todos na programa\u00e7\u00e3o.<\/p>\n\n\n\n<p>\u201cFoi bem produtiva a reuni\u00e3o e serviu para esclarecer alguns pontos que n\u00f3s t\u00ednhamos d\u00favidas. Agora entendemos qual o intuito da gest\u00e3o quanto ao edital publicado e isso vai facilitar a participa\u00e7\u00e3o de todos. Foi uma forma muito humana da prefeita Josi de ajudar e fazer quest\u00e3o da participa\u00e7\u00e3o de todos os m\u00fasicos que ap\u00f3s o per\u00edodo de pandemia precisam muito dessa retomada nos eventos\u201d, destacou o cantor Rafael Barbosa.<\/p>\n\n\n\n<p>A cantora Jane da Banda Skema do Brasil se mostrou grata com a aten\u00e7\u00e3o aos m\u00fasicos locais e ansiosa para tocar na Avenida e animar os foli\u00f5es. \u201cFoi incr\u00edvel nossa reuni\u00e3o. Ficou tudo esclarecido e resolvido. A administra\u00e7\u00e3o ficou satisfeita e n\u00f3s m\u00fasicos estamos com sorriso de orelha a orelha. Para n\u00f3s est\u00e1 tudo resolvido, agora \u00e9 partir para a alegria e esperar o dia 17 para a folia come\u00e7ar com tudo na Avenida\u201d, relatou.<\/p>\n\n\n\n<p>Tamb\u00e9m estiveram presentes na reuni\u00e3o os vereadores Andr\u00e9 Caixeta, Jair do Povo e Ronaldo Lira, al\u00e9m do secret\u00e1rio municipal de Governo, Sergio Marques (Sor\u00f3), e o controlador-geral do Munic\u00edpio, Thiago Costa.<\/p>\n","protected":false},"excerpt":{"rendered":"<p>A Prefeita de Gurupi, Josi Nunes, com o objetivo de ampliar o leque de atra\u00e7\u00f5es do Carnaval de Gurupi 2023 e valorizar os artistas locais, participou de uma reuni\u00e3o com m\u00fasicos gurupienses para definir a participa\u00e7\u00e3o de todas as bandas locais na programa\u00e7\u00e3o carnavalesca da cidade. O encontro foi realizado na manh\u00e3 deste s\u00e1bado, 21, &hellip;<\/p>\n","protected":false},"author":5,"featured_media":3699,"comment_status":"open","ping_status":"open","sticky":false,"template":"","format":"standard","meta":{"footnotes":""},"categories":[104,38],"tags":[],"class_list":["post-3698","post","type-post","status-publish","format-standard","has-post-thumbnail","","category-cultura","category-gurupi"],"_links":{"self":[{"href":"https:\/\/focotocantinense.com.br\/index.php?rest_route=\/wp\/v2\/posts\/3698","targetHints":{"allow":["GET"]}}],"collection":[{"href":"https:\/\/focotocantinense.com.br\/index.php?rest_route=\/wp\/v2\/posts"}],"about":[{"href":"https:\/\/focotocantinense.com.br\/index.php?rest_route=\/wp\/v2\/types\/post"}],"author":[{"embeddable":true,"href":"https:\/\/focotocantinense.com.br\/index.php?rest_route=\/wp\/v2\/users\/5"}],"replies":[{"embeddable":true,"href":"https:\/\/focotocantinense.com.br\/index.php?rest_route=%2Fwp%2Fv2%2Fcomments&post=3698"}],"version-history":[{"count":1,"href":"https:\/\/focotocantinense.com.br\/index.php?rest_route=\/wp\/v2\/posts\/3698\/revisions"}],"predecessor-version":[{"id":3700,"href":"https:\/\/focotocantinense.com.br\/index.php?rest_route=\/wp\/v2\/posts\/3698\/revisions\/3700"}],"wp:featuredmedia":[{"embeddable":true,"href":"https:\/\/focotocantinense.com.br\/index.php?rest_route=\/wp\/v2\/media\/3699"}],"wp:attachment":[{"href":"https:\/\/focotocantinense.com.br\/index.php?rest_route=%2Fwp%2Fv2%2Fmedia&parent=3698"}],"wp:term":[{"taxonomy":"category","embeddable":true,"href":"https:\/\/focotocantinense.com.br\/index.php?rest_route=%2Fwp%2Fv2%2Fcategories&post=3698"},{"taxonomy":"post_tag","embeddable":true,"href":"https:\/\/focotocantinense.com.br\/index.php?rest_route=%2Fwp%2Fv2%2Ftags&post=3698"}],"curies":[{"name":"wp","href":"https:\/\/api.w.org\/{rel}","templated":true}]}}