{"id":3693,"date":"2023-01-19T16:54:11","date_gmt":"2023-01-19T19:54:11","guid":{"rendered":"https:\/\/focotocantinense.com.br\/?p=3693"},"modified":"2023-01-19T16:58:10","modified_gmt":"2023-01-19T19:58:10","slug":"integrantes-da-academia-de-letras-de-paraiso-do-tocantins-se-reunem-com-o-prefeito-celso-morais-para-discutir-parceria","status":"publish","type":"post","link":"https:\/\/focotocantinense.com.br\/?p=3693","title":{"rendered":"<strong>Integrantes da Academia de Letras de Para\u00edso do Tocantins se re\u00fanem com o prefeito Celso Morais para discutir parceria<\/strong>"},"content":{"rendered":"\n<p><strong>Por Zacarias Martins <\/strong><\/p>\n\n\n\n<p>O&nbsp;&nbsp;prefeito de Para\u00edso do Tocantins, Celso Morais (MDB), recebeu em seu gabinete nesta manh\u00e3 de quinta-feira (19), uma comitiva de acad\u00eamicos imortais&nbsp;&nbsp;da Academia de Letras de Para\u00edso do Tocantins (ALP). Na pauta da reuni\u00e3o estavam as a\u00e7\u00f5es que&nbsp;&nbsp;ser\u00e3o executadas ao longo do ano numa parceria entre a ALP e a Prefeitura Municipal.<\/p>\n\n\n\n<p>Na oportunidade, os acad\u00eamicos&nbsp;&nbsp;da APL fizeram quest\u00e3o de agradecer o apoio recebido do&nbsp;&nbsp;chefe do Poder Executivo paraisense, especialmente, no tocante a aquisi\u00e7\u00e3o anualmente de&nbsp;&nbsp;obras de autores&nbsp;&nbsp;do munic\u00edpio por meio da Secretaria Municipal de Educa\u00e7\u00e3o e Juventude (SEMEJ), al\u00e9m do&nbsp;&nbsp;espa\u00e7o f\u00edsico para as reuni\u00f5es da Academia na Sala de Reuni\u00f5es do Teatro Cora Coralina.<\/p>\n\n\n\n<p>O presidente da APL, Toni Ferreira aproveitou, tamb\u00e9m, para agradecer ao professor Deley&nbsp;&nbsp;de Oliveira, titular da pasta da Educa\u00e7\u00e3o e Juventude pelo empenho em prestigiar os talentos liter\u00e1rios da cidade.<\/p>\n\n\n\n<p><strong>Parceria<\/strong><\/p>\n\n\n\n<p>O presidente da APL, Toni Ferreira, disse que \u00e9 \u00e9 salutar essa parceria com a Administra\u00e7\u00e3o Municipal, ressaltando que a diretoria da Academia est\u00e1 satisfeita&nbsp;&nbsp;com a administra\u00e7\u00e3o do prefeito Celso Morais que, inclusive,&nbsp;&nbsp;anunciou&nbsp;&nbsp;um local que servir\u00e1 como sede da APL, logo ap\u00f3s a reforma do Museu Municipal Jo\u00e3o Batista de Brito.<\/p>\n\n\n\n<p>Tamb\u00e9m, na reuni\u00e3o, o acad\u00eamico Cl\u00e1udio Macagi solicitou para que fosse verificada a possibilidade de cria\u00e7\u00e3o da Bolsa de Publica\u00e7\u00f5es por parte do munic\u00edpio, como incentivo aos&nbsp;&nbsp;autores iniciantes<\/p>\n\n\n\n<p><strong>Presen\u00e7as<\/strong><\/p>\n\n\n\n<p>Al\u00e9m do presidente, Toni Ferreira, compareceram \u00e0 reuni\u00e3o, os acad\u00eamicos Angelly Bernardo, Assis Vanderley, Ana Vov\u00f3, Cl\u00e9ber Moraes, Cida Gualberto, Cl\u00e1udio Macagi, Dourival Santiago, Galba Pires, Jo\u00e3o Paulo, Miguel Rosa.<\/p>\n\n\n\n<figure class=\"wp-block-image size-full\"><img loading=\"lazy\" decoding=\"async\" width=\"1024\" height=\"768\" src=\"https:\/\/focotocantinense.com.br\/wp-content\/uploads\/2023\/01\/aaaa.jpg\" alt=\"\" class=\"wp-image-3694\" srcset=\"https:\/\/focotocantinense.com.br\/wp-content\/uploads\/2023\/01\/aaaa.jpg 1024w, https:\/\/focotocantinense.com.br\/wp-content\/uploads\/2023\/01\/aaaa-300x225.jpg 300w, https:\/\/focotocantinense.com.br\/wp-content\/uploads\/2023\/01\/aaaa-768x576.jpg 768w\" sizes=\"auto, (max-width: 1024px) 100vw, 1024px\" \/><\/figure>\n\n\n\n<figure class=\"wp-block-image size-full\"><img loading=\"lazy\" decoding=\"async\" width=\"1024\" height=\"768\" src=\"https:\/\/focotocantinense.com.br\/wp-content\/uploads\/2023\/01\/bbb-1.jpg\" alt=\"\" class=\"wp-image-3695\" srcset=\"https:\/\/focotocantinense.com.br\/wp-content\/uploads\/2023\/01\/bbb-1.jpg 1024w, https:\/\/focotocantinense.com.br\/wp-content\/uploads\/2023\/01\/bbb-1-300x225.jpg 300w, https:\/\/focotocantinense.com.br\/wp-content\/uploads\/2023\/01\/bbb-1-768x576.jpg 768w\" sizes=\"auto, (max-width: 1024px) 100vw, 1024px\" \/><\/figure>\n\n\n\n<figure class=\"wp-block-image size-large\"><img loading=\"lazy\" decoding=\"async\" width=\"1024\" height=\"296\" src=\"https:\/\/focotocantinense.com.br\/wp-content\/uploads\/2023\/01\/veloso_banner-1-1024x296.jpeg\" alt=\"\" class=\"wp-image-3639\" srcset=\"https:\/\/focotocantinense.com.br\/wp-content\/uploads\/2023\/01\/veloso_banner-1-1024x296.jpeg 1024w, https:\/\/focotocantinense.com.br\/wp-content\/uploads\/2023\/01\/veloso_banner-1-300x87.jpeg 300w, https:\/\/focotocantinense.com.br\/wp-content\/uploads\/2023\/01\/veloso_banner-1-768x222.jpeg 768w, https:\/\/focotocantinense.com.br\/wp-content\/uploads\/2023\/01\/veloso_banner-1.jpeg 1156w\" sizes=\"auto, (max-width: 1024px) 100vw, 1024px\" \/><\/figure>\n","protected":false},"excerpt":{"rendered":"<p>Por Zacarias Martins O&nbsp;&nbsp;prefeito de Para\u00edso do Tocantins, Celso Morais (MDB), recebeu em seu gabinete nesta manh\u00e3 de quinta-feira (19), uma comitiva de acad\u00eamicos imortais&nbsp;&nbsp;da Academia de Letras de Para\u00edso do Tocantins (ALP). Na pauta da reuni\u00e3o estavam as a\u00e7\u00f5es que&nbsp;&nbsp;ser\u00e3o executadas ao longo do ano numa parceria entre a ALP e a Prefeitura Municipal. &hellip;<\/p>\n","protected":false},"author":5,"featured_media":3694,"comment_status":"open","ping_status":"open","sticky":false,"template":"","format":"standard","meta":{"footnotes":""},"categories":[104,47],"tags":[],"class_list":["post-3693","post","type-post","status-publish","format-standard","has-post-thumbnail","","category-cultura","category-paraiso"],"_links":{"self":[{"href":"https:\/\/focotocantinense.com.br\/index.php?rest_route=\/wp\/v2\/posts\/3693","targetHints":{"allow":["GET"]}}],"collection":[{"href":"https:\/\/focotocantinense.com.br\/index.php?rest_route=\/wp\/v2\/posts"}],"about":[{"href":"https:\/\/focotocantinense.com.br\/index.php?rest_route=\/wp\/v2\/types\/post"}],"author":[{"embeddable":true,"href":"https:\/\/focotocantinense.com.br\/index.php?rest_route=\/wp\/v2\/users\/5"}],"replies":[{"embeddable":true,"href":"https:\/\/focotocantinense.com.br\/index.php?rest_route=%2Fwp%2Fv2%2Fcomments&post=3693"}],"version-history":[{"count":2,"href":"https:\/\/focotocantinense.com.br\/index.php?rest_route=\/wp\/v2\/posts\/3693\/revisions"}],"predecessor-version":[{"id":3697,"href":"https:\/\/focotocantinense.com.br\/index.php?rest_route=\/wp\/v2\/posts\/3693\/revisions\/3697"}],"wp:featuredmedia":[{"embeddable":true,"href":"https:\/\/focotocantinense.com.br\/index.php?rest_route=\/wp\/v2\/media\/3694"}],"wp:attachment":[{"href":"https:\/\/focotocantinense.com.br\/index.php?rest_route=%2Fwp%2Fv2%2Fmedia&parent=3693"}],"wp:term":[{"taxonomy":"category","embeddable":true,"href":"https:\/\/focotocantinense.com.br\/index.php?rest_route=%2Fwp%2Fv2%2Fcategories&post=3693"},{"taxonomy":"post_tag","embeddable":true,"href":"https:\/\/focotocantinense.com.br\/index.php?rest_route=%2Fwp%2Fv2%2Ftags&post=3693"}],"curies":[{"name":"wp","href":"https:\/\/api.w.org\/{rel}","templated":true}]}}