{"id":3668,"date":"2023-01-18T19:14:19","date_gmt":"2023-01-18T22:14:19","guid":{"rendered":"https:\/\/focotocantinense.com.br\/?p=3668"},"modified":"2023-01-18T20:24:22","modified_gmt":"2023-01-18T23:24:22","slug":"dona-antonia-matriarca-pioneira-de-palmas-lanca-sua-biografia","status":"publish","type":"post","link":"https:\/\/focotocantinense.com.br\/?p=3668","title":{"rendered":"<strong>Dona Ant\u00f4nia &#8211; Matriarca pioneira de Palmas lan\u00e7a sua biografia<\/strong>"},"content":{"rendered":"\n<figure class=\"wp-block-image size-full is-resized\"><img loading=\"lazy\" decoding=\"async\" src=\"https:\/\/focotocantinense.com.br\/wp-content\/uploads\/2023\/01\/333-1.jpg\" alt=\"\" class=\"wp-image-3673\" width=\"389\" height=\"394\" srcset=\"https:\/\/focotocantinense.com.br\/wp-content\/uploads\/2023\/01\/333-1.jpg 376w, https:\/\/focotocantinense.com.br\/wp-content\/uploads\/2023\/01\/333-1-296x300.jpg 296w\" sizes=\"auto, (max-width: 389px) 100vw, 389px\" \/><\/figure>\n\n\n\n<p><strong>Mem\u00f3rias de Ant\u00f4nia<\/strong>, livro de autoria do escritor Giovanni Salera J\u00fanior, foi lan\u00e7ado no dia&nbsp;12, em Palmas, e tra\u00e7a a trajet\u00f3ria de vida da matriarca da fam\u00edlia Louren\u00e7o Mesquita.<\/p>\n\n\n\n<p>Dona Ant\u00f4nia \u00e9 natural de Itapuranga (GO), viveu sua inf\u00e2ncia em Uruana-GO e mora h\u00e1 27 na capital do Tocantins. Vi\u00fava, m\u00e3e e cat\u00f3lica fervorosa, \u00e9 devota de Nossa Senhora e tem como padroeiro S\u00e3o Pedro.<\/p>\n\n\n\n<p>Uma mulher forte, generosa e hospitaleira, que recebe a todos com enorme disposta, bem humorada e preocupada em acolher bem. Seu p\u00e3o de queijo \u00e9 imposs\u00edvel recusar.<\/p>\n\n\n\n<p>Se h\u00e1 algo que representa sua trajet\u00f3ria de vida, \u00e9 a bagagem adquirida em toda essa longa caminhada, hist\u00f3rias que dona Ant\u00f4nia conta com muita lucidez e simpatia.<\/p>\n\n\n\n<p>A data do lan\u00e7amento do livro biogr\u00e1fico de dona Ant\u00f4nia foi propositalmente escolhida para marcar, com chave de ouro, a comemora\u00e7\u00e3o de seus 76 anos de idade, por sinal, muito bem vividos.<\/p>\n\n\n\n<p>O palco do lan\u00e7amento foi a resid\u00eancia de sua filha, a odont\u00f3loga Rosilene Mesquita do Couto e seu esposo, o tamb\u00e9m odont\u00f3logo&nbsp;Wellington Santos do Couto, tendo a presen\u00e7a de um seleto grupo de amigos, familiares, filhos, netos e bisneta, al\u00e9m do padre&nbsp;Waldeon Reis de Azevedo, p\u00e1roco da Par\u00f3quia Nossa Senhora Aparecida de&nbsp;Taquaralto, que fez quest\u00e3o de marcar presen\u00e7a ao acontecimento para&nbsp;aben\u00e7oar o lan\u00e7amento da obra e a aniversariante biografada.<\/p>\n\n\n\n<p>Sobre a obra, Giovanni Salera J\u00fanior, afirma n\u00e3o se tratar de um romance feito simplesmente para entreter, pois possui prop\u00f3sitos mais nobres. \u201cServe como guia, inspira\u00e7\u00e3o e motiva\u00e7\u00e3o para aqueles que se encontram desanimados e desesperan\u00e7osos diante das muitas circunst\u00e2ncias dif\u00edceis que surgem no cotidiano de uma fam\u00edlia, no matrim\u00f4nio e nas rela\u00e7\u00f5es interpessoais\u201d, assevera o bi\u00f3grafo.<\/p>\n\n\n\n<figure class=\"wp-block-gallery has-nested-images columns-default is-cropped wp-block-gallery-1 is-layout-flex wp-block-gallery-is-layout-flex\">\n<figure class=\"wp-block-image size-large\"><img loading=\"lazy\" decoding=\"async\" width=\"1024\" height=\"684\" data-id=\"3671\" src=\"https:\/\/focotocantinense.com.br\/wp-content\/uploads\/2023\/01\/1-ANTONIA-1-1024x684.jpg\" alt=\"\" class=\"wp-image-3671\" srcset=\"https:\/\/focotocantinense.com.br\/wp-content\/uploads\/2023\/01\/1-ANTONIA-1-1024x684.jpg 1024w, https:\/\/focotocantinense.com.br\/wp-content\/uploads\/2023\/01\/1-ANTONIA-1-300x200.jpg 300w, https:\/\/focotocantinense.com.br\/wp-content\/uploads\/2023\/01\/1-ANTONIA-1-768x513.jpg 768w, https:\/\/focotocantinense.com.br\/wp-content\/uploads\/2023\/01\/1-ANTONIA-1.jpg 1280w\" sizes=\"auto, (max-width: 1024px) 100vw, 1024px\" \/><\/figure>\n<\/figure>\n\n\n\n<figure class=\"wp-block-image size-large\"><img loading=\"lazy\" decoding=\"async\" width=\"1024\" height=\"627\" src=\"https:\/\/focotocantinense.com.br\/wp-content\/uploads\/2023\/01\/2-ANTONIA-1024x627.jpg\" alt=\"\" class=\"wp-image-3677\" srcset=\"https:\/\/focotocantinense.com.br\/wp-content\/uploads\/2023\/01\/2-ANTONIA-1024x627.jpg 1024w, https:\/\/focotocantinense.com.br\/wp-content\/uploads\/2023\/01\/2-ANTONIA-300x184.jpg 300w, https:\/\/focotocantinense.com.br\/wp-content\/uploads\/2023\/01\/2-ANTONIA-768x470.jpg 768w, https:\/\/focotocantinense.com.br\/wp-content\/uploads\/2023\/01\/2-ANTONIA.jpg 1280w\" sizes=\"auto, (max-width: 1024px) 100vw, 1024px\" \/><\/figure>\n\n\n\n<figure class=\"wp-block-image size-full is-resized\"><img loading=\"lazy\" decoding=\"async\" src=\"https:\/\/focotocantinense.com.br\/wp-content\/uploads\/2023\/01\/LIVRO-DE-DONA-ANTONIA.jpg\" alt=\"\" class=\"wp-image-3681\" width=\"841\" height=\"479\" srcset=\"https:\/\/focotocantinense.com.br\/wp-content\/uploads\/2023\/01\/LIVRO-DE-DONA-ANTONIA.jpg 796w, https:\/\/focotocantinense.com.br\/wp-content\/uploads\/2023\/01\/LIVRO-DE-DONA-ANTONIA-300x171.jpg 300w, https:\/\/focotocantinense.com.br\/wp-content\/uploads\/2023\/01\/LIVRO-DE-DONA-ANTONIA-768x437.jpg 768w\" sizes=\"auto, (max-width: 841px) 100vw, 841px\" \/><\/figure>\n\n\n\n<figure class=\"wp-block-image size-full is-resized\"><img loading=\"lazy\" decoding=\"async\" src=\"https:\/\/focotocantinense.com.br\/wp-content\/uploads\/2023\/01\/4-antonia.jpg\" alt=\"\" class=\"wp-image-3684\" width=\"841\" height=\"489\" srcset=\"https:\/\/focotocantinense.com.br\/wp-content\/uploads\/2023\/01\/4-antonia.jpg 723w, https:\/\/focotocantinense.com.br\/wp-content\/uploads\/2023\/01\/4-antonia-300x174.jpg 300w\" sizes=\"auto, (max-width: 841px) 100vw, 841px\" \/><\/figure>\n\n\n\n<figure class=\"wp-block-image size-full is-resized\"><img loading=\"lazy\" decoding=\"async\" src=\"https:\/\/focotocantinense.com.br\/wp-content\/uploads\/2023\/01\/5-antonia.jpg\" alt=\"\" class=\"wp-image-3688\" width=\"837\" height=\"416\" srcset=\"https:\/\/focotocantinense.com.br\/wp-content\/uploads\/2023\/01\/5-antonia.jpg 789w, https:\/\/focotocantinense.com.br\/wp-content\/uploads\/2023\/01\/5-antonia-300x149.jpg 300w, https:\/\/focotocantinense.com.br\/wp-content\/uploads\/2023\/01\/5-antonia-768x382.jpg 768w\" sizes=\"auto, (max-width: 837px) 100vw, 837px\" \/><\/figure>\n\n\n\n<figure class=\"wp-block-image size-large\"><img loading=\"lazy\" decoding=\"async\" width=\"1024\" height=\"296\" src=\"https:\/\/focotocantinense.com.br\/wp-content\/uploads\/2023\/01\/veloso_banner-1-1024x296.jpeg\" alt=\"\" class=\"wp-image-3639\" srcset=\"https:\/\/focotocantinense.com.br\/wp-content\/uploads\/2023\/01\/veloso_banner-1-1024x296.jpeg 1024w, https:\/\/focotocantinense.com.br\/wp-content\/uploads\/2023\/01\/veloso_banner-1-300x87.jpeg 300w, https:\/\/focotocantinense.com.br\/wp-content\/uploads\/2023\/01\/veloso_banner-1-768x222.jpeg 768w, https:\/\/focotocantinense.com.br\/wp-content\/uploads\/2023\/01\/veloso_banner-1.jpeg 1156w\" sizes=\"auto, (max-width: 1024px) 100vw, 1024px\" \/><\/figure>\n","protected":false},"excerpt":{"rendered":"<p>Mem\u00f3rias de Ant\u00f4nia, livro de autoria do escritor Giovanni Salera J\u00fanior, foi lan\u00e7ado no dia&nbsp;12, em Palmas, e tra\u00e7a a trajet\u00f3ria de vida da matriarca da fam\u00edlia Louren\u00e7o Mesquita. Dona Ant\u00f4nia \u00e9 natural de Itapuranga (GO), viveu sua inf\u00e2ncia em Uruana-GO e mora h\u00e1 27 na capital do Tocantins. Vi\u00fava, m\u00e3e e cat\u00f3lica fervorosa, \u00e9 &hellip;<\/p>\n","protected":false},"author":5,"featured_media":3669,"comment_status":"open","ping_status":"open","sticky":false,"template":"","format":"standard","meta":{"footnotes":""},"categories":[37],"tags":[],"class_list":["post-3668","post","type-post","status-publish","format-standard","has-post-thumbnail","","category-palmas"],"_links":{"self":[{"href":"https:\/\/focotocantinense.com.br\/index.php?rest_route=\/wp\/v2\/posts\/3668","targetHints":{"allow":["GET"]}}],"collection":[{"href":"https:\/\/focotocantinense.com.br\/index.php?rest_route=\/wp\/v2\/posts"}],"about":[{"href":"https:\/\/focotocantinense.com.br\/index.php?rest_route=\/wp\/v2\/types\/post"}],"author":[{"embeddable":true,"href":"https:\/\/focotocantinense.com.br\/index.php?rest_route=\/wp\/v2\/users\/5"}],"replies":[{"embeddable":true,"href":"https:\/\/focotocantinense.com.br\/index.php?rest_route=%2Fwp%2Fv2%2Fcomments&post=3668"}],"version-history":[{"count":9,"href":"https:\/\/focotocantinense.com.br\/index.php?rest_route=\/wp\/v2\/posts\/3668\/revisions"}],"predecessor-version":[{"id":3691,"href":"https:\/\/focotocantinense.com.br\/index.php?rest_route=\/wp\/v2\/posts\/3668\/revisions\/3691"}],"wp:featuredmedia":[{"embeddable":true,"href":"https:\/\/focotocantinense.com.br\/index.php?rest_route=\/wp\/v2\/media\/3669"}],"wp:attachment":[{"href":"https:\/\/focotocantinense.com.br\/index.php?rest_route=%2Fwp%2Fv2%2Fmedia&parent=3668"}],"wp:term":[{"taxonomy":"category","embeddable":true,"href":"https:\/\/focotocantinense.com.br\/index.php?rest_route=%2Fwp%2Fv2%2Fcategories&post=3668"},{"taxonomy":"post_tag","embeddable":true,"href":"https:\/\/focotocantinense.com.br\/index.php?rest_route=%2Fwp%2Fv2%2Ftags&post=3668"}],"curies":[{"name":"wp","href":"https:\/\/api.w.org\/{rel}","templated":true}]}}