{"id":3660,"date":"2023-01-17T20:15:58","date_gmt":"2023-01-17T23:15:58","guid":{"rendered":"https:\/\/focotocantinense.com.br\/?p=3660"},"modified":"2023-01-17T20:19:54","modified_gmt":"2023-01-17T23:19:54","slug":"dom-jose-moreira-e-recebido-como-o-quinto-bispo-diocesano-de-porto-nacional","status":"publish","type":"post","link":"https:\/\/focotocantinense.com.br\/?p=3660","title":{"rendered":"Dom Jos\u00e9 Moreira \u00e9 Recebido como o quinto Bispo Diocesano de Porto Nacional"},"content":{"rendered":"\n<p>Dom Jos\u00e9 Moreira da Silva, quinto Bispo Diocesano de Porto Nacional \u2013 TO, foi recebido na tarde de ontem (16), na sua nova Diocese. A recep\u00e7\u00e3o teve in\u00edcio no Posto do Trevo (Sa\u00edda para Palmas), com uma grande carreata at\u00e9 a Pra\u00e7a do Centen\u00e1rio, onde aconteceu a recep\u00e7\u00e3o das autoridades civis: dentre elas o Vice-Governador do Estado do Tocantins, Laurez Moreira, o Prefeito de Porto Nacional, Ronivon Maciel, Primeira Dama, Keila Maciel e Ros\u00e2ngela Macenas, Representante da C\u00e2mara de Vereadores e Ex. Prefeito Otoniel Andrade, tamb\u00e9m fez a composi\u00e7\u00e3o da mesa de honra, o Arcebispo de Feira de Santana \u2013 BA, Dom Zanoni Castro, Pe. Patrick Samuel, Assessor da CNBB e Pe. Jorge da Arquidiocese de Belo Horizonte.<\/p>\n\n\n\n<p>As autoridades civis destacaram a alegria de recepcionar um filho da terra: \u201cDom Jos\u00e9 Moreira para n\u00f3s \u00e9 motivo de muita alegria, receber um tocantinense, sendo o primeiro bispo desse Estado, estamos aqui para nos colocar a disposi\u00e7\u00e3o, o senhor conhece as necessidades pastorais porque passou por grandes cidades dessa Diocese\u201d. Ap\u00f3s o momento c\u00edvico, o bispo seguiu em caminhada com os fi\u00e9is para a Catedral, onde foi recebido pelo P\u00e1roco Pe. Eldinei Carneiro e demais autoridades eclesi\u00e1sticas. Na sua fala, o Pe. Eldinei destacou: \u201cDom Jos\u00e9 Moreira onde est\u00e1 o bispo est\u00e1 a igreja, desejamos que o seu minist\u00e9rio seja fecundo, segundo Santo Afonso o bispo tem que ser Pai (Acolhe), Juiz (ajuda a discernir), M\u00e9dico (Oferece o rem\u00e9dio da alma) e Mestre (Nas coisas sagradas), bendito o que vem em nome do Senhor\u201d. O Pe. Douglas Aires falou em nome do Clero: \u201cEstamos aqui para caminharmos juntos e construir o caminho da unidade, Dom Jos\u00e9 Moreira essa Diocese lhe acolhe com muito carinho\u201d.<\/p>\n\n\n\n<p>Na sua fala, &nbsp;Dom Jos\u00e9 Moreira frisou:\u201d \u201cEstou chegando com o cora\u00e7\u00e3o muito aberto, desejo percorrer o caminho da sinodalidade, quero caminhar com esse clero jovem, lembrando sempre esses dois servos de Deus, Dom Alano e Pe. Luso, agrade\u00e7o profundamente essa linda recep\u00e7\u00e3o\u201d. O Bispo Em\u00e9rito de Porto Nacional Dom Geraldo Gusm\u00e3o tamb\u00e9m esteve presente, os Monsenhores, Jones Pedreira e Juraci Cavalcante, tamb\u00e9m o Chanceler, Pe. Heldeir Gomes e grande parte do clero.<\/p>\n\n\n\n<p>Ap\u00f3s a acolhida da Catedral, que foi marcada pelos lindos c\u00e2nticos marianos e a entroniza\u00e7\u00e3o da imagem de Nossa Sra das Merc\u00eas. O evento teve a cobertura do Portal Porto M\u00eddia, TVN (Canal 29), R\u00e1dio Porto FM e as Redes Sociais da Catedral.<\/p>\n\n\n\n<h2 class=\"wp-block-heading\">Perfil de Dom Jos\u00e9 Moreira<\/h2>\n\n\n\n<p>Dom Jos\u00e9 Moreira da Silva nasceu em Ponte Alta do Tocantins (TO). Cursou Teologia e Filosofia no Semin\u00e1rio Santo Ant\u00f4nio em Juiz de Fora (MG). Sua diocese de origem \u00e9 Porto Nacional, onde desenvolveu seus trabalhos pastorais na condi\u00e7\u00e3o de presb\u00edtero. Sua ordena\u00e7\u00e3o presbiteral se deu em 17 de janeiro de 1982.<\/p>\n\n\n\n<p>Foi nomeado bispo de Janu\u00e1ria em 12 de novembro de 2008, pelo ent\u00e3o Papa Bento XVI. Sua ordena\u00e7\u00e3o episcopal foi em 17 de janeiro de 2009 na Catedral Diocesana de Porto Nacional, tendo como bispo ordenante o ent\u00e3o N\u00fancio Apost\u00f3lico no Brasil, dom Lorenzo Baldisseri.<\/p>\n\n\n\n<p>Desde o ano de 2015 \u00e9 bispo referencial da C\u00e1ritas Regional Minas Gerais e escolheu como lema episcopal \u201cMisericordia in veritate\u201d (Miseric\u00f3rdia na verdade).<\/p>\n\n\n\n<figure class=\"wp-block-image is-resized\"><img loading=\"lazy\" decoding=\"async\" src=\"http:\/\/n1to.com.br\/img\/uploads\/ssss_3.jpg\" alt=\"\" width=\"834\" height=\"604\"\/><\/figure>\n\n\n\n<figure class=\"wp-block-image is-resized\"><img loading=\"lazy\" decoding=\"async\" src=\"https:\/\/central.to.gov.br\/image\/315034?w=670&amp;h=383\" alt=\"\" width=\"837\" height=\"478\"\/><figcaption class=\"wp-element-caption\">Durante o ato solene, as chaves da cidade de Porto Nacional foram entregues ao Reverendo Dom Jos\u00e9 Moreira<\/figcaption><\/figure>\n\n\n\n<figure class=\"wp-block-image size-full\"><img loading=\"lazy\" decoding=\"async\" width=\"912\" height=\"419\" src=\"https:\/\/focotocantinense.com.br\/wp-content\/uploads\/2023\/01\/BBBB.jpg\" alt=\"\" class=\"wp-image-3666\" srcset=\"https:\/\/focotocantinense.com.br\/wp-content\/uploads\/2023\/01\/BBBB.jpg 912w, https:\/\/focotocantinense.com.br\/wp-content\/uploads\/2023\/01\/BBBB-300x138.jpg 300w, https:\/\/focotocantinense.com.br\/wp-content\/uploads\/2023\/01\/BBBB-768x353.jpg 768w\" sizes=\"auto, (max-width: 912px) 100vw, 912px\" \/><\/figure>\n\n\n\n<figure class=\"wp-block-image\"><img decoding=\"async\" src=\"http:\/\/n1to.com.br\/img\/uploads\/veloso_banner_89.jpeg\" alt=\"\"\/><\/figure>\n","protected":false},"excerpt":{"rendered":"<p>Dom Jos\u00e9 Moreira da Silva, quinto Bispo Diocesano de Porto Nacional \u2013 TO, foi recebido na tarde de ontem (16), na sua nova Diocese. A recep\u00e7\u00e3o teve in\u00edcio no Posto do Trevo (Sa\u00edda para Palmas), com uma grande carreata at\u00e9 a Pra\u00e7a do Centen\u00e1rio, onde aconteceu a recep\u00e7\u00e3o das autoridades civis: dentre elas o Vice-Governador &hellip;<\/p>\n","protected":false},"author":5,"featured_media":3661,"comment_status":"open","ping_status":"open","sticky":false,"template":"","format":"standard","meta":{"footnotes":""},"categories":[46],"tags":[],"class_list":["post-3660","post","type-post","status-publish","format-standard","has-post-thumbnail","","category-porto_nacional"],"_links":{"self":[{"href":"https:\/\/focotocantinense.com.br\/index.php?rest_route=\/wp\/v2\/posts\/3660","targetHints":{"allow":["GET"]}}],"collection":[{"href":"https:\/\/focotocantinense.com.br\/index.php?rest_route=\/wp\/v2\/posts"}],"about":[{"href":"https:\/\/focotocantinense.com.br\/index.php?rest_route=\/wp\/v2\/types\/post"}],"author":[{"embeddable":true,"href":"https:\/\/focotocantinense.com.br\/index.php?rest_route=\/wp\/v2\/users\/5"}],"replies":[{"embeddable":true,"href":"https:\/\/focotocantinense.com.br\/index.php?rest_route=%2Fwp%2Fv2%2Fcomments&post=3660"}],"version-history":[{"count":5,"href":"https:\/\/focotocantinense.com.br\/index.php?rest_route=\/wp\/v2\/posts\/3660\/revisions"}],"predecessor-version":[{"id":3667,"href":"https:\/\/focotocantinense.com.br\/index.php?rest_route=\/wp\/v2\/posts\/3660\/revisions\/3667"}],"wp:featuredmedia":[{"embeddable":true,"href":"https:\/\/focotocantinense.com.br\/index.php?rest_route=\/wp\/v2\/media\/3661"}],"wp:attachment":[{"href":"https:\/\/focotocantinense.com.br\/index.php?rest_route=%2Fwp%2Fv2%2Fmedia&parent=3660"}],"wp:term":[{"taxonomy":"category","embeddable":true,"href":"https:\/\/focotocantinense.com.br\/index.php?rest_route=%2Fwp%2Fv2%2Fcategories&post=3660"},{"taxonomy":"post_tag","embeddable":true,"href":"https:\/\/focotocantinense.com.br\/index.php?rest_route=%2Fwp%2Fv2%2Ftags&post=3660"}],"curies":[{"name":"wp","href":"https:\/\/api.w.org\/{rel}","templated":true}]}}