{"id":3657,"date":"2023-01-17T17:40:20","date_gmt":"2023-01-17T20:40:20","guid":{"rendered":"https:\/\/focotocantinense.com.br\/?p=3657"},"modified":"2023-01-17T17:40:21","modified_gmt":"2023-01-17T20:40:21","slug":"antonio-andrade-encerra-legislatura-estadual-e-destina-mais-de-cinco-milhoes-em-emendas-para-2023","status":"publish","type":"post","link":"https:\/\/focotocantinense.com.br\/?p=3657","title":{"rendered":"Antonio Andrade encerra legislatura estadual e destina mais de cinco milh\u00f5es em emendas para 2023"},"content":{"rendered":"\n<p><em>No dia primeiro de fevereiro, o atual deputado estadual e presidente da Assembleia Legislativa do Tocantins (Aleto), Antonio Andrade, assume seu mandato de deputado federal, ap\u00f3s encerrar suas fun\u00e7\u00f5es na Casa de Leis estadual.<\/em><\/p>\n\n\n\n<p><em>Antonio Andrade, ou Toinho como \u00e9 mais conhecido, deixa o mandato de Estadual, como ele mesmo costuma dizer: \u201ccom a sensa\u00e7\u00e3o de dever cumprido\u201d, afinal sua gest\u00e3o \u00e0 frente da presid\u00eancia da Aleto teve aprova\u00e7\u00e3o, sen\u00e3o de todos, da maioria dos funcion\u00e1rios da Casa e dos deputados.<\/em><\/p>\n\n\n\n<p>Mesmo nesta reta final o deputado destinou mais de R$ 5 milh\u00f5es em emendas que v\u00e3o ser pagas em 2023.<\/p>\n\n\n\n<p>O recurso ficou dividido pelas seguintes \u00e1reas: R$1,3 milh\u00f5es para sa\u00fade, R$ 800 milh\u00f5es para educa\u00e7\u00e3o, R$ 1,8 milh\u00f5es para cultura, R$ 400 mil para Infraestrutura, R$ 300 mil para seguran\u00e7a p\u00fablica e R$ 600 mil para esporte.<\/p>\n\n\n\n<p>Destaque para os R$ 755 mil para o Hospital de Amor de Palmas, cuja finaliza\u00e7\u00e3o da obra \u00e9 uma de suas bandeiras. R$ 300 mil para obras na Unidade B\u00e1sica de Sa\u00fade, de Lagoa da Confus\u00e3o, R$ 200 mil para aquisi\u00e7\u00e3o de equipamentos de inform\u00e1tica para o Col\u00e9gio Militar de Porto Nacional, R$ 300 mil para aquisi\u00e7\u00e3o de ve\u00edculos para a Patrulha Rural, tamb\u00e9m de Porto Nacional.<\/p>\n\n\n\n<p>Segundo Andrade, os recursos destinados s\u00e3o compromissos assumidos com as comunidades, munic\u00edpios e institui\u00e7\u00f5es.<\/p>\n\n\n\n<p>\u201cFaz parte da atua\u00e7\u00e3o do deputado estadual e federal a destina\u00e7\u00e3o de emendas, buscamos priorizar as demandas mais urgentes e que beneficiam o maior n\u00famero de pessoas. A partir de fevereiro, na C\u00e2mara Federal, vamos buscar ainda mais recursos para nosso Estado, um dos setores que precisamos fortalecer \u00e9 o da habita\u00e7\u00e3o\u201d, pontuou o Deputado.<\/p>\n\n\n\n<p>Toinho Andrade segue na Presid\u00eancia da Assembleia at\u00e9 o dia 31 de janeiro de 2023 e no dia seguinte, 1\u00ba de fevereiro, assume o mandato de deputado federal.<\/p>\n\n\n\n<figure class=\"wp-block-image size-full is-resized\"><img loading=\"lazy\" decoding=\"async\" src=\"https:\/\/focotocantinense.com.br\/wp-content\/uploads\/2023\/01\/AAAAAAAA-6.jpg\" alt=\"\" class=\"wp-image-3658\" width=\"837\" height=\"584\" srcset=\"https:\/\/focotocantinense.com.br\/wp-content\/uploads\/2023\/01\/AAAAAAAA-6.jpg 659w, https:\/\/focotocantinense.com.br\/wp-content\/uploads\/2023\/01\/AAAAAAAA-6-300x209.jpg 300w\" sizes=\"auto, (max-width: 837px) 100vw, 837px\" \/><\/figure>\n\n\n\n<figure class=\"wp-block-image\"><img decoding=\"async\" src=\"http:\/\/n1to.com.br\/img\/uploads\/veloso_banner_88.jpeg\" alt=\"\"\/><\/figure>\n","protected":false},"excerpt":{"rendered":"<p>No dia primeiro de fevereiro, o atual deputado estadual e presidente da Assembleia Legislativa do Tocantins (Aleto), Antonio Andrade, assume seu mandato de deputado federal, ap\u00f3s encerrar suas fun\u00e7\u00f5es na Casa de Leis estadual. Antonio Andrade, ou Toinho como \u00e9 mais conhecido, deixa o mandato de Estadual, como ele mesmo costuma dizer: \u201ccom a sensa\u00e7\u00e3o &hellip;<\/p>\n","protected":false},"author":5,"featured_media":3658,"comment_status":"open","ping_status":"open","sticky":false,"template":"","format":"standard","meta":{"footnotes":""},"categories":[40],"tags":[],"class_list":["post-3657","post","type-post","status-publish","format-standard","has-post-thumbnail","","category-politica"],"_links":{"self":[{"href":"https:\/\/focotocantinense.com.br\/index.php?rest_route=\/wp\/v2\/posts\/3657","targetHints":{"allow":["GET"]}}],"collection":[{"href":"https:\/\/focotocantinense.com.br\/index.php?rest_route=\/wp\/v2\/posts"}],"about":[{"href":"https:\/\/focotocantinense.com.br\/index.php?rest_route=\/wp\/v2\/types\/post"}],"author":[{"embeddable":true,"href":"https:\/\/focotocantinense.com.br\/index.php?rest_route=\/wp\/v2\/users\/5"}],"replies":[{"embeddable":true,"href":"https:\/\/focotocantinense.com.br\/index.php?rest_route=%2Fwp%2Fv2%2Fcomments&post=3657"}],"version-history":[{"count":1,"href":"https:\/\/focotocantinense.com.br\/index.php?rest_route=\/wp\/v2\/posts\/3657\/revisions"}],"predecessor-version":[{"id":3659,"href":"https:\/\/focotocantinense.com.br\/index.php?rest_route=\/wp\/v2\/posts\/3657\/revisions\/3659"}],"wp:featuredmedia":[{"embeddable":true,"href":"https:\/\/focotocantinense.com.br\/index.php?rest_route=\/wp\/v2\/media\/3658"}],"wp:attachment":[{"href":"https:\/\/focotocantinense.com.br\/index.php?rest_route=%2Fwp%2Fv2%2Fmedia&parent=3657"}],"wp:term":[{"taxonomy":"category","embeddable":true,"href":"https:\/\/focotocantinense.com.br\/index.php?rest_route=%2Fwp%2Fv2%2Fcategories&post=3657"},{"taxonomy":"post_tag","embeddable":true,"href":"https:\/\/focotocantinense.com.br\/index.php?rest_route=%2Fwp%2Fv2%2Ftags&post=3657"}],"curies":[{"name":"wp","href":"https:\/\/api.w.org\/{rel}","templated":true}]}}