{"id":3649,"date":"2023-01-17T12:06:07","date_gmt":"2023-01-17T15:06:07","guid":{"rendered":"https:\/\/focotocantinense.com.br\/?p=3649"},"modified":"2023-01-17T12:09:43","modified_gmt":"2023-01-17T15:09:43","slug":"prefeitura-divulga-atracoes-nacionais-do-carnaval-de-gurupi-2023","status":"publish","type":"post","link":"https:\/\/focotocantinense.com.br\/?p=3649","title":{"rendered":"Prefeitura divulga atra\u00e7\u00f5es nacionais do Carnaval de Gurupi 2023"},"content":{"rendered":"\n<figure class=\"wp-block-image size-full\"><img loading=\"lazy\" decoding=\"async\" width=\"350\" height=\"412\" src=\"https:\/\/focotocantinense.com.br\/wp-content\/uploads\/2023\/01\/333.jpg\" alt=\"\" class=\"wp-image-3650\" srcset=\"https:\/\/focotocantinense.com.br\/wp-content\/uploads\/2023\/01\/333.jpg 350w, https:\/\/focotocantinense.com.br\/wp-content\/uploads\/2023\/01\/333-255x300.jpg 255w\" sizes=\"auto, (max-width: 350px) 100vw, 350px\" \/><figcaption class=\"wp-element-caption\">Em Gurupi a Festa de Momo j\u00e1 come\u00e7ou! Na noite desta segunda-feira, 16, foi dado o pontap\u00e9 inicial para o melhor Carnaval do Norte do Brasil. A Prefeitura lan\u00e7ou a programa\u00e7\u00e3o oficial e divulgou as atra\u00e7\u00f5es nacionais. Neto LX, Bar\u00f5es da Pisadinha, Jo\u00e3o Bosco e Vin\u00edcius, Babado Novo e Humberto e Ronaldo prometem animar os foli\u00f5es na Capital da Amizade entre os dias 17 e 21 de fevereiro.<br>\u201cN\u00f3s estamos preparando o Carnaval com muito carinho, com bandas famos\u00edssimas, que os foli\u00f5es de Gurupi, do Tocantins e do Brasil v\u00e3o amar. Eu quero refor\u00e7ar e convidar a todos para que venham se divertir aqui em nossa cidade, porque Gurupi \u00e9 a Capital do Carnaval do Estado do Tocantins\u201d, falou animada a prefeita Josi Nunes.<br><br>A secret\u00e1ria Municipal de Cultura e Turismo, Amanda Costa, afirmou que a Prefeitura de Gurupi est\u00e1 investindo cerca de R$ 3 milh\u00f5es no Carnaval deste ano. Ela frisou ainda que a estrutura da Folia ser\u00e1 montada na Avenida Par\u00e1, pr\u00f3ximo ao centro administrativo da UnirG. \u201cN\u00f3s ouvimos a Acig e CDL, que s\u00e3o institui\u00e7\u00f5es de empres\u00e1rios e ent\u00e3o achamos por bem manter a estrutura na Avenida Par\u00e1. A inten\u00e7\u00e3o n\u00e3o \u00e9 causar problemas e sim trazer pessoas e fomentar o turismo e o com\u00e9rcio da cidade de Gurupi\u201d.<br>O lan\u00e7amento reuniu autoridades locais, vereadores, empres\u00e1rios, m\u00fasicos, representantes de blocos e teve muita batucada com a participa\u00e7\u00e3o da Rainha do Carnaval 2020, Claudenira Almeida.<br><br><strong>Desenvolvimento Econ\u00f4mico<\/strong><br>\u201cEsse Carnaval ser\u00e1 incr\u00edvel, empolgante e maravilhoso como sempre foi e vai continuar sendo. Carnaval \u00e9 alegria e por isso estamos fazendo este investimento na Folia de Gurupi, porque \u00e9 uma tradi\u00e7\u00e3o, \u00e9 algo importante para a nossa cidade. E Carnaval n\u00e3o significa s\u00f3 alegria. Carnaval significa tamb\u00e9m gera\u00e7\u00e3o de emprego e renda, neg\u00f3cios e circula\u00e7\u00e3o de riquezas\u201d, destacou a prefeita Josi Nunes.<br>O presidente da Associa\u00e7\u00e3o Comercial e Industrial de Gurupi (Acig), Wilson Souza F\u00e9lix, refor\u00e7ou que a Festa de Momo gera grande impacto na economia e na movimenta\u00e7\u00e3o financeira da cidade. \u201c\u00c9 uma festa maravilhosa, da qual se otimiza muito o com\u00e9rcio de Gurupi\u201d.<br><br><strong>Seguran\u00e7a<\/strong><br>O comandante do 4\u00ba Batalh\u00e3o da Pol\u00edcia Militar, Tenente-Coronel Wesley Costa, tamb\u00e9m prestigiou o lan\u00e7amento do Carnaval 2023 e afirmou que o policiamento na cidade ser\u00e1 refor\u00e7ado durante a Folia. \u201cAtrav\u00e9s do Projeto Olho Vivo faremos o v\u00eddeo monitoramento ao vivo do Batalh\u00e3o e teremos o refor\u00e7o dos soldados, que se formam agora no dia 19. Ent\u00e3o, o que depender da Pol\u00edcia Militar, o cidad\u00e3o pode curtir e aproveitar o Carnaval, que estaremos l\u00e1 para garantir a tranquilidade\u201d, frisou o Tenente-Coronel Wesley Costa.<br><br><strong>Contrata\u00e7\u00e3o de M\u00fasicos Locais<\/strong><br><br>Segundo a secret\u00e1ria municipal de Cultura e Turismo, Amanda Costa, a contrata\u00e7\u00e3o dos m\u00fasicos locais e regionais que se apresentar\u00e3o durante a Folia ser\u00e1 feita por meio de chamamento p\u00fablico, que foi publicado no Di\u00e1rio Oficial desta segunda-feira (<a href=\"http:\/\/diariooficial.gurupi.to.gov.br\/arquivos\/edicao_normal\/DOMG-16012023-EN-673.pdf\">clique aqui<\/a>). Os regulamentos da disputa para a escolha da Rainha e Rei Momo do Carnaval 2023 e do tradicional desfile dos blocos carnavalescos devem ser publicados ainda nesta semana.<\/figcaption><\/figure>\n\n\n\n<figure class=\"wp-block-image size-full\"><img loading=\"lazy\" decoding=\"async\" width=\"769\" height=\"492\" src=\"https:\/\/focotocantinense.com.br\/wp-content\/uploads\/2023\/01\/222.jpg\" alt=\"\" class=\"wp-image-3655\" srcset=\"https:\/\/focotocantinense.com.br\/wp-content\/uploads\/2023\/01\/222.jpg 769w, https:\/\/focotocantinense.com.br\/wp-content\/uploads\/2023\/01\/222-300x192.jpg 300w\" sizes=\"auto, (max-width: 769px) 100vw, 769px\" \/><\/figure>\n","protected":false},"excerpt":{"rendered":"<p>Em Gurupi a Festa de Momo j\u00e1 come\u00e7ou! Na noite desta segunda-feira, 16, foi dado o pontap\u00e9 inicial para o melhor Carnaval do Norte do Brasil. A Prefeitura lan\u00e7ou a programa\u00e7\u00e3o oficial e divulgou as atra\u00e7\u00f5es nacionais. Neto LX, Bar\u00f5es da Pisadinha, Jo\u00e3o Bosco e Vin\u00edcius, Babado Novo e Humberto e Ronaldo prometem animar os &hellip;<\/p>\n","protected":false},"author":5,"featured_media":3650,"comment_status":"open","ping_status":"open","sticky":false,"template":"","format":"standard","meta":{"footnotes":""},"categories":[38,1],"tags":[],"class_list":["post-3649","post","type-post","status-publish","format-standard","has-post-thumbnail","","category-gurupi","category-sem-categoria"],"_links":{"self":[{"href":"https:\/\/focotocantinense.com.br\/index.php?rest_route=\/wp\/v2\/posts\/3649","targetHints":{"allow":["GET"]}}],"collection":[{"href":"https:\/\/focotocantinense.com.br\/index.php?rest_route=\/wp\/v2\/posts"}],"about":[{"href":"https:\/\/focotocantinense.com.br\/index.php?rest_route=\/wp\/v2\/types\/post"}],"author":[{"embeddable":true,"href":"https:\/\/focotocantinense.com.br\/index.php?rest_route=\/wp\/v2\/users\/5"}],"replies":[{"embeddable":true,"href":"https:\/\/focotocantinense.com.br\/index.php?rest_route=%2Fwp%2Fv2%2Fcomments&post=3649"}],"version-history":[{"count":2,"href":"https:\/\/focotocantinense.com.br\/index.php?rest_route=\/wp\/v2\/posts\/3649\/revisions"}],"predecessor-version":[{"id":3656,"href":"https:\/\/focotocantinense.com.br\/index.php?rest_route=\/wp\/v2\/posts\/3649\/revisions\/3656"}],"wp:featuredmedia":[{"embeddable":true,"href":"https:\/\/focotocantinense.com.br\/index.php?rest_route=\/wp\/v2\/media\/3650"}],"wp:attachment":[{"href":"https:\/\/focotocantinense.com.br\/index.php?rest_route=%2Fwp%2Fv2%2Fmedia&parent=3649"}],"wp:term":[{"taxonomy":"category","embeddable":true,"href":"https:\/\/focotocantinense.com.br\/index.php?rest_route=%2Fwp%2Fv2%2Fcategories&post=3649"},{"taxonomy":"post_tag","embeddable":true,"href":"https:\/\/focotocantinense.com.br\/index.php?rest_route=%2Fwp%2Fv2%2Ftags&post=3649"}],"curies":[{"name":"wp","href":"https:\/\/api.w.org\/{rel}","templated":true}]}}