{"id":3641,"date":"2023-01-17T10:47:41","date_gmt":"2023-01-17T13:47:41","guid":{"rendered":"https:\/\/focotocantinense.com.br\/?p=3641"},"modified":"2023-01-17T11:04:50","modified_gmt":"2023-01-17T14:04:50","slug":"a-literatura-do-planalto-central-perda-a-escritora-nara-do-nascimento-e-silva","status":"publish","type":"post","link":"https:\/\/focotocantinense.com.br\/?p=3641","title":{"rendered":"A literatura do planalto central perde a escritora Nara do Nascimento e Silva"},"content":{"rendered":"\n<p><strong><em>Por Zacarias  Martins<\/em><\/strong><\/p>\n\n\n\n<p>O&nbsp;&nbsp;poeta Gustavo Dourado, presidente da Academia Taguatinguense de Letras (ATL),&nbsp;&nbsp;no Distrito Federal, entrou em contato comigo para comunicar o falecimento da acad\u00eamica, escritora e professora em&nbsp;&nbsp;Bras\u00edlia, Nara do Nascimento e Silva, ocorrido na madrugada desta ter\u00e7a-feira, dia 17, em Taguatinga, no DF, onde ela residia.<\/p>\n\n\n\n<p><strong>Pioneira do DF<\/strong><\/p>\n\n\n\n<p>Natural da Cidade de Goi\u00e1s (GO), Nara do Nascimento e Silva, era professora de L\u00edngua e Literatura Portuguesa em Goi\u00e1s e no Distrito Federal. Formada em Pedagogia pela UnB.&nbsp;&nbsp;Cursou Direito na Universidade Federal de Goi\u00e1s. Pioneira da Literatura de Bras\u00edlia, era, tamb\u00e9m, fundadora da Academia Taguatinguense de Letras. Ela era prima da escritora Cora Coralina.<\/p>\n\n\n\n<p>Integrou, ainda,&nbsp;&nbsp;a Academia dos Trovadores do DF e o Sindicato dos Escritores. Era membro da Casa do Poeta de S\u00e3o Paulo e de outras entidades culturais brasileiras. Publicou entre outros livros: Sineiros de Goi\u00e1s (1989), Estrelas no p\u00f3 (1990), Sublima\u00e7\u00e3o (2005), Flores da cerejeira (2006), Imp\u00e9rio do tempo (2010). Seu nome \u00e9 verbete em v\u00e1rios dicion\u00e1rios de escritores.<\/p>\n\n\n\n<p>Foi titular da Cadeira 03 da Academia Taguatinguense de Letras, cujo patrono \u00e9 Goi\u00e1s do Couto.<\/p>\n\n\n\n<figure class=\"wp-block-image size-full is-resized\"><img loading=\"lazy\" decoding=\"async\" src=\"https:\/\/focotocantinense.com.br\/wp-content\/uploads\/2023\/01\/bbb.jpg\" alt=\"\" class=\"wp-image-3642\" width=\"837\" height=\"656\" srcset=\"https:\/\/focotocantinense.com.br\/wp-content\/uploads\/2023\/01\/bbb.jpg 329w, https:\/\/focotocantinense.com.br\/wp-content\/uploads\/2023\/01\/bbb-300x235.jpg 300w\" sizes=\"auto, (max-width: 837px) 100vw, 837px\" \/><\/figure>\n\n\n\n<figure class=\"wp-block-image size-large\"><img loading=\"lazy\" decoding=\"async\" width=\"1024\" height=\"296\" src=\"https:\/\/focotocantinense.com.br\/wp-content\/uploads\/2023\/01\/veloso_banner-1-1024x296.jpeg\" alt=\"\" class=\"wp-image-3639\" srcset=\"https:\/\/focotocantinense.com.br\/wp-content\/uploads\/2023\/01\/veloso_banner-1-1024x296.jpeg 1024w, https:\/\/focotocantinense.com.br\/wp-content\/uploads\/2023\/01\/veloso_banner-1-300x87.jpeg 300w, https:\/\/focotocantinense.com.br\/wp-content\/uploads\/2023\/01\/veloso_banner-1-768x222.jpeg 768w, https:\/\/focotocantinense.com.br\/wp-content\/uploads\/2023\/01\/veloso_banner-1.jpeg 1156w\" sizes=\"auto, (max-width: 1024px) 100vw, 1024px\" \/><\/figure>\n","protected":false},"excerpt":{"rendered":"<p>Por Zacarias Martins O&nbsp;&nbsp;poeta Gustavo Dourado, presidente da Academia Taguatinguense de Letras (ATL),&nbsp;&nbsp;no Distrito Federal, entrou em contato comigo para comunicar o falecimento da acad\u00eamica, escritora e professora em&nbsp;&nbsp;Bras\u00edlia, Nara do Nascimento e Silva, ocorrido na madrugada desta ter\u00e7a-feira, dia 17, em Taguatinga, no DF, onde ela residia. Pioneira do DF Natural da Cidade de &hellip;<\/p>\n","protected":false},"author":5,"featured_media":3642,"comment_status":"open","ping_status":"open","sticky":false,"template":"","format":"standard","meta":{"footnotes":""},"categories":[104],"tags":[],"class_list":["post-3641","post","type-post","status-publish","format-standard","has-post-thumbnail","","category-cultura"],"_links":{"self":[{"href":"https:\/\/focotocantinense.com.br\/index.php?rest_route=\/wp\/v2\/posts\/3641","targetHints":{"allow":["GET"]}}],"collection":[{"href":"https:\/\/focotocantinense.com.br\/index.php?rest_route=\/wp\/v2\/posts"}],"about":[{"href":"https:\/\/focotocantinense.com.br\/index.php?rest_route=\/wp\/v2\/types\/post"}],"author":[{"embeddable":true,"href":"https:\/\/focotocantinense.com.br\/index.php?rest_route=\/wp\/v2\/users\/5"}],"replies":[{"embeddable":true,"href":"https:\/\/focotocantinense.com.br\/index.php?rest_route=%2Fwp%2Fv2%2Fcomments&post=3641"}],"version-history":[{"count":4,"href":"https:\/\/focotocantinense.com.br\/index.php?rest_route=\/wp\/v2\/posts\/3641\/revisions"}],"predecessor-version":[{"id":3648,"href":"https:\/\/focotocantinense.com.br\/index.php?rest_route=\/wp\/v2\/posts\/3641\/revisions\/3648"}],"wp:featuredmedia":[{"embeddable":true,"href":"https:\/\/focotocantinense.com.br\/index.php?rest_route=\/wp\/v2\/media\/3642"}],"wp:attachment":[{"href":"https:\/\/focotocantinense.com.br\/index.php?rest_route=%2Fwp%2Fv2%2Fmedia&parent=3641"}],"wp:term":[{"taxonomy":"category","embeddable":true,"href":"https:\/\/focotocantinense.com.br\/index.php?rest_route=%2Fwp%2Fv2%2Fcategories&post=3641"},{"taxonomy":"post_tag","embeddable":true,"href":"https:\/\/focotocantinense.com.br\/index.php?rest_route=%2Fwp%2Fv2%2Ftags&post=3641"}],"curies":[{"name":"wp","href":"https:\/\/api.w.org\/{rel}","templated":true}]}}