{"id":3635,"date":"2023-01-14T20:18:46","date_gmt":"2023-01-14T23:18:46","guid":{"rendered":"https:\/\/focotocantinense.com.br\/?p=3635"},"modified":"2023-01-14T20:19:51","modified_gmt":"2023-01-14T23:19:51","slug":"plano-estadual-de-cultura-e-sancionado-pelo-governador-wanderlei-barbosa","status":"publish","type":"post","link":"https:\/\/focotocantinense.com.br\/?p=3635","title":{"rendered":"Plano Estadual de Cultura \u00e9 sancionado pelo Governador Wanderlei Barbosa"},"content":{"rendered":"\n<p>O Di\u00e1rio Oficial do Estado publicou na edi\u00e7\u00e3o desta sexta, 13 de janeiro, a Lei N\u00ba 4.130, que institui o Plano Estadual de Cultura do Tocantins (PEC\/TO). Sua vig\u00eancia prevista \u00e9 de dez anos, devendo ser avaliado e reestruturado, considerando os contextos regionais, a cada renova\u00e7\u00e3o. A primeira est\u00e1 prevista para daqui a quatro anos.&nbsp;<\/p>\n\n\n\n<p>O Projeto de Lei foi protocolado no dia 14 de dezembro, pelo secret\u00e1rio de Cultura e Turismo Hercy Filho, que comemora a celeridade de todo o processo. \u201cCom a PEC, o governador Wanderlei Barbosa d\u00e1 um grande passo em favor da cultura tocantinense e seus representantes\u201d, comemora o gestor da Sectur.<\/p>\n\n\n\n<p><strong>O que diz a Lei<\/strong><\/p>\n\n\n\n<p>A gest\u00e3o do Plano \u00e9 compet\u00eancia da Secretaria da Cultura e Turismo (Sectur), \u00f3rg\u00e3o gestor do setor do Executivo Estadual. O principal mecanismo de fomento \u00e9 o Fundo Estadual de Cultura e todas as pol\u00edticas voltadas ao setor ser\u00e3o acompanhadas pelo Conselho de Pol\u00edticas Culturais do Tocantins (CPC\/TO), que conta com representa\u00e7\u00e3o do Poder P\u00fablico e da sociedade, por meio de suas c\u00e2maras t\u00e9cnicas.<\/p>\n\n\n\n<p>O Plano \u00e9 direcionado por oito eixos de a\u00e7\u00e3o, a come\u00e7ar da implanta\u00e7\u00e3o do Sistema de Cultura do Tocantins, que ser\u00e1 o principal articulador federativo do PEC\/TO e integrar\u00e1 todos os munic\u00edpios. A amplia\u00e7\u00e3o e qualifica\u00e7\u00e3o dos espa\u00e7os p\u00fablicos \u00e9 outra meta para os pr\u00f3ximos dez anos e inclui mapeamento e inventaria\u00e7\u00e3o para identificar os equipamentos culturais, express\u00f5es e linguagens da cultura e da arte de cada localidade. O n\u00famero de editais ser\u00e1 ampliado visando o suporte financeiro \u00e0 produ\u00e7\u00e3o cultural tocantinense e sua difus\u00e3o.<\/p>\n\n\n\n<p>Os pr\u00f3ximos anos tamb\u00e9m ser\u00e3o dedicados \u00e0 profissionaliza\u00e7\u00e3o do setor; \u00e0 amplia\u00e7\u00e3o da participa\u00e7\u00e3o social, por meio da realiza\u00e7\u00e3o de f\u00f3runs e outros mecanismos; ao reconhecimento da diversidade cultural, por meio de uma pol\u00edtica estadual para salvaguarda do patrim\u00f4nio hist\u00f3rico, art\u00edstico e cultural; ao est\u00edmulo do desenvolvimento sustent\u00e1vel; ao aperfei\u00e7oamento dos mecanismos de fomento.<\/p>\n\n\n\n<p>O Plano tamb\u00e9m prev\u00ea a realiza\u00e7\u00e3o da Confer\u00eancia Estadual de Cultura, al\u00e9m de confer\u00eancias setoriais e municipais, com a finalidade de se debaterem estrat\u00e9gias e a\u00e7\u00f5es de coopera\u00e7\u00e3o entre os agentes p\u00fablicos e a sociedade civil para a implementa\u00e7\u00e3o do PEC\/TO.&nbsp;<em><strong>(Seleucia Fontes)<\/strong><\/em><\/p>\n\n\n\n<figure class=\"wp-block-image size-full\"><img loading=\"lazy\" decoding=\"async\" width=\"953\" height=\"460\" src=\"https:\/\/focotocantinense.com.br\/wp-content\/uploads\/2023\/01\/AAAAAAAA-4.jpg\" alt=\"\" class=\"wp-image-3637\" srcset=\"https:\/\/focotocantinense.com.br\/wp-content\/uploads\/2023\/01\/AAAAAAAA-4.jpg 953w, https:\/\/focotocantinense.com.br\/wp-content\/uploads\/2023\/01\/AAAAAAAA-4-300x145.jpg 300w, https:\/\/focotocantinense.com.br\/wp-content\/uploads\/2023\/01\/AAAAAAAA-4-768x371.jpg 768w\" sizes=\"auto, (max-width: 953px) 100vw, 953px\" \/><\/figure>\n\n\n\n<figure class=\"wp-block-image size-large\"><img loading=\"lazy\" decoding=\"async\" width=\"1024\" height=\"296\" src=\"https:\/\/focotocantinense.com.br\/wp-content\/uploads\/2023\/01\/veloso_banner-1-1024x296.jpeg\" alt=\"\" class=\"wp-image-3639\" srcset=\"https:\/\/focotocantinense.com.br\/wp-content\/uploads\/2023\/01\/veloso_banner-1-1024x296.jpeg 1024w, https:\/\/focotocantinense.com.br\/wp-content\/uploads\/2023\/01\/veloso_banner-1-300x87.jpeg 300w, https:\/\/focotocantinense.com.br\/wp-content\/uploads\/2023\/01\/veloso_banner-1-768x222.jpeg 768w, https:\/\/focotocantinense.com.br\/wp-content\/uploads\/2023\/01\/veloso_banner-1.jpeg 1156w\" sizes=\"auto, (max-width: 1024px) 100vw, 1024px\" \/><\/figure>\n","protected":false},"excerpt":{"rendered":"<p>O Di\u00e1rio Oficial do Estado publicou na edi\u00e7\u00e3o desta sexta, 13 de janeiro, a Lei N\u00ba 4.130, que institui o Plano Estadual de Cultura do Tocantins (PEC\/TO). Sua vig\u00eancia prevista \u00e9 de dez anos, devendo ser avaliado e reestruturado, considerando os contextos regionais, a cada renova\u00e7\u00e3o. A primeira est\u00e1 prevista para daqui a quatro anos.&nbsp; &hellip;<\/p>\n","protected":false},"author":5,"featured_media":3636,"comment_status":"open","ping_status":"open","sticky":false,"template":"","format":"standard","meta":{"footnotes":""},"categories":[104],"tags":[],"class_list":["post-3635","post","type-post","status-publish","format-standard","has-post-thumbnail","","category-cultura"],"_links":{"self":[{"href":"https:\/\/focotocantinense.com.br\/index.php?rest_route=\/wp\/v2\/posts\/3635","targetHints":{"allow":["GET"]}}],"collection":[{"href":"https:\/\/focotocantinense.com.br\/index.php?rest_route=\/wp\/v2\/posts"}],"about":[{"href":"https:\/\/focotocantinense.com.br\/index.php?rest_route=\/wp\/v2\/types\/post"}],"author":[{"embeddable":true,"href":"https:\/\/focotocantinense.com.br\/index.php?rest_route=\/wp\/v2\/users\/5"}],"replies":[{"embeddable":true,"href":"https:\/\/focotocantinense.com.br\/index.php?rest_route=%2Fwp%2Fv2%2Fcomments&post=3635"}],"version-history":[{"count":2,"href":"https:\/\/focotocantinense.com.br\/index.php?rest_route=\/wp\/v2\/posts\/3635\/revisions"}],"predecessor-version":[{"id":3640,"href":"https:\/\/focotocantinense.com.br\/index.php?rest_route=\/wp\/v2\/posts\/3635\/revisions\/3640"}],"wp:featuredmedia":[{"embeddable":true,"href":"https:\/\/focotocantinense.com.br\/index.php?rest_route=\/wp\/v2\/media\/3636"}],"wp:attachment":[{"href":"https:\/\/focotocantinense.com.br\/index.php?rest_route=%2Fwp%2Fv2%2Fmedia&parent=3635"}],"wp:term":[{"taxonomy":"category","embeddable":true,"href":"https:\/\/focotocantinense.com.br\/index.php?rest_route=%2Fwp%2Fv2%2Fcategories&post=3635"},{"taxonomy":"post_tag","embeddable":true,"href":"https:\/\/focotocantinense.com.br\/index.php?rest_route=%2Fwp%2Fv2%2Ftags&post=3635"}],"curies":[{"name":"wp","href":"https:\/\/api.w.org\/{rel}","templated":true}]}}