{"id":3630,"date":"2023-01-13T20:21:54","date_gmt":"2023-01-13T23:21:54","guid":{"rendered":"https:\/\/focotocantinense.com.br\/?p=3630"},"modified":"2023-01-13T20:22:43","modified_gmt":"2023-01-13T23:22:43","slug":"toni-ferreira-se-prepara-para-lancar-a-quarta-edicao-do-seu-livro-meu-semblante","status":"publish","type":"post","link":"https:\/\/focotocantinense.com.br\/?p=3630","title":{"rendered":"Toni Ferreira se prepara para lan\u00e7ar a quarta edi\u00e7\u00e3o do seu livro \u201cMeu semblante\u201d"},"content":{"rendered":"\n<p><strong>Por Zacarias Martins<\/strong><\/p>\n\n\n\n<p>A Editora Veloso traz \u00e0 lume mais uma obra do escritor e poeta Toni Ferreira, presidente da Academia de Letras de Para\u00edso do Tocantins. Trata-se de&nbsp;&nbsp;<em><strong>Meu Semblante<\/strong><\/em>,&nbsp;com&nbsp; uma sele\u00e7\u00e3o especial de poemas e&nbsp; que chega&nbsp; na sua quarta edi\u00e7\u00e3o para atender a solicita\u00e7\u00e3o dos leitores.<\/p>\n\n\n\n<p><strong>Trajet\u00f3ria<\/strong><\/p>\n\n\n\n<p>Ainda em tenra idade, em Para\u00edso do Tocantins, l\u00e1 pelas bandas da Serra do Estrondo,&nbsp; Toni Ferreira&nbsp; j\u00e1 ousava&nbsp; rabiscar seus primeiros versos no ch\u00e3o batido de poeira vermelha, a caminho da Escola Deusa Moraes.<\/p>\n\n\n\n<p>Essa obra de Toni Ferreira &nbsp;traz em seu bojo uma sele\u00e7\u00e3o de &nbsp;poesias j\u00e1 consagradas pelos 139 munic\u00edpios tocantinenses, tendo &nbsp;sido ainda publicadas em v\u00e1rios jornais, revistas liter\u00e1rias, antologias Internacionais e &nbsp;ainda fragmentadas por muitos alunos das escolas p\u00fablicas onde os professores utilizam os textos de Toni Ferreira&nbsp; como ferramenta pedag\u00f3gica&nbsp; de incentivo \u00e0 leitura e a produ\u00e7\u00e3o textual.<\/p>\n\n\n\n<p><em><strong>Meu Semblante<\/strong><\/em>\u00a0\u00e9 uma declara\u00e7\u00e3o de amor ao ser que me completa em todos os pormenores. \u00c9 uma avalanche de sentimentos puros, entornados nas entrelinhas cativantes, a qual, nos anima, fortalecendo a autoestima do poeta. \u00a0S\u00e3o\u00a0 versos simples\u00a0 \u00a0que nortearam a minha exist\u00eancia ao lado daquelas pessoas que as amo verdadeiramente\u201d, finalizou o autor.<\/p>\n\n\n\n<figure class=\"wp-block-image size-full is-resized\"><img loading=\"lazy\" decoding=\"async\" src=\"https:\/\/focotocantinense.com.br\/wp-content\/uploads\/2023\/01\/qqqqq.jpg\" alt=\"\" class=\"wp-image-3632\" width=\"393\" height=\"187\" srcset=\"https:\/\/focotocantinense.com.br\/wp-content\/uploads\/2023\/01\/qqqqq.jpg 906w, https:\/\/focotocantinense.com.br\/wp-content\/uploads\/2023\/01\/qqqqq-300x143.jpg 300w, https:\/\/focotocantinense.com.br\/wp-content\/uploads\/2023\/01\/qqqqq-768x366.jpg 768w\" sizes=\"auto, (max-width: 393px) 100vw, 393px\" \/><\/figure>\n\n\n\n<figure class=\"wp-block-image\"><img decoding=\"async\" src=\"http:\/\/n1to.com.br\/img\/uploads\/veloso_banner_84.jpeg\" alt=\"\"\/><\/figure>\n","protected":false},"excerpt":{"rendered":"<p>Por Zacarias Martins A Editora Veloso traz \u00e0 lume mais uma obra do escritor e poeta Toni Ferreira, presidente da Academia de Letras de Para\u00edso do Tocantins. Trata-se de&nbsp;&nbsp;Meu Semblante,&nbsp;com&nbsp; uma sele\u00e7\u00e3o especial de poemas e&nbsp; que chega&nbsp; na sua quarta edi\u00e7\u00e3o para atender a solicita\u00e7\u00e3o dos leitores. Trajet\u00f3ria Ainda em tenra idade, em Para\u00edso &hellip;<\/p>\n","protected":false},"author":5,"featured_media":3632,"comment_status":"open","ping_status":"open","sticky":false,"template":"","format":"standard","meta":{"footnotes":""},"categories":[47],"tags":[],"class_list":["post-3630","post","type-post","status-publish","format-standard","has-post-thumbnail","","category-paraiso"],"_links":{"self":[{"href":"https:\/\/focotocantinense.com.br\/index.php?rest_route=\/wp\/v2\/posts\/3630","targetHints":{"allow":["GET"]}}],"collection":[{"href":"https:\/\/focotocantinense.com.br\/index.php?rest_route=\/wp\/v2\/posts"}],"about":[{"href":"https:\/\/focotocantinense.com.br\/index.php?rest_route=\/wp\/v2\/types\/post"}],"author":[{"embeddable":true,"href":"https:\/\/focotocantinense.com.br\/index.php?rest_route=\/wp\/v2\/users\/5"}],"replies":[{"embeddable":true,"href":"https:\/\/focotocantinense.com.br\/index.php?rest_route=%2Fwp%2Fv2%2Fcomments&post=3630"}],"version-history":[{"count":2,"href":"https:\/\/focotocantinense.com.br\/index.php?rest_route=\/wp\/v2\/posts\/3630\/revisions"}],"predecessor-version":[{"id":3634,"href":"https:\/\/focotocantinense.com.br\/index.php?rest_route=\/wp\/v2\/posts\/3630\/revisions\/3634"}],"wp:featuredmedia":[{"embeddable":true,"href":"https:\/\/focotocantinense.com.br\/index.php?rest_route=\/wp\/v2\/media\/3632"}],"wp:attachment":[{"href":"https:\/\/focotocantinense.com.br\/index.php?rest_route=%2Fwp%2Fv2%2Fmedia&parent=3630"}],"wp:term":[{"taxonomy":"category","embeddable":true,"href":"https:\/\/focotocantinense.com.br\/index.php?rest_route=%2Fwp%2Fv2%2Fcategories&post=3630"},{"taxonomy":"post_tag","embeddable":true,"href":"https:\/\/focotocantinense.com.br\/index.php?rest_route=%2Fwp%2Fv2%2Ftags&post=3630"}],"curies":[{"name":"wp","href":"https:\/\/api.w.org\/{rel}","templated":true}]}}