{"id":3626,"date":"2023-01-13T18:44:53","date_gmt":"2023-01-13T21:44:53","guid":{"rendered":"https:\/\/focotocantinense.com.br\/?p=3626"},"modified":"2023-01-13T18:45:27","modified_gmt":"2023-01-13T21:45:27","slug":"diretoria-do-hospital-dom-orione-participa-de-reuniao-com-ministra-da-saude","status":"publish","type":"post","link":"https:\/\/focotocantinense.com.br\/?p=3626","title":{"rendered":"Diretoria do Hospital Dom Orione participa de reuni\u00e3o com ministra da Sa\u00fade"},"content":{"rendered":"\n<p><em><strong>Por Rodrigo Martins&nbsp;<\/strong><\/em><\/p>\n\n\n\n<p>Na tarde de quarta-feira (11\/01), o diretor presidente do Hospital Dom Orione, Padre Bruno Rodrigues, o superintendente executivo, Osvair Cunha, juntamente com uma comitiva da CMB (Confedera\u00e7\u00e3o das Santas Casas e Hospitais Filantr\u00f3picos), participou de uma audi\u00eancia com a ministra da Sa\u00fade, N\u00edsia Trindade. A reuni\u00e3o \u00e9 uma iniciativa da CMB para discutir assuntos emergentes sobre a situa\u00e7\u00e3o dos hospitais filantr\u00f3picos,&nbsp;respons\u00e1veis por mais de 50% dos atendimentos de m\u00e9dia complexidade do SUS e mais de 70% de alta complexidade em todo o pa\u00eds.<\/p>\n\n\n\n<p>Dentre os assuntos discutidos, esteve a Lei Complementar n\u00ba 197\/2022, que destina recursos de at\u00e9 R$ 2 bilh\u00f5es \u00e0s entidades privadas sem fins lucrativos que prestam servi\u00e7os complementares ao SUS. De acordo com a Ministra da Sa\u00fade, a portaria que trata do recurso ser\u00e1 acordada em reuni\u00e3o da Comiss\u00e3o Tripartite Nacional, no dia 26 deste m\u00eas.<\/p>\n\n\n\n<p>Al\u00e9m disso, ficou acordado que o setor, por meio da CMB, participar\u00e1 de um Grupo de Trabalho, criado pelo Minist\u00e9rio da Sa\u00fade, em busca das solu\u00e7\u00f5es para os problemas enfrentados pela rede filantr\u00f3pica e do incremento de pol\u00edticas a serem priorizadas no atual governo.<\/p>\n\n\n\n<p>Padre Bruno, que tamb\u00e9m \u00e9 presidente da Federa\u00e7\u00e3o das Santas Casas e Hospitais Filantr\u00f3picos do Estado do Tocantins, avaliou a audi\u00eancia como positiva. \u201cPercebemos o reconhecimento, por parte da ministra, do importante trabalho realizado pelo setor filantr\u00f3pico na presta\u00e7\u00e3o de servi\u00e7os de sa\u00fade em todo o pa\u00eds. Contamos com o apoio do Minist\u00e9rio da Sa\u00fade para que as institui\u00e7\u00f5es filantr\u00f3picas possam continuar avan\u00e7ando nos atendimentos ofertados \u00e0 popula\u00e7\u00e3o\u201d, destacou o presidente.<\/p>\n\n\n\n<p><strong>Filantropia<\/strong><\/p>\n\n\n\n<p>O Hospital Dom Orione \u00e9 uma institui\u00e7\u00e3o filantr\u00f3pica credenciada no Sistema \u00danico de Sa\u00fade (SUS) como entidade beneficente de assist\u00eancia social com a finalidade de presta\u00e7\u00e3o de servi\u00e7os na \u00e1rea da sa\u00fade. Mais de 60% dos atendimentos s\u00e3o destinados a usu\u00e1rios do SUS. Dentre as especialidades atendidas pelo SUS, destacam-se a Obstetr\u00edcia, a Neonatologia e a Cirurgia Card\u00edaca. Pelo SUS, tamb\u00e9m s\u00e3o realizados outros atendimentos, como cirurgias diversas, exames e servi\u00e7os de diagn\u00f3stico e terapia.<\/p>\n\n\n\n<figure class=\"wp-block-image\"><img decoding=\"async\" src=\"http:\/\/n1to.com.br\/img\/uploads\/veloso_banner_83.jpeg\" alt=\"\"\/><\/figure>\n\n\n\n<figure class=\"wp-block-image size-full is-resized\"><img loading=\"lazy\" decoding=\"async\" src=\"https:\/\/focotocantinense.com.br\/wp-content\/uploads\/2023\/01\/Sem-titulo.jpg\" alt=\"\" class=\"wp-image-3627\" width=\"841\" height=\"550\" srcset=\"https:\/\/focotocantinense.com.br\/wp-content\/uploads\/2023\/01\/Sem-titulo.jpg 778w, https:\/\/focotocantinense.com.br\/wp-content\/uploads\/2023\/01\/Sem-titulo-300x196.jpg 300w, https:\/\/focotocantinense.com.br\/wp-content\/uploads\/2023\/01\/Sem-titulo-768x502.jpg 768w\" sizes=\"auto, (max-width: 841px) 100vw, 841px\" \/><\/figure>\n","protected":false},"excerpt":{"rendered":"<p>Por Rodrigo Martins&nbsp; Na tarde de quarta-feira (11\/01), o diretor presidente do Hospital Dom Orione, Padre Bruno Rodrigues, o superintendente executivo, Osvair Cunha, juntamente com uma comitiva da CMB (Confedera\u00e7\u00e3o das Santas Casas e Hospitais Filantr\u00f3picos), participou de uma audi\u00eancia com a ministra da Sa\u00fade, N\u00edsia Trindade. A reuni\u00e3o \u00e9 uma iniciativa da CMB para &hellip;<\/p>\n","protected":false},"author":5,"featured_media":3627,"comment_status":"open","ping_status":"open","sticky":false,"template":"","format":"standard","meta":{"footnotes":""},"categories":[45],"tags":[],"class_list":["post-3626","post","type-post","status-publish","format-standard","has-post-thumbnail","","category-araguaina"],"_links":{"self":[{"href":"https:\/\/focotocantinense.com.br\/index.php?rest_route=\/wp\/v2\/posts\/3626","targetHints":{"allow":["GET"]}}],"collection":[{"href":"https:\/\/focotocantinense.com.br\/index.php?rest_route=\/wp\/v2\/posts"}],"about":[{"href":"https:\/\/focotocantinense.com.br\/index.php?rest_route=\/wp\/v2\/types\/post"}],"author":[{"embeddable":true,"href":"https:\/\/focotocantinense.com.br\/index.php?rest_route=\/wp\/v2\/users\/5"}],"replies":[{"embeddable":true,"href":"https:\/\/focotocantinense.com.br\/index.php?rest_route=%2Fwp%2Fv2%2Fcomments&post=3626"}],"version-history":[{"count":2,"href":"https:\/\/focotocantinense.com.br\/index.php?rest_route=\/wp\/v2\/posts\/3626\/revisions"}],"predecessor-version":[{"id":3629,"href":"https:\/\/focotocantinense.com.br\/index.php?rest_route=\/wp\/v2\/posts\/3626\/revisions\/3629"}],"wp:featuredmedia":[{"embeddable":true,"href":"https:\/\/focotocantinense.com.br\/index.php?rest_route=\/wp\/v2\/media\/3627"}],"wp:attachment":[{"href":"https:\/\/focotocantinense.com.br\/index.php?rest_route=%2Fwp%2Fv2%2Fmedia&parent=3626"}],"wp:term":[{"taxonomy":"category","embeddable":true,"href":"https:\/\/focotocantinense.com.br\/index.php?rest_route=%2Fwp%2Fv2%2Fcategories&post=3626"},{"taxonomy":"post_tag","embeddable":true,"href":"https:\/\/focotocantinense.com.br\/index.php?rest_route=%2Fwp%2Fv2%2Ftags&post=3626"}],"curies":[{"name":"wp","href":"https:\/\/api.w.org\/{rel}","templated":true}]}}