{"id":3613,"date":"2023-01-12T20:32:59","date_gmt":"2023-01-12T23:32:59","guid":{"rendered":"https:\/\/focotocantinense.com.br\/?p=3613"},"modified":"2023-01-12T20:33:38","modified_gmt":"2023-01-12T23:33:38","slug":"prefeitura-de-gurupi-e-brk-discutem-melhorias-no-saneamento-basico-do-municipio","status":"publish","type":"post","link":"https:\/\/focotocantinense.com.br\/?p=3613","title":{"rendered":"Prefeitura de Gurupi e BRK discutem melhorias no saneamento b\u00e1sico do munic\u00edpio"},"content":{"rendered":"\n<p>A Prefeita de Gurupi, Josi Nunes, e secret\u00e1rios municipais, receberam nesta quarta-feira, 11, em seu gabinete, representantes da BRK Ambiental, com o intuito de discutir melhorias na presta\u00e7\u00e3o de servi\u00e7os de saneamento b\u00e1sico e parcerias para investimentos em obras no munic\u00edpio.<\/p>\n\n\n\n<p>Durante o encontro, os representantes da empresa apresentaram um relat\u00f3rio dos servi\u00e7os realizados e um cronograma para o ano de 2023. Al\u00e9m disso, apresentaram o novo coordenador de opera\u00e7\u00f5es do polo de Gurupi, Igor Agripino.<\/p>\n\n\n\n<p>Os gestores tamb\u00e9m discutiram sobre a previs\u00e3o das obras de sistema de esgoto sanit\u00e1rio no munic\u00edpio, que at\u00e9 o final do ano deve chegar a 70% de cobertura na cidade. Trataram ainda sobre uma antecipa\u00e7\u00e3o do repasse relativo \u00e0 outorga de uso da \u00e1gua, no valor em cerca de R$ 20 milh\u00f5es, relativo ao per\u00edodo de 10 anos, para o munic\u00edpio investir em obras.<\/p>\n\n\n\n<p>Outros assuntos tratados na reuni\u00e3o foram a possibilidade de o munic\u00edpio receber uma franquia no consumo de \u00e1gua por parte da concession\u00e1ria; melhorias e agilidade na recupera\u00e7\u00e3o da malha asf\u00e1ltica ap\u00f3s reparos de vazamentos; e a viabilidade da empresa devolver ao munic\u00edpio a responsabilidade sob a represa localizada no setor Jardim das Bandeiras, para a constru\u00e7\u00e3o de um parque de lazer para a comunidade.<\/p>\n\n\n\n<p>A Prefeita destacou que o objetivo \u00e9 reunir constantemente com a empresa para alinhar os trabalhos. \u201cTemos feito v\u00e1rias reuni\u00f5es com a BRK. Estamos acompanhando todo processo de implanta\u00e7\u00e3o de esgoto no nosso munic\u00edpio. A previs\u00e3o \u00e9 de que at\u00e9 o final do ano 70% da cidade tenha rede de esgoto e em 2024 chegaremos a 80%. Isso \u00e9 muito importante pois seremos uma das poucas cidades do Brasil a ter essa cobertura de rede de esgoto. Isso \u00e9 fundamental para o desenvolvimento, para a sa\u00fade, e uma s\u00e9rie de aspectos da nossa cidade\u201d, relatou.<\/p>\n\n\n\n<p>Preocupada com a recupera\u00e7\u00e3o asf\u00e1ltica da cidade, a Prefeita refor\u00e7ou a necessidade de agilidade nos servi\u00e7os de reparo. \u201cTemos uma s\u00e9rie de pontos que estouram a rede e surgem buracos na pavimenta\u00e7\u00e3o, causando transtornos \u00e0 comunidade. E n\u00f3s temos que fiscalizar. Com essas reuni\u00f5es constantes, estaremos sintonizados com a BRK e solicitamos a eles uma resposta mais r\u00e1pida e mais agilidade na recupera\u00e7\u00e3o da malha\u201d, disse.<\/p>\n\n\n\n<p>A diretora de Engenharia e Opera\u00e7\u00e3o da BRK, Sandra Leal, destacou que a rela\u00e7\u00e3o da empresa com o munic\u00edpio tem sido produtiva, e quem ganha com isso \u00e9 a comunidade. \u201cO munic\u00edpio tem sempre apontado as necessidades de melhorias e n\u00f3s estamos sempre prestando contas do trabalho que estamos fazendo e trazendo projetos. Com certeza, o retorno \u00e9 bem positivo para a comunidade e o pr\u00f3prio munic\u00edpio reconhece a evolu\u00e7\u00e3o desse nosso trabalho. Estamos \u00e0 disposi\u00e7\u00e3o e o objetivo \u00e9 esse, prestar contas e discutir o que faremos em 2023\u201d, afirmou.<\/p>\n\n\n\n<p>Tamb\u00e9m participaram da reuni\u00e3o o chefe de gabinete, Jos\u00e9 Carlos Bessa; o secret\u00e1rio de Governo, S\u00e9rgio Vieira Marques; o secret\u00e1rio de Planejamento e Finan\u00e7as, Lucas Lemes; o presidente da Ag\u00eancia Gurupiense de Regula\u00e7\u00e3o e Fiscaliza\u00e7\u00e3o, Sargento Jenilson; o diretor de Meio Ambiente, Diego Rocha; o diretor de Posturas, Alex Magalh\u00e3es; e engenheiros da secretaria de Infraestrutura.\u00a0<\/p>\n\n\n\n<figure class=\"wp-block-image size-full\"><img loading=\"lazy\" decoding=\"async\" width=\"896\" height=\"471\" src=\"https:\/\/focotocantinense.com.br\/wp-content\/uploads\/2023\/01\/AAAAAAAA.jpg\" alt=\"\" class=\"wp-image-3614\" srcset=\"https:\/\/focotocantinense.com.br\/wp-content\/uploads\/2023\/01\/AAAAAAAA.jpg 896w, https:\/\/focotocantinense.com.br\/wp-content\/uploads\/2023\/01\/AAAAAAAA-300x158.jpg 300w, https:\/\/focotocantinense.com.br\/wp-content\/uploads\/2023\/01\/AAAAAAAA-768x404.jpg 768w\" sizes=\"auto, (max-width: 896px) 100vw, 896px\" \/><\/figure>\n\n\n\n<figure class=\"wp-block-image\"><img decoding=\"async\" src=\"http:\/\/n1to.com.br\/img\/uploads\/veloso_banner_82.jpeg\" alt=\"\"\/><\/figure>\n","protected":false},"excerpt":{"rendered":"<p>A Prefeita de Gurupi, Josi Nunes, e secret\u00e1rios municipais, receberam nesta quarta-feira, 11, em seu gabinete, representantes da BRK Ambiental, com o intuito de discutir melhorias na presta\u00e7\u00e3o de servi\u00e7os de saneamento b\u00e1sico e parcerias para investimentos em obras no munic\u00edpio. Durante o encontro, os representantes da empresa apresentaram um relat\u00f3rio dos servi\u00e7os realizados e &hellip;<\/p>\n","protected":false},"author":5,"featured_media":3614,"comment_status":"open","ping_status":"open","sticky":false,"template":"","format":"standard","meta":{"footnotes":""},"categories":[38],"tags":[],"class_list":["post-3613","post","type-post","status-publish","format-standard","has-post-thumbnail","","category-gurupi"],"_links":{"self":[{"href":"https:\/\/focotocantinense.com.br\/index.php?rest_route=\/wp\/v2\/posts\/3613","targetHints":{"allow":["GET"]}}],"collection":[{"href":"https:\/\/focotocantinense.com.br\/index.php?rest_route=\/wp\/v2\/posts"}],"about":[{"href":"https:\/\/focotocantinense.com.br\/index.php?rest_route=\/wp\/v2\/types\/post"}],"author":[{"embeddable":true,"href":"https:\/\/focotocantinense.com.br\/index.php?rest_route=\/wp\/v2\/users\/5"}],"replies":[{"embeddable":true,"href":"https:\/\/focotocantinense.com.br\/index.php?rest_route=%2Fwp%2Fv2%2Fcomments&post=3613"}],"version-history":[{"count":2,"href":"https:\/\/focotocantinense.com.br\/index.php?rest_route=\/wp\/v2\/posts\/3613\/revisions"}],"predecessor-version":[{"id":3616,"href":"https:\/\/focotocantinense.com.br\/index.php?rest_route=\/wp\/v2\/posts\/3613\/revisions\/3616"}],"wp:featuredmedia":[{"embeddable":true,"href":"https:\/\/focotocantinense.com.br\/index.php?rest_route=\/wp\/v2\/media\/3614"}],"wp:attachment":[{"href":"https:\/\/focotocantinense.com.br\/index.php?rest_route=%2Fwp%2Fv2%2Fmedia&parent=3613"}],"wp:term":[{"taxonomy":"category","embeddable":true,"href":"https:\/\/focotocantinense.com.br\/index.php?rest_route=%2Fwp%2Fv2%2Fcategories&post=3613"},{"taxonomy":"post_tag","embeddable":true,"href":"https:\/\/focotocantinense.com.br\/index.php?rest_route=%2Fwp%2Fv2%2Ftags&post=3613"}],"curies":[{"name":"wp","href":"https:\/\/api.w.org\/{rel}","templated":true}]}}