{"id":3609,"date":"2023-01-11T12:14:57","date_gmt":"2023-01-11T15:14:57","guid":{"rendered":"https:\/\/focotocantinense.com.br\/?p=3609"},"modified":"2023-01-11T12:14:58","modified_gmt":"2023-01-11T15:14:58","slug":"prefeita-josi-nunes-acompanha-acoes-do-mutirao-de-limpeza-no-setor-campo-bello","status":"publish","type":"post","link":"https:\/\/focotocantinense.com.br\/?p=3609","title":{"rendered":"Prefeita Josi Nunes acompanha a\u00e7\u00f5es do mutir\u00e3o de limpeza no setor Campo Bello"},"content":{"rendered":"\n<p>Prefeita Josi Nunes acompanha a\u00e7\u00f5es do mutir\u00e3o de limpeza no setor Campo Bello<\/p>\n\n\n\n<p><br>Por Karla Paz &#8211; Secom Gurupi<\/p>\n\n\n\n<p>Foto Lino Vargas &#8211; Secom Gurupi<\/p>\n\n\n\n<p><br>Na manh\u00e3 desta quarta-feira,11, a prefeita Josi Nunes iniciou a agenda do dia fazendo acompanhando os trabalhos do mutir\u00e3o de limpeza, que segue sendo realizado no setor Campo Bello, regi\u00e3o oeste da cidade. A a\u00e7\u00e3o \u00e9 realizada pela Prefeitura de Gurupi, por meio da Secretaria Municipal de Infraestrutura.<\/p>\n\n\n\n<p>&nbsp;<br>&#8220;N\u00f3s queremos refor\u00e7ar para comunidade que este \u00e9 um trabalho permanente, que vai acontecer em todos os setores e fazendo esta manuten\u00e7\u00e3o. Quero aproveitar para fazer um pedido \u00e0 comunidade: que nos ajude a cuidar do seu bairro, para que a nossa cidade seja cada dia mais bela! N\u00f3s vamos seguir acompanhando e visitando cada setor de Gurupi e verificando todo o servi\u00e7o&#8221;, explicou a prefeita Josi Nunes.<\/p>\n\n\n\n<p>&nbsp;<br>&#8220;Eu achei \u00f3timo estes servi\u00e7os aqui no setor! Acabou com a sujeira aqui. Este mutir\u00e3o faz parte da sa\u00fade e a gente fica agradecido e muito feliz pela prefeita Josi ter feito isso pra gente. T\u00e1 \u00f3timo e t\u00e1 tudo muito lindo agora&#8221;, disse Jos\u00e9 Wilson de Sousa, pedreiro e morador do Setor Campo Bello.<\/p>\n\n\n\n<p><br>Acompanharam a Prefeita durante a visita, a secret\u00e1ria de Infraestrutura, Juliana Passarin; o secret\u00e1rio de Governo, S\u00e9rgio Vieira Marques \u201cSor\u00f3\u201d; secret\u00e1rio de Juventude e Esportes, Silv\u00e9rio Filho; al\u00e9m dos vereadores: Leda Perini, Elvan Le\u00e3o, Jair do Povo, C\u00e9sar da Farm\u00e1cia e Ronaldo Lira.<\/p>\n\n\n\n<p>&nbsp;<br>&#8220;\u00c9 de grande import\u00e2ncia a limpeza nos setores de Gurupi. Come\u00e7ou aqui no setor Campo Bello, uma necessidade e tamb\u00e9m uma reivindica\u00e7\u00e3o da popula\u00e7\u00e3o. E estamos muito satisfeitos com a aten\u00e7\u00e3o que a prefeita Josi Nunes tem dado ao bairro e \u00e0 toda cidade com estes mutir\u00f5es. Parab\u00e9ns para a prefeita e todos que est\u00e3o envolvidos nestas a\u00e7\u00f5es&#8221;, frisou o vereador Jair do Povo. &nbsp;<\/p>\n\n\n\n<p><strong>Mutir\u00e3o de Limpeza<\/strong><\/p>\n\n\n\n<p>O mutir\u00e3o de limpeza no setor Campo Bello continua com servi\u00e7os como ro\u00e7agem, retirada de entulhos e galhadas, gradagem, limpeza urbana e at\u00e9 opera\u00e7\u00e3o tapa buracos. Estas a\u00e7\u00f5es tamb\u00e9m ser\u00e3o desenvolvidas em outros setores de Gurupi. <\/p>\n","protected":false},"excerpt":{"rendered":"<p>Prefeita Josi Nunes acompanha a\u00e7\u00f5es do mutir\u00e3o de limpeza no setor Campo Bello Por Karla Paz &#8211; Secom Gurupi Foto Lino Vargas &#8211; Secom Gurupi Na manh\u00e3 desta quarta-feira,11, a prefeita Josi Nunes iniciou a agenda do dia fazendo acompanhando os trabalhos do mutir\u00e3o de limpeza, que segue sendo realizado no setor Campo Bello, regi\u00e3o &hellip;<\/p>\n","protected":false},"author":5,"featured_media":3610,"comment_status":"open","ping_status":"open","sticky":false,"template":"","format":"standard","meta":{"footnotes":""},"categories":[1],"tags":[],"class_list":["post-3609","post","type-post","status-publish","format-standard","has-post-thumbnail","","category-sem-categoria"],"_links":{"self":[{"href":"https:\/\/focotocantinense.com.br\/index.php?rest_route=\/wp\/v2\/posts\/3609","targetHints":{"allow":["GET"]}}],"collection":[{"href":"https:\/\/focotocantinense.com.br\/index.php?rest_route=\/wp\/v2\/posts"}],"about":[{"href":"https:\/\/focotocantinense.com.br\/index.php?rest_route=\/wp\/v2\/types\/post"}],"author":[{"embeddable":true,"href":"https:\/\/focotocantinense.com.br\/index.php?rest_route=\/wp\/v2\/users\/5"}],"replies":[{"embeddable":true,"href":"https:\/\/focotocantinense.com.br\/index.php?rest_route=%2Fwp%2Fv2%2Fcomments&post=3609"}],"version-history":[{"count":1,"href":"https:\/\/focotocantinense.com.br\/index.php?rest_route=\/wp\/v2\/posts\/3609\/revisions"}],"predecessor-version":[{"id":3611,"href":"https:\/\/focotocantinense.com.br\/index.php?rest_route=\/wp\/v2\/posts\/3609\/revisions\/3611"}],"wp:featuredmedia":[{"embeddable":true,"href":"https:\/\/focotocantinense.com.br\/index.php?rest_route=\/wp\/v2\/media\/3610"}],"wp:attachment":[{"href":"https:\/\/focotocantinense.com.br\/index.php?rest_route=%2Fwp%2Fv2%2Fmedia&parent=3609"}],"wp:term":[{"taxonomy":"category","embeddable":true,"href":"https:\/\/focotocantinense.com.br\/index.php?rest_route=%2Fwp%2Fv2%2Fcategories&post=3609"},{"taxonomy":"post_tag","embeddable":true,"href":"https:\/\/focotocantinense.com.br\/index.php?rest_route=%2Fwp%2Fv2%2Ftags&post=3609"}],"curies":[{"name":"wp","href":"https:\/\/api.w.org\/{rel}","templated":true}]}}