{"id":3587,"date":"2023-01-03T19:20:56","date_gmt":"2023-01-03T22:20:56","guid":{"rendered":"https:\/\/focotocantinense.com.br\/?p=3587"},"modified":"2023-01-03T19:22:48","modified_gmt":"2023-01-03T22:22:48","slug":"novo-ministro-da-previdencia-quer-rever-reforma","status":"publish","type":"post","link":"https:\/\/focotocantinense.com.br\/?p=3587","title":{"rendered":"Novo ministro da Previd\u00eancia quer rever reforma"},"content":{"rendered":"\n<p>O novo ministro da Previd\u00eancia, Carlos Lupi, anunciou a inten\u00e7\u00e3o de revisar a reforma da Previd\u00eancia e de zerar a fila do Instituto Nacional do Seguro Social (INSS). Ao assumir a pasta, ele tamb\u00e9m defendeu a regionalizac\u00e3o das regras de aposentadoria.<\/p>\n\n\n\n<p>\u201cTenho que conversar com os ministros da Fazenda, do Planejamento; mas precisamos cuidar dos atrasos que houve nessa antirreforma [da Previd\u00eancia]\u201d, disse Lupi diante de uma plateia de convidados que o aplaudiu.<\/p>\n\n\n\n<p>O novo ministro anunciou a inten\u00e7\u00e3o de montar uma comiss\u00e3o quadripartite com representantes do governo, de sindicatos de empregadores, de trabalhadores e de aposentados. Segundo ele, essa comiss\u00e3o analisar\u00e1 &#8220;com profundidade\u201d as mudan\u00e7as trazidas pela reforma da Previd\u00eancia em 2019.<\/p>\n\n\n\n<p>Alegando defender um novo relacionamento entre previd\u00eancia e seguridade social, Lupi negou que haja d\u00e9ficit na Previd\u00eancia. Segundo o ministro, isso s\u00f3 seria poss\u00edvel com a destina\u00e7\u00e3o &#8220;de toda a arrecada\u00e7\u00e3o destinada para a Previd\u00eancia na Previd\u00eancia&#8221;. Ele, no entanto, n\u00e3o explicou se destinaria a arrecada\u00e7\u00e3o da seguridade social para cobrir o resultado negativo do INSS.<\/p>\n\n\n\n<p>Lupi tamb\u00e9m defendeu a regionaliza\u00e7\u00e3o das regras de aposentadoria, baseadas na expectativa de vida de cada regi\u00e3o do pa\u00eds. Ele n\u00e3o deu prazo para apresentar a proposta, mas disse que poder\u00e1 ser at\u00e9 o fim do ano.<\/p>\n\n\n\n<p><strong>INSS<\/strong><br>O ministro da Previd\u00eancia anunciou a inten\u00e7\u00e3o de zerar a fila para a concess\u00e3o de benef\u00edcios do INSS (aposentadorias, pens\u00f5es e aux\u00edlios). Ele afirmou que pretende trabalhar &#8220;nas pr\u00f3ximas horas\u201d para elaborar uma proposta de concess\u00e3o de b\u00f4nus a servidores do \u00f3rg\u00e3o que sejam mais produtivos na an\u00e1lise dos processos.<\/p>\n\n\n\n<p>Outra sugest\u00e3o para diminuir o tempo de espera para receber as aposentadorias, explicou Lupi, seria a realiza\u00e7\u00e3o de um mutir\u00e3o em conjunto com governadores e prefeitos.<\/p>\n\n\n\n<p>Durante a cerim\u00f4nia, o novo ministro anunciou que o l\u00edder do PDT na C\u00e2mara dos Deputados, Wolney Queiroz (PE), ser\u00e1 o secret\u00e1rio-executivo da pasta.<\/p>\n\n\n\n<p><strong><em>Por Wellton M\u00e1ximo &#8211; Rep\u00f3rter da Ag\u00eancia Brasil &#8211; Bras\u00edlia<\/em><\/strong><\/p>\n\n\n\n<figure class=\"wp-block-image size-large\"><img loading=\"lazy\" decoding=\"async\" width=\"1024\" height=\"472\" src=\"https:\/\/focotocantinense.com.br\/wp-content\/uploads\/2023\/01\/AAA-1-1024x472.jpg\" alt=\"\" class=\"wp-image-3590\" srcset=\"https:\/\/focotocantinense.com.br\/wp-content\/uploads\/2023\/01\/AAA-1-1024x472.jpg 1024w, https:\/\/focotocantinense.com.br\/wp-content\/uploads\/2023\/01\/AAA-1-300x138.jpg 300w, https:\/\/focotocantinense.com.br\/wp-content\/uploads\/2023\/01\/AAA-1-768x354.jpg 768w, https:\/\/focotocantinense.com.br\/wp-content\/uploads\/2023\/01\/AAA-1.jpg 1353w\" sizes=\"auto, (max-width: 1024px) 100vw, 1024px\" \/><\/figure>\n\n\n\n<figure class=\"wp-block-image size-large\"><img loading=\"lazy\" decoding=\"async\" width=\"1024\" height=\"360\" src=\"https:\/\/focotocantinense.com.br\/wp-content\/uploads\/2023\/01\/TIO-BARNABEE-OK-1024x360.jpg\" alt=\"\" class=\"wp-image-3592\" srcset=\"https:\/\/focotocantinense.com.br\/wp-content\/uploads\/2023\/01\/TIO-BARNABEE-OK-1024x360.jpg 1024w, https:\/\/focotocantinense.com.br\/wp-content\/uploads\/2023\/01\/TIO-BARNABEE-OK-300x105.jpg 300w, https:\/\/focotocantinense.com.br\/wp-content\/uploads\/2023\/01\/TIO-BARNABEE-OK-768x270.jpg 768w, https:\/\/focotocantinense.com.br\/wp-content\/uploads\/2023\/01\/TIO-BARNABEE-OK.jpg 1280w\" sizes=\"auto, (max-width: 1024px) 100vw, 1024px\" \/><\/figure>\n","protected":false},"excerpt":{"rendered":"<p>O novo ministro da Previd\u00eancia, Carlos Lupi, anunciou a inten\u00e7\u00e3o de revisar a reforma da Previd\u00eancia e de zerar a fila do Instituto Nacional do Seguro Social (INSS). Ao assumir a pasta, ele tamb\u00e9m defendeu a regionalizac\u00e3o das regras de aposentadoria. \u201cTenho que conversar com os ministros da Fazenda, do Planejamento; mas precisamos cuidar dos &hellip;<\/p>\n","protected":false},"author":5,"featured_media":3590,"comment_status":"open","ping_status":"open","sticky":false,"template":"","format":"standard","meta":{"footnotes":""},"categories":[103,40],"tags":[],"class_list":["post-3587","post","type-post","status-publish","format-standard","has-post-thumbnail","","category-brasil","category-politica"],"_links":{"self":[{"href":"https:\/\/focotocantinense.com.br\/index.php?rest_route=\/wp\/v2\/posts\/3587","targetHints":{"allow":["GET"]}}],"collection":[{"href":"https:\/\/focotocantinense.com.br\/index.php?rest_route=\/wp\/v2\/posts"}],"about":[{"href":"https:\/\/focotocantinense.com.br\/index.php?rest_route=\/wp\/v2\/types\/post"}],"author":[{"embeddable":true,"href":"https:\/\/focotocantinense.com.br\/index.php?rest_route=\/wp\/v2\/users\/5"}],"replies":[{"embeddable":true,"href":"https:\/\/focotocantinense.com.br\/index.php?rest_route=%2Fwp%2Fv2%2Fcomments&post=3587"}],"version-history":[{"count":4,"href":"https:\/\/focotocantinense.com.br\/index.php?rest_route=\/wp\/v2\/posts\/3587\/revisions"}],"predecessor-version":[{"id":3593,"href":"https:\/\/focotocantinense.com.br\/index.php?rest_route=\/wp\/v2\/posts\/3587\/revisions\/3593"}],"wp:featuredmedia":[{"embeddable":true,"href":"https:\/\/focotocantinense.com.br\/index.php?rest_route=\/wp\/v2\/media\/3590"}],"wp:attachment":[{"href":"https:\/\/focotocantinense.com.br\/index.php?rest_route=%2Fwp%2Fv2%2Fmedia&parent=3587"}],"wp:term":[{"taxonomy":"category","embeddable":true,"href":"https:\/\/focotocantinense.com.br\/index.php?rest_route=%2Fwp%2Fv2%2Fcategories&post=3587"},{"taxonomy":"post_tag","embeddable":true,"href":"https:\/\/focotocantinense.com.br\/index.php?rest_route=%2Fwp%2Fv2%2Ftags&post=3587"}],"curies":[{"name":"wp","href":"https:\/\/api.w.org\/{rel}","templated":true}]}}