{"id":3573,"date":"2023-01-03T17:53:45","date_gmt":"2023-01-03T20:53:45","guid":{"rendered":"https:\/\/focotocantinense.com.br\/?p=3573"},"modified":"2023-01-03T17:56:52","modified_gmt":"2023-01-03T20:56:52","slug":"artesanato-tocantinense-deu-brilho-e-brasilidade-a-roupa-da-primeira-dama-do-brasil-janja-silva","status":"publish","type":"post","link":"https:\/\/focotocantinense.com.br\/?p=3573","title":{"rendered":"Artesanato tocantinense deu brilho e brasilidade \u00e0 roupa da primeira-dama do Brasil, Janja Silva"},"content":{"rendered":"\n<p>A versatilidade e as belezas do artesanato em capim-dourado, uma joia do Tocantins, encantam os visitantes pela delicadeza do artesanato. A cada dia, vem sendo mais utilizado no mundo da moda, seja como acess\u00f3rios ou adere\u00e7os em roupas. As imagens que rolaram na imprensa mundial, no dia da posse do presidente Luiz In\u00e1cio Lula da Silva, no dia 1\u00b0 de janeiro de 2023, ganharam o mundo, com destaque para a roupa da primeira-dama Janja Silva.<\/p>\n\n\n\n<p>Composto por blazer acinturado com leve cauda usado com colete e cal\u00e7a pantalona cintura alta. Todas as pe\u00e7as do look foram feitas em crepe de seda vintage tingidas naturalmente com caju e ruibarbo e bordadas com palhas e capins brasileiros, entre eles o capim-dourado.<\/p>\n\n\n\n<p>As pe\u00e7as em capim-dourado foram confeccionadas pela artes\u00e3 e presidente da Associa\u00e7\u00e3o Dianapolina de Artes\u00e3s (ADA), Eliene Bispo. A escolha do artesanato dianopolino \u00e9 mais um reconhecimento para a artes\u00e3 que, com aux\u00edlio da Sectur, participa de diversas feiras nacionais e internacionais de artesanato. Para a roupa da primeira-dama, foram confeccionadas cerca de 180 minis mandalas de capim-dourado de 1,5 a 2 cm. O convite para colaborar com produ\u00e7\u00e3o da roupa veio da estilista respons\u00e1vel pela cria\u00e7\u00e3o da mesma, Hel\u00f4 Rocha.<\/p>\n\n\n\n<p>Para Eliene, ter o artesanato da associa\u00e7\u00e3o, nesse momento hist\u00f3rico da posse presidencial, \u00e9 uma grande conquista, pois \u00e9 um reconhecimento de anos de trabalho. \u201cPara mim, foi muito gratificante. \u00c9 reconhecimento de muitos anos de trabalho, estou muito feliz de ver meu nome, o da associa\u00e7\u00e3o e o da minha cidade sendo divulgados no Brasil e em outros pa\u00edses\u201d, celebra.&nbsp;<\/p>\n\n\n\n<p>A artes\u00e3 tamb\u00e9m destaca a import\u00e2ncia desse momento para a divulga\u00e7\u00e3o do capim-dourado e da conquista de novos clientes. \u201cGanhamos mais de mil seguidores no Instagram. Est\u00e1 sendo muito gratificante\u201d, relata.&nbsp;<\/p>\n\n\n\n<p>A associa\u00e7\u00e3o, que Eliene preside, \u00e9 destaque nacionalmente n\u00e3o s\u00f3 por estar presente ornamentando a roupa da primeira-dama. Ela tamb\u00e9m est\u00e1 entre as duas associa\u00e7\u00f5es tocantinenses que receberam o 5\u00b0 pr\u00eamio Top 100 de Artesanato Brasileiro promovido pelo Sebrae em 2022. A premia\u00e7\u00e3o \u00e9 a mais importante a\u00e7\u00e3o de reconhecimento da economia criativa e tem por objetivos identificar e premiar as unidades produtoras de artesanato mais competitivas do Brasil. \u201c\u00c9 muito gratificante estar entre as 100 melhores do pa\u00eds\u201d, ressalta.<\/p>\n\n\n\n<p><strong>Capim-dourado e a moda<\/strong><\/p>\n\n\n\n<p>Mostrando a versatilidade do capim-dourado em 2021, o estilista tocantinense, Luiz Fernando Carvalho, confeccionou um vestido de capim-dourado, para o Miss Brasil 2021, sendo apresentado durante a Festa da Colheita do Capim-Dourado, organizada pela Comunidade Mumbuca, com o apoio do Governo do Tocantins. O traje pertence ao acervo da Secretaria de Estado da Cultura e Turismo (Sectur).<\/p>\n\n\n\n<p>Para o secret\u00e1rio da Sectur, Hercy Filho, as a\u00e7\u00f5es de incentivo do Governo do Tocantins no fomento da cultura e do turismo, resultam em reconhecimento e valoriza\u00e7\u00e3o das riquezas do Estado que ultrapassam fronteiras.<\/p>\n\n\n\n<figure class=\"wp-block-image size-full is-resized\"><img loading=\"lazy\" decoding=\"async\" src=\"https:\/\/focotocantinense.com.br\/wp-content\/uploads\/2023\/01\/JANJAO-2-1.jpg\" alt=\"\" class=\"wp-image-3577\" width=\"835\" height=\"407\" srcset=\"https:\/\/focotocantinense.com.br\/wp-content\/uploads\/2023\/01\/JANJAO-2-1.jpg 684w, https:\/\/focotocantinense.com.br\/wp-content\/uploads\/2023\/01\/JANJAO-2-1-300x146.jpg 300w\" sizes=\"auto, (max-width: 835px) 100vw, 835px\" \/><\/figure>\n\n\n\n<p><em><strong>Mandalas em capim-dourado produzidas pela Associa\u00e7\u00e3o Dianapolina de Artes\u00e3s (ADA) para a roupa de Janja Silva &#8211; Foto: Hel\u00f4 Rocha<\/strong><\/em><\/p>\n\n\n\n<figure class=\"wp-block-image is-resized\"><img loading=\"lazy\" decoding=\"async\" src=\"https:\/\/central.to.gov.br\/image\/313652?w=670&amp;h=383\" alt=\"\" width=\"837\" height=\"478\"\/><\/figure>\n\n\n\n<figure class=\"wp-block-image size-full is-resized\"><img loading=\"lazy\" decoding=\"async\" src=\"https:\/\/focotocantinense.com.br\/wp-content\/uploads\/2023\/01\/AA22.jpg\" alt=\"\" class=\"wp-image-3579\" width=\"836\" height=\"575\" srcset=\"https:\/\/focotocantinense.com.br\/wp-content\/uploads\/2023\/01\/AA22.jpg 606w, https:\/\/focotocantinense.com.br\/wp-content\/uploads\/2023\/01\/AA22-300x206.jpg 300w, https:\/\/focotocantinense.com.br\/wp-content\/uploads\/2023\/01\/AA22-110x75.jpg 110w\" sizes=\"auto, (max-width: 836px) 100vw, 836px\" \/><\/figure>\n\n\n\n<figure class=\"wp-block-image\"><img decoding=\"async\" src=\"https:\/\/central.to.gov.br\/image\/313651?w=883&amp;h=505\" alt=\"\"\/><\/figure>\n\n\n\n<p><em><strong>Associa\u00e7\u00e3o Dianapolina de Artes\u00e3s (ADA) foi respons\u00e1vel pela produ\u00e7\u00e3o das pe\u00e7as de capim-dourado que adornaram a roupa da posse da primeira-dama do Brasil, Janja Silva <\/strong><\/em><\/p>\n","protected":false},"excerpt":{"rendered":"<p>A versatilidade e as belezas do artesanato em capim-dourado, uma joia do Tocantins, encantam os visitantes pela delicadeza do artesanato. A cada dia, vem sendo mais utilizado no mundo da moda, seja como acess\u00f3rios ou adere\u00e7os em roupas. As imagens que rolaram na imprensa mundial, no dia da posse do presidente Luiz In\u00e1cio Lula da &hellip;<\/p>\n","protected":false},"author":5,"featured_media":3574,"comment_status":"open","ping_status":"open","sticky":false,"template":"","format":"standard","meta":{"footnotes":""},"categories":[103],"tags":[],"class_list":["post-3573","post","type-post","status-publish","format-standard","has-post-thumbnail","","category-brasil"],"_links":{"self":[{"href":"https:\/\/focotocantinense.com.br\/index.php?rest_route=\/wp\/v2\/posts\/3573","targetHints":{"allow":["GET"]}}],"collection":[{"href":"https:\/\/focotocantinense.com.br\/index.php?rest_route=\/wp\/v2\/posts"}],"about":[{"href":"https:\/\/focotocantinense.com.br\/index.php?rest_route=\/wp\/v2\/types\/post"}],"author":[{"embeddable":true,"href":"https:\/\/focotocantinense.com.br\/index.php?rest_route=\/wp\/v2\/users\/5"}],"replies":[{"embeddable":true,"href":"https:\/\/focotocantinense.com.br\/index.php?rest_route=%2Fwp%2Fv2%2Fcomments&post=3573"}],"version-history":[{"count":5,"href":"https:\/\/focotocantinense.com.br\/index.php?rest_route=\/wp\/v2\/posts\/3573\/revisions"}],"predecessor-version":[{"id":3582,"href":"https:\/\/focotocantinense.com.br\/index.php?rest_route=\/wp\/v2\/posts\/3573\/revisions\/3582"}],"wp:featuredmedia":[{"embeddable":true,"href":"https:\/\/focotocantinense.com.br\/index.php?rest_route=\/wp\/v2\/media\/3574"}],"wp:attachment":[{"href":"https:\/\/focotocantinense.com.br\/index.php?rest_route=%2Fwp%2Fv2%2Fmedia&parent=3573"}],"wp:term":[{"taxonomy":"category","embeddable":true,"href":"https:\/\/focotocantinense.com.br\/index.php?rest_route=%2Fwp%2Fv2%2Fcategories&post=3573"},{"taxonomy":"post_tag","embeddable":true,"href":"https:\/\/focotocantinense.com.br\/index.php?rest_route=%2Fwp%2Fv2%2Ftags&post=3573"}],"curies":[{"name":"wp","href":"https:\/\/api.w.org\/{rel}","templated":true}]}}