{"id":3568,"date":"2023-01-02T21:07:14","date_gmt":"2023-01-03T00:07:14","guid":{"rendered":"https:\/\/focotocantinense.com.br\/?p=3568"},"modified":"2023-01-02T21:08:32","modified_gmt":"2023-01-03T00:08:32","slug":"mutuca-cast-estreia-nesta-quarta-feira","status":"publish","type":"post","link":"https:\/\/focotocantinense.com.br\/?p=3568","title":{"rendered":"Mutuca Cast estreia nesta quarta-feira"},"content":{"rendered":"\n<figure class=\"wp-block-image size-large is-resized\"><img loading=\"lazy\" decoding=\"async\" src=\"https:\/\/focotocantinense.com.br\/wp-content\/uploads\/2023\/01\/vinicius-e-rafa-1-1024x682.jpg\" alt=\"\" class=\"wp-image-3571\" width=\"406\" height=\"270\" srcset=\"https:\/\/focotocantinense.com.br\/wp-content\/uploads\/2023\/01\/vinicius-e-rafa-1-1024x682.jpg 1024w, https:\/\/focotocantinense.com.br\/wp-content\/uploads\/2023\/01\/vinicius-e-rafa-1-300x200.jpg 300w, https:\/\/focotocantinense.com.br\/wp-content\/uploads\/2023\/01\/vinicius-e-rafa-1-768x512.jpg 768w, https:\/\/focotocantinense.com.br\/wp-content\/uploads\/2023\/01\/vinicius-e-rafa-1-310x205.jpg 310w, https:\/\/focotocantinense.com.br\/wp-content\/uploads\/2023\/01\/vinicius-e-rafa-1.jpg 1280w\" sizes=\"auto, (max-width: 406px) 100vw, 406px\" \/><\/figure>\n\n\n\n<p><strong><em>Por Zacarias Martins<\/em><\/strong><\/p>\n\n\n\n<p>Estreia excepcionalmente nesta quarta-feira (04\/01), \u00e0s 19h, o podcast Mutuca Cast.<\/p>\n\n\n\n<p>Um podcast interativo de entretenimento e entrevista, comandando por Rafinha Rafiusk e Vin\u00edcius Martins. O novo canal ir\u00e1 entregar&nbsp;informa\u00e7\u00f5es relevantes, conte\u00fado de valor, hist\u00f3rias de sucesso. Ter\u00e1 a participa\u00e7\u00e3o de diversas personalidades de Gurupi bem como pessoas comuns com uma boa hist\u00f3ria pra contar.<\/p>\n\n\n\n<p>Segundo Rafinha Rafiusk, o Mutuca Cast abordar\u00e1 diversos temas num formato de bate-papo e discuss\u00e3o aberta, sempre com humor e boas hist\u00f3rias!<\/p>\n\n\n\n<p>Para Vin\u00edcius Martins, o grande diferencial do Mutuca Cast \u00e9&nbsp;trazer convidados (as) especiais para conversas imperd\u00edveis que o p\u00fablico se identifique com as hist\u00f3rias. Muito&nbsp;al\u00e9m do entretenimento, a proposta \u00e9 que gere valor a vida das pessoas.<\/p>\n\n\n\n<p>O primeiro entrevistado \u00e9 um convidado surpresa que \u201cn\u00e3o est\u00e1 inscrito no gibi\u201d, como a dupla de apresentadores mesmo diz.<\/p>\n\n\n\n<p>O podcast acontecer\u00e1 toda segunda, sempre a partir das 19hs, que voc\u00ea poder\u00e1 acompanhar pelos seguintes canais do Mutuca Cast clicando nos links a baixo:<\/p>\n\n\n\n<p><strong>\u00b7&nbsp;&nbsp;&nbsp;&nbsp;&nbsp;&nbsp;&nbsp;&nbsp;&nbsp;<a href=\"https:\/\/www.youtube.com\/@mutucacast\" target=\"_blank\" rel=\"noreferrer noopener\">YouTube<\/a><\/strong><\/p>\n\n\n\n<p><strong>\u00b7&nbsp;&nbsp;&nbsp;&nbsp;&nbsp;&nbsp;&nbsp;&nbsp;&nbsp;<a href=\"https:\/\/www.instagram.com\/mutucacast\/\" target=\"_blank\" rel=\"noreferrer noopener\">Instagram<\/a><\/strong><\/p>\n\n\n\n<p><strong>\u00b7&nbsp;&nbsp;&nbsp;&nbsp;&nbsp;&nbsp;&nbsp;&nbsp;&nbsp;<a href=\"https:\/\/www.facebook.com\/profile.php?id=100088881317829\" target=\"_blank\" rel=\"noreferrer noopener\">Facebook<\/a><\/strong><\/p>\n\n\n\n<p><strong>\u00b7&nbsp;&nbsp;&nbsp;&nbsp;&nbsp;&nbsp;&nbsp;&nbsp;&nbsp;<a href=\"https:\/\/www.tiktok.com\/@mutucacast\">TikTok<\/a><\/strong><\/p>\n","protected":false},"excerpt":{"rendered":"<p>Por Zacarias Martins Estreia excepcionalmente nesta quarta-feira (04\/01), \u00e0s 19h, o podcast Mutuca Cast. Um podcast interativo de entretenimento e entrevista, comandando por Rafinha Rafiusk e Vin\u00edcius Martins. O novo canal ir\u00e1 entregar&nbsp;informa\u00e7\u00f5es relevantes, conte\u00fado de valor, hist\u00f3rias de sucesso. Ter\u00e1 a participa\u00e7\u00e3o de diversas personalidades de Gurupi bem como pessoas comuns com uma boa &hellip;<\/p>\n","protected":false},"author":5,"featured_media":3569,"comment_status":"open","ping_status":"open","sticky":false,"template":"","format":"standard","meta":{"footnotes":""},"categories":[38],"tags":[],"class_list":["post-3568","post","type-post","status-publish","format-standard","has-post-thumbnail","","category-gurupi"],"_links":{"self":[{"href":"https:\/\/focotocantinense.com.br\/index.php?rest_route=\/wp\/v2\/posts\/3568","targetHints":{"allow":["GET"]}}],"collection":[{"href":"https:\/\/focotocantinense.com.br\/index.php?rest_route=\/wp\/v2\/posts"}],"about":[{"href":"https:\/\/focotocantinense.com.br\/index.php?rest_route=\/wp\/v2\/types\/post"}],"author":[{"embeddable":true,"href":"https:\/\/focotocantinense.com.br\/index.php?rest_route=\/wp\/v2\/users\/5"}],"replies":[{"embeddable":true,"href":"https:\/\/focotocantinense.com.br\/index.php?rest_route=%2Fwp%2Fv2%2Fcomments&post=3568"}],"version-history":[{"count":2,"href":"https:\/\/focotocantinense.com.br\/index.php?rest_route=\/wp\/v2\/posts\/3568\/revisions"}],"predecessor-version":[{"id":3572,"href":"https:\/\/focotocantinense.com.br\/index.php?rest_route=\/wp\/v2\/posts\/3568\/revisions\/3572"}],"wp:featuredmedia":[{"embeddable":true,"href":"https:\/\/focotocantinense.com.br\/index.php?rest_route=\/wp\/v2\/media\/3569"}],"wp:attachment":[{"href":"https:\/\/focotocantinense.com.br\/index.php?rest_route=%2Fwp%2Fv2%2Fmedia&parent=3568"}],"wp:term":[{"taxonomy":"category","embeddable":true,"href":"https:\/\/focotocantinense.com.br\/index.php?rest_route=%2Fwp%2Fv2%2Fcategories&post=3568"},{"taxonomy":"post_tag","embeddable":true,"href":"https:\/\/focotocantinense.com.br\/index.php?rest_route=%2Fwp%2Fv2%2Ftags&post=3568"}],"curies":[{"name":"wp","href":"https:\/\/api.w.org\/{rel}","templated":true}]}}