{"id":3558,"date":"2023-01-02T18:06:13","date_gmt":"2023-01-02T21:06:13","guid":{"rendered":"https:\/\/focotocantinense.com.br\/?p=3558"},"modified":"2023-01-02T18:08:30","modified_gmt":"2023-01-02T21:08:30","slug":"vereador-professor-welice-cardoso-toma-posse-como-novo-presidente-da-camara-municipal-de-lagoa-da-confusao","status":"publish","type":"post","link":"https:\/\/focotocantinense.com.br\/?p=3558","title":{"rendered":"Vereador Professor Welice Cardoso toma posse como novo presidente da C\u00e2mara Municipal de Lagoa da Confus\u00e3o"},"content":{"rendered":"\n<p><strong>Por Zacarias Martins<\/strong><\/p>\n\n\n\n<p>O vereador &nbsp;Professor&nbsp; Welice Cardoso, do partido Solidariedade (SD), tomou posse, neste domingo (1), como novo presidente da C\u00e2mara Municipal de Lagoa da Confus\u00e3o. Ele vai comandar a casa pelos pr\u00f3ximos dois anos.<\/p>\n\n\n\n<p>A cerim\u00f4nia &nbsp;de posse aconteceu no plen\u00e1rio do Legislativo Lagoense&nbsp; &nbsp;e contou com a presen\u00e7a do Prefeito &nbsp;Dr. Thiago Soares Carlos, e da Primeira-Dama, Anna Fl\u00e1via Lino, al\u00e9m do Padre Walteir Gon\u00e7alves Magalh\u00e3es, p\u00e1roco da Igreja de Nossa Senhora d\u2019Abadia, do Pastor&nbsp;<em>Paulo Coelho&nbsp;<\/em>de Oliveira<em>,&nbsp;<\/em>Presidente da Igreja Assembleia de Deus \u2013 Minist\u00e9rio de Madureira, outras autoridades, e o p\u00fablico em geral.<\/p>\n\n\n\n<p>Tamb\u00e9m foram empossados os vereadores &nbsp;Nelvi Teixeira Carlos (Vice-Presidente),&nbsp;do Partido Democratas (DEM), Denito Pereira de Carvalho \u2013 o Bitom (1\u00ba secret\u00e1rio),&nbsp;do Partido Progressistas (PP), e&nbsp;Davi Dias Reis (2\u00ba secret\u00e1rio),&nbsp;do partido Democracia Crist\u00e3 (DC). J\u00e1 o vereador Alan Coelho dos Santos (MDB). Foi nomeado Tesoureiro da Casa.<\/p>\n\n\n\n<p>Em seu pronunciamento, o Vereador Professor Welice agradeceu o apoio dos demais colegas pela sua elei\u00e7\u00e3o para a presid\u00eancia da Mesa Diretora da C\u00e2mara Municipal de Lagoa da Confus\u00e3o, e parabenizou o seu antecessor, vereador Di, pelo trabalho realizado durante sua gest\u00e3o.<\/p>\n\n\n\n<p>Por fim, o novo Presidente disse que a pauta positiva e propositiva ser\u00e1 o foco dos trabalhos durante os dois anos de sua gest\u00e3o. \u201cEstamos todos empenhados na busca constante de uma Lagoa da Confus\u00e3o com mais prosperidade e que possa se transformar em mais qualidade de vida para a nossa querida gente deste munic\u00edpio\u201d, finalizou, Welice Cardoso.<\/p>\n\n\n\n<figure class=\"wp-block-image\"><img decoding=\"async\" src=\"https:\/\/www.lagoadaconfusao.to.leg.br\/institucional\/noticias\/eleicao-da-mesa-diretora\/image\" alt=\"Elei\u00e7\u00e3o da Mesa Diretora\"\/><\/figure>\n\n\n\n<p><strong><em>A Mesa Diretora da C\u00e2mara Municipal de Lagoa da Confus\u00e3o est\u00e1 formada pelos vereadores Bitom (e), Professor Welice (presidente), &nbsp;Nelvi&nbsp;&nbsp;e Davi&nbsp;Dias&nbsp;Reis<\/em><\/strong>.<\/p>\n\n\n\n<figure class=\"wp-block-image size-large\"><img loading=\"lazy\" decoding=\"async\" width=\"1024\" height=\"576\" src=\"https:\/\/focotocantinense.com.br\/wp-content\/uploads\/2023\/01\/aaaaaaaaaaaaaaaaaaaaaaaaaaaaaaaaaaaaaaaaaaaaaaaaaaaaaaa-1-1024x576.jpg\" alt=\"\" class=\"wp-image-3564\" srcset=\"https:\/\/focotocantinense.com.br\/wp-content\/uploads\/2023\/01\/aaaaaaaaaaaaaaaaaaaaaaaaaaaaaaaaaaaaaaaaaaaaaaaaaaaaaaa-1-1024x576.jpg 1024w, https:\/\/focotocantinense.com.br\/wp-content\/uploads\/2023\/01\/aaaaaaaaaaaaaaaaaaaaaaaaaaaaaaaaaaaaaaaaaaaaaaaaaaaaaaa-1-300x169.jpg 300w, https:\/\/focotocantinense.com.br\/wp-content\/uploads\/2023\/01\/aaaaaaaaaaaaaaaaaaaaaaaaaaaaaaaaaaaaaaaaaaaaaaaaaaaaaaa-1-768x432.jpg 768w, https:\/\/focotocantinense.com.br\/wp-content\/uploads\/2023\/01\/aaaaaaaaaaaaaaaaaaaaaaaaaaaaaaaaaaaaaaaaaaaaaaaaaaaaaaa-1.jpg 1280w\" sizes=\"auto, (max-width: 1024px) 100vw, 1024px\" \/><\/figure>\n\n\n\n<figure class=\"wp-block-image size-large\"><img loading=\"lazy\" decoding=\"async\" width=\"1024\" height=\"683\" src=\"https:\/\/focotocantinense.com.br\/wp-content\/uploads\/2023\/01\/image-1024x683.png\" alt=\"\" class=\"wp-image-3562\" srcset=\"https:\/\/focotocantinense.com.br\/wp-content\/uploads\/2023\/01\/image-1024x683.png 1024w, https:\/\/focotocantinense.com.br\/wp-content\/uploads\/2023\/01\/image-300x200.png 300w, https:\/\/focotocantinense.com.br\/wp-content\/uploads\/2023\/01\/image-768x512.png 768w, https:\/\/focotocantinense.com.br\/wp-content\/uploads\/2023\/01\/image.png 1488w\" sizes=\"auto, (max-width: 1024px) 100vw, 1024px\" \/><\/figure>\n\n\n\n<p><strong><em>Os Vereadores de Lagoa da Confus\u00e3o, com o Prefeito Dr. Thiago Carlos, e a Primeira-Dama, Anna Fl\u00e1via, durante a solenidade&nbsp; de posse da nova Mesa Diretora do Legislativo Municipal.<\/em><\/strong><\/p>\n\n\n\n<figure class=\"wp-block-image size-full\"><img loading=\"lazy\" decoding=\"async\" width=\"1024\" height=\"683\" src=\"https:\/\/focotocantinense.com.br\/wp-content\/uploads\/2023\/01\/lagoa-3-sessao.jpg\" alt=\"\" class=\"wp-image-3566\" srcset=\"https:\/\/focotocantinense.com.br\/wp-content\/uploads\/2023\/01\/lagoa-3-sessao.jpg 1024w, https:\/\/focotocantinense.com.br\/wp-content\/uploads\/2023\/01\/lagoa-3-sessao-300x200.jpg 300w, https:\/\/focotocantinense.com.br\/wp-content\/uploads\/2023\/01\/lagoa-3-sessao-768x512.jpg 768w\" sizes=\"auto, (max-width: 1024px) 100vw, 1024px\" \/><\/figure>\n","protected":false},"excerpt":{"rendered":"<p>Por Zacarias Martins O vereador &nbsp;Professor&nbsp; Welice Cardoso, do partido Solidariedade (SD), tomou posse, neste domingo (1), como novo presidente da C\u00e2mara Municipal de Lagoa da Confus\u00e3o. Ele vai comandar a casa pelos pr\u00f3ximos dois anos. A cerim\u00f4nia &nbsp;de posse aconteceu no plen\u00e1rio do Legislativo Lagoense&nbsp; &nbsp;e contou com a presen\u00e7a do Prefeito &nbsp;Dr. Thiago &hellip;<\/p>\n","protected":false},"author":5,"featured_media":3559,"comment_status":"open","ping_status":"open","sticky":false,"template":"","format":"standard","meta":{"footnotes":""},"categories":[71],"tags":[],"class_list":["post-3558","post","type-post","status-publish","format-standard","has-post-thumbnail","","category-lagoa-da-confusao"],"_links":{"self":[{"href":"https:\/\/focotocantinense.com.br\/index.php?rest_route=\/wp\/v2\/posts\/3558","targetHints":{"allow":["GET"]}}],"collection":[{"href":"https:\/\/focotocantinense.com.br\/index.php?rest_route=\/wp\/v2\/posts"}],"about":[{"href":"https:\/\/focotocantinense.com.br\/index.php?rest_route=\/wp\/v2\/types\/post"}],"author":[{"embeddable":true,"href":"https:\/\/focotocantinense.com.br\/index.php?rest_route=\/wp\/v2\/users\/5"}],"replies":[{"embeddable":true,"href":"https:\/\/focotocantinense.com.br\/index.php?rest_route=%2Fwp%2Fv2%2Fcomments&post=3558"}],"version-history":[{"count":5,"href":"https:\/\/focotocantinense.com.br\/index.php?rest_route=\/wp\/v2\/posts\/3558\/revisions"}],"predecessor-version":[{"id":3567,"href":"https:\/\/focotocantinense.com.br\/index.php?rest_route=\/wp\/v2\/posts\/3558\/revisions\/3567"}],"wp:featuredmedia":[{"embeddable":true,"href":"https:\/\/focotocantinense.com.br\/index.php?rest_route=\/wp\/v2\/media\/3559"}],"wp:attachment":[{"href":"https:\/\/focotocantinense.com.br\/index.php?rest_route=%2Fwp%2Fv2%2Fmedia&parent=3558"}],"wp:term":[{"taxonomy":"category","embeddable":true,"href":"https:\/\/focotocantinense.com.br\/index.php?rest_route=%2Fwp%2Fv2%2Fcategories&post=3558"},{"taxonomy":"post_tag","embeddable":true,"href":"https:\/\/focotocantinense.com.br\/index.php?rest_route=%2Fwp%2Fv2%2Ftags&post=3558"}],"curies":[{"name":"wp","href":"https:\/\/api.w.org\/{rel}","templated":true}]}}