{"id":3555,"date":"2023-01-02T17:21:02","date_gmt":"2023-01-02T20:21:02","guid":{"rendered":"https:\/\/focotocantinense.com.br\/?p=3555"},"modified":"2023-01-02T17:21:02","modified_gmt":"2023-01-02T20:21:02","slug":"governador-wanderlei-barbosa-e-vice-laurez-moreira-tomam-posse-na-al-e-sao-recebidos-pelo-publico-no-palacio-araguaia","status":"publish","type":"post","link":"https:\/\/focotocantinense.com.br\/?p=3555","title":{"rendered":"Governador Wanderlei Barbosa e vice Laurez Moreira tomam posse na AL e s\u00e3o recebidos pelo p\u00fablico no Pal\u00e1cio Araguaia"},"content":{"rendered":"\n<p>\u201cEu farei o meu governo de maneira simples, para que as pessoas tenham proximidade ao meu gabinete. Quero que os programas sociais da nossa gest\u00e3o atinjam as pessoas. Eu quero cuidar do meu povo\u201d. Foram com essas palavras que o governador Wanderlei Barbosa, iniciou sua fala na cerim\u00f4nia de posse, juntamente com o vice-governador Laurez Moreira, neste domingo, 1\u00ba de janeiro. A sess\u00e3o solene foi conduzida pelo deputado Antonio Andrade, atual presidente da Assembleia Legislativa do Tocantins (Aleto), e contou com a participa\u00e7\u00e3o da senadora eleita Dorinha Seabra Rezende, do senador Eduardo Gomes, da prefeita de Palmas, Cinthia Ribeiro, entre outras autoridades do judici\u00e1rio, legislativo e prefeitos de v\u00e1rios munic\u00edpios tocantinenses. &nbsp;<br><br>Em seu discurso como autoridade m\u00e1xima da Aleto, o presidente Antonio Andrade ressaltou que reconhece o car\u00e1ter do governador Wanderlei Barbosa. \u201cCertamente ele governar\u00e1 seguindo os princ\u00edpios da f\u00e9 e honradez, o que nos permite afirmar que o Tocantins vai seguir com a\u00e7\u00f5es propositivas, buscando desenvolvimento para melhorar as condi\u00e7\u00f5es do povo tocantinense. Tenho certeza que com a experi\u00eancia de Laurez e de Wanderlei, a gest\u00e3o far\u00e1 um excelente trabalho. Aqui come\u00e7a uma nova hist\u00f3ria para nossa gente\u201d, afirmou.<br><br>Durante a sess\u00e3o, o governador eleito, Wanderlei Barbosa, recebeu a faixa de Andrade e fez o juramento oficial, prometendo cumprir as constitui\u00e7\u00f5es (Federal e Estadual). Posteriormente, em discurso, apresentou resultados da sua gest\u00e3o, que assumiu em outubro de 2021, e garantiu manter o bom desempenho para os pr\u00f3ximos quatro anos. \u201cEsses resultados representam a presta\u00e7\u00e3o de contas que fazemos quest\u00e3o de externar. Temos um compromisso e vamos alcan\u00e7ar muito mais nos pr\u00f3ximos anos, com atua\u00e7\u00e3o expressiva na sa\u00fade, educa\u00e7\u00e3o, seguran\u00e7a e infraestrutura. Como governador n\u00e3o vou mandar, vou comandar para o povo tocantinense\u201d, afirmou o governador rec\u00e9m empossado.<br>&nbsp;<br>Ainda em seu discurso durante a posse, emocionado, o chefe do executivo agradeceu aos tocantinenses pela confian\u00e7a, prometeu honrar e governar o Estado do Tocantins de forma justa, atendendo a contento todos os cidad\u00e3os do estado. \u201cObrigado a todos que confiaram em mim para que pudesse governar este Estado. Agrade\u00e7o a todos que me fizeram chegar aqui. No nosso Governo teremos muito respeito, aos \u00f3rg\u00e3os de Justi\u00e7a, aos \u00f3rg\u00e3os legislativos e aos tocantinenses. Deus aben\u00e7oe o nosso Estado. Obrigado a todos\u201d, discursou.<br><br>Dando continuidade \u00e0 cerim\u00f4nia de posse, o governador Wanderlei Barbosa e o vice-governador Laurez Moreira caminharam at\u00e9 a ala norte do Pal\u00e1cio Araguaia, onde o pastor da Primeira Igreja Batista de Taquaru\u00e7u, Michelangelo Lima, e o arcebispo Dom Pedro Brito Guimar\u00e3es, realizaram atos ecum\u00eanicos.<br><br>J\u00e1 na Pra\u00e7a dos Girass\u00f3is, o vice-governador Laurez Moreira refor\u00e7ou o potencial do Tocantins e afirmou que vai contribuir com a gest\u00e3o de forma ativa para melhorar, cada vez mais, o bem estar social da popula\u00e7\u00e3o. \u201cEu sei da responsabilidade que \u00e9 ser um vice-governador, ainda mais ao lado do nosso Wanderlei Barbosa. Garanto que ele e o Estado ter\u00e3o um vice-governador que dar\u00e1 tranquilidade e servi\u00e7o, pois minha experi\u00eancia me ensinou e estarei aqui para ajudar. N\u00f3s dois nascemos aqui no Estado e vamos fazer uma administra\u00e7\u00e3o n\u00e3o s\u00f3 para o Tocantins, mas tamb\u00e9m para o Brasil, haja vista o potencial que temos\u201d, conferiu o vice-governador Laurez.<br><br>Novamente discursando, no palco montado na ala norte do Pal\u00e1cio Araguaia, o governador Wanderlei Barbosa finalizou seu enunciado para a popula\u00e7\u00e3o garantindo o trabalho coletivo com equipe de Governo, prefeitos de todos os munic\u00edpios e demais frentes pol\u00edticas, para que juntos entreguem um trabalho de excel\u00eancia. \u201cMeu vice ser\u00e1 de extrema import\u00e2ncia para a nossa gest\u00e3o. Quero dizer ao povo do meu Estado da certeza de uma coisa, que vamos trabalhar diariamente para corresponder essa confian\u00e7a. Vou conversar com todos os setores e com os prefeitos. Pe\u00e7o sempre para meus secret\u00e1rios atendam bem a todos e todas, com educa\u00e7\u00e3o e cuidado, pois somos remunerados para atend\u00ea-los. Estamos \u00e0 disposi\u00e7\u00e3o e essa \u00e9 nossa obriga\u00e7\u00e3o\u201d, finalizou o governador.<br><br><strong>Perfil do governador Wanderlei Barbosa e do vice Laurez Moreira<\/strong><\/p>\n\n\n\n<p>Wanderlei Barbosa Castro tomou posse neste domingo, 1\u00ba de janeiro, para seu segundo mandato como Governador do Tocantins. Ele \u00e9 natural de Porto Nacional, onde come\u00e7ou a carreira pol\u00edtica em 1989, quando foi eleito vereador pelo munic\u00edpio. Em 1996, tornou-se vereador por Palmas, cargo que ocupou at\u00e9 2010. Neste mesmo ano, elegeu-se para o primeiro mandato de dois, como deputado estadual. Em 2018, foi vice-governador do Tocantins e assumiu o Executivo como governador em outubro de 2021.<br><br>Atualmente o governador \u00e9 filiado ao Republicanos e no ano de 2022 a sua chapa de com Laurez Moreira de vice foi eleita em vota\u00e7\u00e3o hist\u00f3rica. Venceram em primeiro turno, com 58,14% dos votos v\u00e1lidos, o que representa um total de 481 mil eleitores. De fam\u00edlia pol\u00edtica, Wanderlei Barbosa Castro \u00e9 filho de Fenelon Barbosa, primeiro prefeito de Palmas, e pai de L\u00e9o Barbosa, reeleito como deputado estadual.<\/p>\n\n\n\n<p>Laurez Moreira \u00e9 um tocantinense leg\u00edtimo. Nasceu em Duer\u00e9. Seu pai, Juarez Moreira, era agricultor e foi pol\u00edtico na cidade. Come\u00e7ou a participar do movimento estudantil ainda jovem e em 1980 foi eleito vereador de Duer\u00e9. Nessa \u00e9poca, Laurez confirmou sua voca\u00e7\u00e3o para a pol\u00edtica. Em 1994, candidatou-se a deputado estadual. Laurez foi eleito pela primeira vez e na Assembleia ficou por tr\u00eas mandatos. Ganhou experi\u00eancia no parlamento e em 2006 resolveu representar o Tocantins na C\u00e2mara dos Deputados em Bras\u00edlia.<br><br>Em 2010, Laurez foi reeleito com grande vota\u00e7\u00e3o e fez um trabalho que o credenciou a se candidatar a prefeito de Gurupi, em 2012. Laurez venceu e se tornou prefeito. Foram 8 anos de gest\u00e3o na cidade gurupiense. Hoje, al\u00e9m de ser vice-governador do Tocantins, preside o partido PDT no Tocantins.<\/p>\n\n\n\n<figure class=\"wp-block-image\"><img decoding=\"async\" src=\"https:\/\/central.to.gov.br\/image\/313473?w=670&amp;h=383\" alt=\"\"\/><\/figure>\n\n\n\n<p><em><strong>Governador Wanderlei Barbosa discursa na Aleto e afirma um Governo compromissado e acess\u00edvel para o povo &#8211; (Foto: Ant\u00f4nio Gon\u00e7alves\/Governo do Tocantins)<\/strong><\/em><\/p>\n\n\n\n<p><img decoding=\"async\" src=\"https:\/\/central.to.gov.br\/image\/313474?w=670&amp;h=383\"><\/p>\n\n\n\n<p><em><strong>Dando continuidade \u00e0 cerim\u00f4nia de posse, o governador Wanderlei Barbosa e o vice-governador Laurez Moreira caminharam at\u00e9 a ala norte do Pal\u00e1cio Araguaia &#8211; (Foto: Ant\u00f4nio Gon\u00e7alves\/Governo do Tocantins)&nbsp;<\/strong><\/em><\/p>\n\n\n\n<p><img decoding=\"async\" src=\"https:\/\/central.to.gov.br\/image\/313475?w=670&amp;h=383\"><\/p>\n\n\n\n<p><em><strong>Emocionado, o chefe do executivo agradeceu aos tocantinenses pela confian\u00e7a, prometeu honrar e governar o Estado do Tocantins de forma justa &#8211; (Foto: Ant\u00f4nio Gon\u00e7alves\/Governo do Tocantins)<\/strong><\/em><\/p>\n","protected":false},"excerpt":{"rendered":"<p>\u201cEu farei o meu governo de maneira simples, para que as pessoas tenham proximidade ao meu gabinete. Quero que os programas sociais da nossa gest\u00e3o atinjam as pessoas. Eu quero cuidar do meu povo\u201d. Foram com essas palavras que o governador Wanderlei Barbosa, iniciou sua fala na cerim\u00f4nia de posse, juntamente com o vice-governador Laurez &hellip;<\/p>\n","protected":false},"author":5,"featured_media":3556,"comment_status":"open","ping_status":"open","sticky":false,"template":"","format":"standard","meta":{"footnotes":""},"categories":[40],"tags":[],"class_list":["post-3555","post","type-post","status-publish","format-standard","has-post-thumbnail","","category-politica"],"_links":{"self":[{"href":"https:\/\/focotocantinense.com.br\/index.php?rest_route=\/wp\/v2\/posts\/3555","targetHints":{"allow":["GET"]}}],"collection":[{"href":"https:\/\/focotocantinense.com.br\/index.php?rest_route=\/wp\/v2\/posts"}],"about":[{"href":"https:\/\/focotocantinense.com.br\/index.php?rest_route=\/wp\/v2\/types\/post"}],"author":[{"embeddable":true,"href":"https:\/\/focotocantinense.com.br\/index.php?rest_route=\/wp\/v2\/users\/5"}],"replies":[{"embeddable":true,"href":"https:\/\/focotocantinense.com.br\/index.php?rest_route=%2Fwp%2Fv2%2Fcomments&post=3555"}],"version-history":[{"count":1,"href":"https:\/\/focotocantinense.com.br\/index.php?rest_route=\/wp\/v2\/posts\/3555\/revisions"}],"predecessor-version":[{"id":3557,"href":"https:\/\/focotocantinense.com.br\/index.php?rest_route=\/wp\/v2\/posts\/3555\/revisions\/3557"}],"wp:featuredmedia":[{"embeddable":true,"href":"https:\/\/focotocantinense.com.br\/index.php?rest_route=\/wp\/v2\/media\/3556"}],"wp:attachment":[{"href":"https:\/\/focotocantinense.com.br\/index.php?rest_route=%2Fwp%2Fv2%2Fmedia&parent=3555"}],"wp:term":[{"taxonomy":"category","embeddable":true,"href":"https:\/\/focotocantinense.com.br\/index.php?rest_route=%2Fwp%2Fv2%2Fcategories&post=3555"},{"taxonomy":"post_tag","embeddable":true,"href":"https:\/\/focotocantinense.com.br\/index.php?rest_route=%2Fwp%2Fv2%2Ftags&post=3555"}],"curies":[{"name":"wp","href":"https:\/\/api.w.org\/{rel}","templated":true}]}}