{"id":3552,"date":"2023-01-02T14:39:52","date_gmt":"2023-01-02T17:39:52","guid":{"rendered":"https:\/\/focotocantinense.com.br\/?p=3552"},"modified":"2023-01-02T17:18:43","modified_gmt":"2023-01-02T20:18:43","slug":"camara-municipal-de-lagoa-da-confusao-recebe-selo-prata-em-transparencia-publica","status":"publish","type":"post","link":"https:\/\/focotocantinense.com.br\/?p=3552","title":{"rendered":"<strong>C\u00e2mara Municipal de Lagoa da Confus\u00e3o recebe Selo Prata em Transpar\u00eancia P\u00fablica<\/strong>"},"content":{"rendered":"\n<figure class=\"wp-block-image size-large is-resized\"><img loading=\"lazy\" decoding=\"async\" src=\"https:\/\/focotocantinense.com.br\/wp-content\/uploads\/2023\/01\/vereado-di-recebe-o-selo-1024x682.jpg\" alt=\"\" class=\"wp-image-3553\" width=\"402\" height=\"268\" srcset=\"https:\/\/focotocantinense.com.br\/wp-content\/uploads\/2023\/01\/vereado-di-recebe-o-selo-1024x682.jpg 1024w, https:\/\/focotocantinense.com.br\/wp-content\/uploads\/2023\/01\/vereado-di-recebe-o-selo-300x200.jpg 300w, https:\/\/focotocantinense.com.br\/wp-content\/uploads\/2023\/01\/vereado-di-recebe-o-selo-768x512.jpg 768w, https:\/\/focotocantinense.com.br\/wp-content\/uploads\/2023\/01\/vereado-di-recebe-o-selo-1536x1023.jpg 1536w, https:\/\/focotocantinense.com.br\/wp-content\/uploads\/2023\/01\/vereado-di-recebe-o-selo.jpg 1600w\" sizes=\"auto, (max-width: 402px) 100vw, 402px\" \/><\/figure>\n\n\n\n<p>Durante a sess\u00e3o solene de da nova Mesa Diretora da &nbsp;C\u00e2mara Municipal de Vereadores de Lagoa da Confus\u00e3o, o Presidente do bi\u00eanio 2021-2022, Luiz Edvaldo \u2013 o popular Di (PTB), &nbsp;antes de passar o cargo ao seu sucessor, vereador Welice Cardos dos Santos (SD) recebeu o Selo Prata de Transpar\u00eancia P\u00fablica do programa Radar Nacional de Transpar\u00eancia P\u00fablica, considerado o maior reposit\u00f3rio de informa\u00e7\u00f5es sobre transpar\u00eancia p\u00fablica do Brasil.<\/p>\n\n\n\n<p>Esse \u00e9 o objetivo e contribui\u00e7\u00e3o efetiva que a Associa\u00e7\u00e3o dos Membros dos Tribunais de Contas do Brasil &#8211; Atricon, os Tribunais de Contas brasileiros \u2013 TCs, o Instituto Rui Barbosa \u2013 IRB, o Conselho Nacional de Presidentes dos Tribunais de Contas \u2013 CNPTC, a Associa\u00e7\u00e3o Brasileira de Tribunais de Contas de Munic\u00edpios \u2013 Abracom \u2013 aqui denominados Sistema Tribunais de Contas \u2013 e o Conselho Nacional de Controle Interno \u2013 Conaci oferecem com este portal de informa\u00e7\u00f5es.<\/p>\n\n\n\n<p>Os crit\u00e9rios adotados refletem as exig\u00eancias da Lei de Responsabilidade Fiscal, especialmente na parte alterada pela Lei de Transpar\u00eancia da Gest\u00e3o Fiscal (Leis Complementares Federais n\u00ba 101\/2000, n\u00ba 131\/2009 e n\u00ba 156\/2016), a Lei de Acesso \u00e0 Informa\u00e7\u00e3o (Lei n\u00ba 12527\/2011) e a Lei das Ouvidorias (Lei Federal n\u00ba 13.460\/2017).<\/p>\n\n\n\n<p>Para al\u00e9m de ser um direito do cidad\u00e3o, a transpar\u00eancia na administra\u00e7\u00e3o p\u00fablica \u00e9 uma a\u00e7\u00e3o concreta que possibilita, de fato, a fiscaliza\u00e7\u00e3o e o controle social, bem como viabiliza a participa\u00e7\u00e3o da sociedade na tomada de decis\u00f5es. Afinal, para controlar \u00e9 preciso ter acesso \u00e0s informa\u00e7\u00f5es e conhecer. Saber com clareza como o dinheiro arrecadado com impostos \u00e9 gasto pelos \u00f3rg\u00e3os p\u00fablicos.<\/p>\n\n\n\n<p><strong>Agradecimentos<\/strong><\/p>\n\n\n\n<p>Ao agradecer pelo recebimento desse Selo, o vereador Di afirmou que trata-se do reconhecimento do incans\u00e1vel trabalho&nbsp; da sua gest\u00e3o frente \u00e0 C\u00e2mara Municipal de Lagoa da Confus\u00e3o, que sempre se pautou pela transpar\u00eancia &nbsp;nas contas p\u00fablicas, na responsabilidade e&nbsp; no respeito ao cidad\u00e3o lagoense. \u201cTudo isso \u00e9 fruto de um trabalho de equipe. Por isso, agrade\u00e7o a todos os servidores&nbsp; da C\u00e2mara de Lagoa da Confus\u00e3o por mais essa importante conquista\u201d, enfatizou o vereador Di.<\/p>\n","protected":false},"excerpt":{"rendered":"<p>Durante a sess\u00e3o solene de da nova Mesa Diretora da &nbsp;C\u00e2mara Municipal de Vereadores de Lagoa da Confus\u00e3o, o Presidente do bi\u00eanio 2021-2022, Luiz Edvaldo \u2013 o popular Di (PTB), &nbsp;antes de passar o cargo ao seu sucessor, vereador Welice Cardos dos Santos (SD) recebeu o Selo Prata de Transpar\u00eancia P\u00fablica do programa Radar Nacional &hellip;<\/p>\n","protected":false},"author":5,"featured_media":3553,"comment_status":"open","ping_status":"open","sticky":false,"template":"","format":"standard","meta":{"footnotes":""},"categories":[71,1],"tags":[],"class_list":["post-3552","post","type-post","status-publish","format-standard","has-post-thumbnail","","category-lagoa-da-confusao","category-sem-categoria"],"_links":{"self":[{"href":"https:\/\/focotocantinense.com.br\/index.php?rest_route=\/wp\/v2\/posts\/3552","targetHints":{"allow":["GET"]}}],"collection":[{"href":"https:\/\/focotocantinense.com.br\/index.php?rest_route=\/wp\/v2\/posts"}],"about":[{"href":"https:\/\/focotocantinense.com.br\/index.php?rest_route=\/wp\/v2\/types\/post"}],"author":[{"embeddable":true,"href":"https:\/\/focotocantinense.com.br\/index.php?rest_route=\/wp\/v2\/users\/5"}],"replies":[{"embeddable":true,"href":"https:\/\/focotocantinense.com.br\/index.php?rest_route=%2Fwp%2Fv2%2Fcomments&post=3552"}],"version-history":[{"count":1,"href":"https:\/\/focotocantinense.com.br\/index.php?rest_route=\/wp\/v2\/posts\/3552\/revisions"}],"predecessor-version":[{"id":3554,"href":"https:\/\/focotocantinense.com.br\/index.php?rest_route=\/wp\/v2\/posts\/3552\/revisions\/3554"}],"wp:featuredmedia":[{"embeddable":true,"href":"https:\/\/focotocantinense.com.br\/index.php?rest_route=\/wp\/v2\/media\/3553"}],"wp:attachment":[{"href":"https:\/\/focotocantinense.com.br\/index.php?rest_route=%2Fwp%2Fv2%2Fmedia&parent=3552"}],"wp:term":[{"taxonomy":"category","embeddable":true,"href":"https:\/\/focotocantinense.com.br\/index.php?rest_route=%2Fwp%2Fv2%2Fcategories&post=3552"},{"taxonomy":"post_tag","embeddable":true,"href":"https:\/\/focotocantinense.com.br\/index.php?rest_route=%2Fwp%2Fv2%2Ftags&post=3552"}],"curies":[{"name":"wp","href":"https:\/\/api.w.org\/{rel}","templated":true}]}}