{"id":3549,"date":"2023-01-01T13:04:21","date_gmt":"2023-01-01T16:04:21","guid":{"rendered":"https:\/\/focotocantinense.com.br\/?p=3549"},"modified":"2023-01-01T13:05:07","modified_gmt":"2023-01-01T16:05:07","slug":"capacidade-de-gestao-do-governador-e-enaltecida-em-sessao-de-posse","status":"publish","type":"post","link":"https:\/\/focotocantinense.com.br\/?p=3549","title":{"rendered":"Capacidade de gest\u00e3o do governador \u00e9 enaltecida em sess\u00e3o de posse"},"content":{"rendered":"\n<figure class=\"wp-block-image size-full is-resized\"><img loading=\"lazy\" decoding=\"async\" src=\"https:\/\/focotocantinense.com.br\/wp-content\/uploads\/2023\/01\/AAAAAAAAAAAAAAAAAAAAA.jpg\" alt=\"\" class=\"wp-image-3550\" width=\"351\" height=\"175\" srcset=\"https:\/\/focotocantinense.com.br\/wp-content\/uploads\/2023\/01\/AAAAAAAAAAAAAAAAAAAAA.jpg 969w, https:\/\/focotocantinense.com.br\/wp-content\/uploads\/2023\/01\/AAAAAAAAAAAAAAAAAAAAA-300x150.jpg 300w, https:\/\/focotocantinense.com.br\/wp-content\/uploads\/2023\/01\/AAAAAAAAAAAAAAAAAAAAA-768x384.jpg 768w, https:\/\/focotocantinense.com.br\/wp-content\/uploads\/2023\/01\/AAAAAAAAAAAAAAAAAAAAA-660x330.jpg 660w\" sizes=\"auto, (max-width: 351px) 100vw, 351px\" \/><\/figure>\n\n\n\n<p>Durante sess\u00e3o solene de posse realizada na manh\u00e3 deste domingo, 1\u00ba, na Assembleia Legislativa do Tocantins (Aleto), o l\u00edder do Governo na Casa, deputado Ivory de Lira (PCdoB), enalteceu a capacidade de gest\u00e3o do governador Wanderlei Barbosa (Republicanos).<\/p>\n\n\n\n<p>Ao representar os demais parlamentares, Lira destacou a felicidade em dar posse ao governador Wanderlei Barbosa (Republicanos) e ao vice Laurez Moreira (PDT). \u201cDois cidad\u00e3os com uma hist\u00f3ria muito bonita de trabalho e de luta\u201d, afirmou.<\/p>\n\n\n\n<p>\u201cConhe\u00e7o Wanderlei Barbosa com propriedade: o cora\u00e7\u00e3o que ele tem, o ser humano que \u00e9, pois convivemos em quatro mandatos de vereador aqui em Palmas. Conhe\u00e7o seu car\u00e1ter e determina\u00e7\u00e3o, e foi justamente por isso que Deus e o povo lhe concederam essa oportunidade\u201d, disse.<\/p>\n\n\n\n<p>\u201cVoc\u00ea demonstrou ter sensibilidade e capacidade para gerir os destinos deste Estado. Por isso, reelegeu-se no primeiro turno com uma vota\u00e7\u00e3o expressiva\u201d, acrescentou Ivory.<\/p>\n\n\n\n<p>O deputado pontuou a participa\u00e7\u00e3o ativa da Assembleia Legislativa na constru\u00e7\u00e3o da gest\u00e3o estadual, muitas vezes com diverg\u00eancia, mas convergindo no momento certo para que os resultados de pol\u00edticas p\u00fablicas chegassem \u00e0 popula\u00e7\u00e3o. \u201cDeixo registrado o reconhecimento ao papel importante da Aleto\u201d, destacou.<\/p>\n\n\n\n<p>\u201cQuero dizer aos deputados eleitos: temos uma responsabilidade muito grande de estarmos aqui atentos, vigilantes, procurando de todas as formas contribuir com a\u00e7\u00f5es, debates, a fim de que o resultado das pol\u00edticas governamentais possa a cada dia mais melhorar a qualidade de vida do povo tocantinense\u201d, continuou Lira.<\/p>\n\n\n\n<p>O deputado considerou o Tocantins privilegiado por ficar \u201cno cora\u00e7\u00e3o do Brasil\u201d, ser um Estado emergente, com potencial h\u00eddrico importante, com o agroneg\u00f3cio e a pecu\u00e1ria fortalecidos, al\u00e9m de uma log\u00edstica que barateia os custos dos transportes, permitindo colocar os produtos com competitividade de mercado em todo o mundo.<\/p>\n\n\n\n<p>\u201cTenho certeza de que todos os novos deputados ir\u00e3o fazer, a partir de 1\u00ba de fevereiro, todo o poss\u00edvel para fortalecer a economia e gerar o mais importante para um pai de fam\u00edlia e a um jovem que quer uma oportunidade de trabalho. E estaremos aqui para contribuir\u201d, garantiu.<\/p>\n\n\n\n<p>\u201cDesejo sucesso a Vossa Excel\u00eancia e ao vice-governador, e aproveito para desejar sucesso tamb\u00e9m ao presidente eleito Luiz In\u00e1cio Lula da Silva (PT), que tomar\u00e1 posse dentro de poucas horas em Bras\u00edlia\u201d, destacou.<\/p>\n\n\n\n<p>Ivory encerrou seu pronunciamento ressaltando que, acima das obras estruturantes, a raz\u00e3o dos poderes constitu\u00eddos \u00e9 cuidar das pessoas. \u201cEsse \u00e9 o nosso compromisso\u201d, finalizou.<\/p>\n","protected":false},"excerpt":{"rendered":"<p>Durante sess\u00e3o solene de posse realizada na manh\u00e3 deste domingo, 1\u00ba, na Assembleia Legislativa do Tocantins (Aleto), o l\u00edder do Governo na Casa, deputado Ivory de Lira (PCdoB), enalteceu a capacidade de gest\u00e3o do governador Wanderlei Barbosa (Republicanos). Ao representar os demais parlamentares, Lira destacou a felicidade em dar posse ao governador Wanderlei Barbosa (Republicanos) &hellip;<\/p>\n","protected":false},"author":5,"featured_media":3550,"comment_status":"open","ping_status":"open","sticky":false,"template":"","format":"standard","meta":{"footnotes":""},"categories":[40],"tags":[],"class_list":["post-3549","post","type-post","status-publish","format-standard","has-post-thumbnail","","category-politica"],"_links":{"self":[{"href":"https:\/\/focotocantinense.com.br\/index.php?rest_route=\/wp\/v2\/posts\/3549","targetHints":{"allow":["GET"]}}],"collection":[{"href":"https:\/\/focotocantinense.com.br\/index.php?rest_route=\/wp\/v2\/posts"}],"about":[{"href":"https:\/\/focotocantinense.com.br\/index.php?rest_route=\/wp\/v2\/types\/post"}],"author":[{"embeddable":true,"href":"https:\/\/focotocantinense.com.br\/index.php?rest_route=\/wp\/v2\/users\/5"}],"replies":[{"embeddable":true,"href":"https:\/\/focotocantinense.com.br\/index.php?rest_route=%2Fwp%2Fv2%2Fcomments&post=3549"}],"version-history":[{"count":1,"href":"https:\/\/focotocantinense.com.br\/index.php?rest_route=\/wp\/v2\/posts\/3549\/revisions"}],"predecessor-version":[{"id":3551,"href":"https:\/\/focotocantinense.com.br\/index.php?rest_route=\/wp\/v2\/posts\/3549\/revisions\/3551"}],"wp:featuredmedia":[{"embeddable":true,"href":"https:\/\/focotocantinense.com.br\/index.php?rest_route=\/wp\/v2\/media\/3550"}],"wp:attachment":[{"href":"https:\/\/focotocantinense.com.br\/index.php?rest_route=%2Fwp%2Fv2%2Fmedia&parent=3549"}],"wp:term":[{"taxonomy":"category","embeddable":true,"href":"https:\/\/focotocantinense.com.br\/index.php?rest_route=%2Fwp%2Fv2%2Fcategories&post=3549"},{"taxonomy":"post_tag","embeddable":true,"href":"https:\/\/focotocantinense.com.br\/index.php?rest_route=%2Fwp%2Fv2%2Ftags&post=3549"}],"curies":[{"name":"wp","href":"https:\/\/api.w.org\/{rel}","templated":true}]}}