{"id":3540,"date":"2022-12-31T18:24:30","date_gmt":"2022-12-31T21:24:30","guid":{"rendered":"https:\/\/focotocantinense.com.br\/?p=3540"},"modified":"2022-12-31T18:25:38","modified_gmt":"2022-12-31T21:25:38","slug":"ifto-de-palmas-publica-edital-para-contratacao-de-professores-substitutos-nas-areas-de-educacao-fisica-e-engenharia-civil-edificacoes","status":"publish","type":"post","link":"https:\/\/focotocantinense.com.br\/?p=3540","title":{"rendered":"IFTO de Palmas publica edital para contrata\u00e7\u00e3o de professores substitutos nas \u00e1reas de: Educa\u00e7\u00e3o F\u00edsica e Engenharia Civil\/ Edifica\u00e7\u00f5es"},"content":{"rendered":"\n<p>O Campus Palmas, do Instituto Federal do Tocantins (IFTO), publicou o edital n\u00b080 que rege o processo seletivo para contrata\u00e7\u00e3o de professor substituto para as \u00e1reas de Educa\u00e7\u00e3o F\u00edsica e Engenharia Civil\/Edifica\u00e7\u00f5es.&nbsp;<\/p>\n\n\n\n<p>O edital oferta uma vaga para professor substituto&nbsp; de Educa\u00e7\u00e3o F\u00edsica, no regime de trabalho de 20 horas semanais, sendo requisito de habilita\u00e7\u00e3o a Licenciatura em Educa\u00e7\u00e3o F\u00edsica ou Bacharelado em Educa\u00e7\u00e3o F\u00edsica com Forma\u00e7\u00e3o Pedag\u00f3gica para Docente, em conformidade com a Resolu\u00e7\u00e3o n\u00b0 CNE\/CBE 2\/97. Tamb\u00e9m \u00e9 ofertada uma vaga para professor substituto de Engenharia Civil\/Edifica\u00e7\u00f5es, sendo requisito de habilita\u00e7\u00e3o a&nbsp; Gradua\u00e7\u00e3o em Engenharia Civil ou Constru\u00e7\u00e3o de Edif\u00edcios.<\/p>\n\n\n\n<p>As inscri\u00e7\u00f5es podem ser realizadas no per\u00edodo de 27\/12\/2022 a 11\/01\/2023. A inscri\u00e7\u00e3o ser\u00e1 efetuada mediante o envio dos documentos exigidos no edital, para o endere\u00e7o de e-mail&nbsp;<strong>&#8220;<a href=\"mailto:seletivoprofessor.palmas@ifto.edu.br\">seletivoprofessor.palmas@ifto.edu.br<\/a><\/strong>&#8220;. A sele\u00e7\u00e3o ser\u00e1 realizada em duas etapas, ambas de car\u00e1ter eliminat\u00f3rio e classificat\u00f3rio, sendo: a) 1\u00aa Etapa &#8211; Prova de T\u00edtulos\/An\u00e1lise Curricular; b) 2\u00aa Etapa &#8211; Prova de Desempenho Did\u00e1tico.&nbsp;<\/p>\n\n\n\n<p>Confira o edital na \u00edntegra pelo link:&nbsp;<strong><a href=\"http:\/\/www.ifto.edu.br\/palmas\/campus-palmas\/seletivos-palmas\/edital-no-80-2022-processo-seletivo-simplificado-para-contratacao-de-professor-substituto-para-o-campus-palmas-do-ifto-2013-areas-educacao-fisica-e-engenharia-civil-edificacoes\">Edital n\u00b080<\/a><\/strong><\/p>\n\n\n\n<p><\/p>\n\n\n\n<figure class=\"wp-block-image size-large is-resized\"><img loading=\"lazy\" decoding=\"async\" src=\"https:\/\/focotocantinense.com.br\/wp-content\/uploads\/2022\/12\/campus-palmas-1-1024x554.jpg\" alt=\"\" class=\"wp-image-3545\" width=\"395\" height=\"213\" srcset=\"https:\/\/focotocantinense.com.br\/wp-content\/uploads\/2022\/12\/campus-palmas-1-1024x554.jpg 1024w, https:\/\/focotocantinense.com.br\/wp-content\/uploads\/2022\/12\/campus-palmas-1-300x162.jpg 300w, https:\/\/focotocantinense.com.br\/wp-content\/uploads\/2022\/12\/campus-palmas-1-768x415.jpg 768w, https:\/\/focotocantinense.com.br\/wp-content\/uploads\/2022\/12\/campus-palmas-1.jpg 1165w\" sizes=\"auto, (max-width: 395px) 100vw, 395px\" \/><\/figure>\n\n\n\n<figure class=\"wp-block-image size-large\"><img loading=\"lazy\" decoding=\"async\" width=\"1024\" height=\"296\" src=\"https:\/\/focotocantinense.com.br\/wp-content\/uploads\/2022\/12\/veloso_banner-4-1024x296.jpeg\" alt=\"\" class=\"wp-image-3547\" srcset=\"https:\/\/focotocantinense.com.br\/wp-content\/uploads\/2022\/12\/veloso_banner-4-1024x296.jpeg 1024w, https:\/\/focotocantinense.com.br\/wp-content\/uploads\/2022\/12\/veloso_banner-4-300x87.jpeg 300w, https:\/\/focotocantinense.com.br\/wp-content\/uploads\/2022\/12\/veloso_banner-4-768x222.jpeg 768w, https:\/\/focotocantinense.com.br\/wp-content\/uploads\/2022\/12\/veloso_banner-4.jpeg 1156w\" sizes=\"auto, (max-width: 1024px) 100vw, 1024px\" \/><\/figure>\n","protected":false},"excerpt":{"rendered":"<p>O Campus Palmas, do Instituto Federal do Tocantins (IFTO), publicou o edital n\u00b080 que rege o processo seletivo para contrata\u00e7\u00e3o de professor substituto para as \u00e1reas de Educa\u00e7\u00e3o F\u00edsica e Engenharia Civil\/Edifica\u00e7\u00f5es.&nbsp; O edital oferta uma vaga para professor substituto&nbsp; de Educa\u00e7\u00e3o F\u00edsica, no regime de trabalho de 20 horas semanais, sendo requisito de habilita\u00e7\u00e3o &hellip;<\/p>\n","protected":false},"author":5,"featured_media":3541,"comment_status":"open","ping_status":"open","sticky":false,"template":"","format":"standard","meta":{"footnotes":""},"categories":[37],"tags":[],"class_list":["post-3540","post","type-post","status-publish","format-standard","has-post-thumbnail","","category-palmas"],"_links":{"self":[{"href":"https:\/\/focotocantinense.com.br\/index.php?rest_route=\/wp\/v2\/posts\/3540","targetHints":{"allow":["GET"]}}],"collection":[{"href":"https:\/\/focotocantinense.com.br\/index.php?rest_route=\/wp\/v2\/posts"}],"about":[{"href":"https:\/\/focotocantinense.com.br\/index.php?rest_route=\/wp\/v2\/types\/post"}],"author":[{"embeddable":true,"href":"https:\/\/focotocantinense.com.br\/index.php?rest_route=\/wp\/v2\/users\/5"}],"replies":[{"embeddable":true,"href":"https:\/\/focotocantinense.com.br\/index.php?rest_route=%2Fwp%2Fv2%2Fcomments&post=3540"}],"version-history":[{"count":4,"href":"https:\/\/focotocantinense.com.br\/index.php?rest_route=\/wp\/v2\/posts\/3540\/revisions"}],"predecessor-version":[{"id":3548,"href":"https:\/\/focotocantinense.com.br\/index.php?rest_route=\/wp\/v2\/posts\/3540\/revisions\/3548"}],"wp:featuredmedia":[{"embeddable":true,"href":"https:\/\/focotocantinense.com.br\/index.php?rest_route=\/wp\/v2\/media\/3541"}],"wp:attachment":[{"href":"https:\/\/focotocantinense.com.br\/index.php?rest_route=%2Fwp%2Fv2%2Fmedia&parent=3540"}],"wp:term":[{"taxonomy":"category","embeddable":true,"href":"https:\/\/focotocantinense.com.br\/index.php?rest_route=%2Fwp%2Fv2%2Fcategories&post=3540"},{"taxonomy":"post_tag","embeddable":true,"href":"https:\/\/focotocantinense.com.br\/index.php?rest_route=%2Fwp%2Fv2%2Ftags&post=3540"}],"curies":[{"name":"wp","href":"https:\/\/api.w.org\/{rel}","templated":true}]}}