{"id":3535,"date":"2022-12-31T17:57:18","date_gmt":"2022-12-31T20:57:18","guid":{"rendered":"https:\/\/focotocantinense.com.br\/?p=3535"},"modified":"2022-12-31T17:58:08","modified_gmt":"2022-12-31T20:58:08","slug":"vereadores-bitom-e-napoleao-dionisio-promovem-o-2o-natal-solidario-no-assentamento-loroty","status":"publish","type":"post","link":"https:\/\/focotocantinense.com.br\/?p=3535","title":{"rendered":"Vereadores Bitom e Napole\u00e3o Dion\u00edsio promovem o 2\u00ba Natal Solid\u00e1rio no Assentamento Loroty"},"content":{"rendered":"\n<p><strong>Por Zacarias Martins<\/strong><\/p>\n\n\n\n<p>Dando sequ\u00eancia ao trabalho de a\u00e7\u00e3o social no munic\u00edpio de Lagoa da Confus\u00e3o, os vereadores Bitom (PP) e Napole\u00e3o Dion\u00edsio (PSL),promoveram na tarde desta &nbsp;sexta-feira (30), a segunda edi\u00e7\u00e3o consecutiva do projeto Natal Solid\u00e1rio no Assentamento Loroty.<\/p>\n\n\n\n<p>O evento aconteceu no sal\u00e3o social da Igreja Assembleia de Deus \u2013 Minist\u00e9rio de Madureira, quando na oportunidade, foram distribu\u00eddos muitos brinquedos para as crian\u00e7as daquela localidade. Houve distribui\u00e7\u00e3o farta de chocolate, \u00b4refrigerantes, cachorro quente e muita pipoca.<\/p>\n\n\n\n<p>&nbsp;\u201cAs crian\u00e7as se divertiram muito com os brinquedos recebidos e, certamente, t\u00e3o cedo n\u00e3o v\u00e3o se esquecer desse momento de muita descontra\u00e7\u00e3o e alegria que eu, juntamente o vereador Bitom conseguimos proporcionar \u00e0 elas. E no ano que vem vai ter mais\u201d, afirmou o vereador Napole\u00e3o que se deslocou da sede do munic\u00edpio&nbsp; com a sua equipe de colaboradores e o seu j\u00e1 famoso Gabinete M\u00f3vel.<\/p>\n\n\n\n<p>J\u00e1 o vereador Bitom, que reside no Assentamento, &nbsp;disse que estava gratificado em poder colaborar com esse Natal Solid\u00e1rio. \u201cAs crian\u00e7as do Loroty tamb\u00e9m merecem aten\u00e7\u00e3oespecial, ainda mais, nesta \u00e9poca do ano\u201d, frisou.<\/p>\n\n\n\n<figure class=\"wp-block-image is-resized\"><img loading=\"lazy\" decoding=\"async\" src=\"http:\/\/n1to.com.br\/img\/uploads\/ccccc_7.jpg\" alt=\"\" width=\"373\" height=\"280\"\/><\/figure>\n\n\n\n<figure class=\"wp-block-image\"><img decoding=\"async\" src=\"http:\/\/n1to.com.br\/img\/uploads\/AAAAAAAAAAAAAAAAAAAAA.jpg\" alt=\"\"\/><\/figure>\n\n\n\n<figure class=\"wp-block-image size-full\"><img loading=\"lazy\" decoding=\"async\" width=\"870\" height=\"462\" src=\"https:\/\/focotocantinense.com.br\/wp-content\/uploads\/2022\/12\/PRINCIPAL.jpg\" alt=\"\" class=\"wp-image-3538\" srcset=\"https:\/\/focotocantinense.com.br\/wp-content\/uploads\/2022\/12\/PRINCIPAL.jpg 870w, https:\/\/focotocantinense.com.br\/wp-content\/uploads\/2022\/12\/PRINCIPAL-300x159.jpg 300w, https:\/\/focotocantinense.com.br\/wp-content\/uploads\/2022\/12\/PRINCIPAL-768x408.jpg 768w, https:\/\/focotocantinense.com.br\/wp-content\/uploads\/2022\/12\/PRINCIPAL-310x165.jpg 310w\" sizes=\"auto, (max-width: 870px) 100vw, 870px\" \/><\/figure>\n","protected":false},"excerpt":{"rendered":"<p>Por Zacarias Martins Dando sequ\u00eancia ao trabalho de a\u00e7\u00e3o social no munic\u00edpio de Lagoa da Confus\u00e3o, os vereadores Bitom (PP) e Napole\u00e3o Dion\u00edsio (PSL),promoveram na tarde desta &nbsp;sexta-feira (30), a segunda edi\u00e7\u00e3o consecutiva do projeto Natal Solid\u00e1rio no Assentamento Loroty. O evento aconteceu no sal\u00e3o social da Igreja Assembleia de Deus \u2013 Minist\u00e9rio de Madureira, &hellip;<\/p>\n","protected":false},"author":5,"featured_media":3536,"comment_status":"open","ping_status":"open","sticky":false,"template":"","format":"standard","meta":{"footnotes":""},"categories":[71],"tags":[],"class_list":["post-3535","post","type-post","status-publish","format-standard","has-post-thumbnail","","category-lagoa-da-confusao"],"_links":{"self":[{"href":"https:\/\/focotocantinense.com.br\/index.php?rest_route=\/wp\/v2\/posts\/3535","targetHints":{"allow":["GET"]}}],"collection":[{"href":"https:\/\/focotocantinense.com.br\/index.php?rest_route=\/wp\/v2\/posts"}],"about":[{"href":"https:\/\/focotocantinense.com.br\/index.php?rest_route=\/wp\/v2\/types\/post"}],"author":[{"embeddable":true,"href":"https:\/\/focotocantinense.com.br\/index.php?rest_route=\/wp\/v2\/users\/5"}],"replies":[{"embeddable":true,"href":"https:\/\/focotocantinense.com.br\/index.php?rest_route=%2Fwp%2Fv2%2Fcomments&post=3535"}],"version-history":[{"count":2,"href":"https:\/\/focotocantinense.com.br\/index.php?rest_route=\/wp\/v2\/posts\/3535\/revisions"}],"predecessor-version":[{"id":3539,"href":"https:\/\/focotocantinense.com.br\/index.php?rest_route=\/wp\/v2\/posts\/3535\/revisions\/3539"}],"wp:featuredmedia":[{"embeddable":true,"href":"https:\/\/focotocantinense.com.br\/index.php?rest_route=\/wp\/v2\/media\/3536"}],"wp:attachment":[{"href":"https:\/\/focotocantinense.com.br\/index.php?rest_route=%2Fwp%2Fv2%2Fmedia&parent=3535"}],"wp:term":[{"taxonomy":"category","embeddable":true,"href":"https:\/\/focotocantinense.com.br\/index.php?rest_route=%2Fwp%2Fv2%2Fcategories&post=3535"},{"taxonomy":"post_tag","embeddable":true,"href":"https:\/\/focotocantinense.com.br\/index.php?rest_route=%2Fwp%2Fv2%2Ftags&post=3535"}],"curies":[{"name":"wp","href":"https:\/\/api.w.org\/{rel}","templated":true}]}}