{"id":3529,"date":"2022-12-31T17:54:04","date_gmt":"2022-12-31T20:54:04","guid":{"rendered":"https:\/\/focotocantinense.com.br\/?p=3529"},"modified":"2022-12-31T17:54:37","modified_gmt":"2022-12-31T20:54:37","slug":"prefeitura-de-gurupi-mantem-jornada-de-06-horas-para-servidores-publicos-em-2023","status":"publish","type":"post","link":"https:\/\/focotocantinense.com.br\/?p=3529","title":{"rendered":"Prefeitura de Gurupi mant\u00e9m jornada de 06 horas para servidores p\u00fablicos em 2023"},"content":{"rendered":"\n<p>Foi publicado no Di\u00e1rio Oficial do Munic\u00edpio desta sexta-feira, 30, o decreto n\u00ba 1.586, que mant\u00e9m o hor\u00e1rio de funcionamento de 06 horas corridas nos \u00f3rg\u00e3os p\u00fablicos municipais, que continuar\u00e3o atendendo das 08 \u00e0s 14 horas.<\/p>\n\n\n\n<p>O documento (<a href=\"http:\/\/diariooficial.gurupi.to.gov.br\/arquivos\/edicao_normal\/DOMG-30122022-EN-662.pdf\">clique aqui<\/a>) prev\u00ea que este hor\u00e1rio, que j\u00e1 vinha sendo praticado, seja mantido a partir do dia 1\u00ba de janeiro de 2023 nos \u00f3rg\u00e3os e entidades da administra\u00e7\u00e3o p\u00fablica municipal.<\/p>\n\n\n\n<p>A medida n\u00e3o se aplica aos servi\u00e7os essenciais que exijam regime de plant\u00e3o permanente; \u00e0s unidades educacionais da rede municipal de ensino, por terem calend\u00e1rio pr\u00f3prio; e \u00e0s unidades de limpeza urbana, infraestrutura e de ilumina\u00e7\u00e3o p\u00fablica.<\/p>\n\n\n\n<figure class=\"wp-block-image size-full is-resized\"><img loading=\"lazy\" decoding=\"async\" src=\"https:\/\/focotocantinense.com.br\/wp-content\/uploads\/2022\/12\/image.png\" alt=\"\" class=\"wp-image-3531\" width=\"412\" height=\"206\" srcset=\"https:\/\/focotocantinense.com.br\/wp-content\/uploads\/2022\/12\/image.png 800w, https:\/\/focotocantinense.com.br\/wp-content\/uploads\/2022\/12\/image-300x150.png 300w, https:\/\/focotocantinense.com.br\/wp-content\/uploads\/2022\/12\/image-768x384.png 768w, https:\/\/focotocantinense.com.br\/wp-content\/uploads\/2022\/12\/image-660x330.png 660w\" sizes=\"auto, (max-width: 412px) 100vw, 412px\" \/><\/figure>\n\n\n\n<figure class=\"wp-block-image size-large\"><img loading=\"lazy\" decoding=\"async\" width=\"1024\" height=\"296\" src=\"https:\/\/focotocantinense.com.br\/wp-content\/uploads\/2022\/12\/veloso_banner-3-1024x296.jpeg\" alt=\"\" class=\"wp-image-3533\" srcset=\"https:\/\/focotocantinense.com.br\/wp-content\/uploads\/2022\/12\/veloso_banner-3-1024x296.jpeg 1024w, https:\/\/focotocantinense.com.br\/wp-content\/uploads\/2022\/12\/veloso_banner-3-300x87.jpeg 300w, https:\/\/focotocantinense.com.br\/wp-content\/uploads\/2022\/12\/veloso_banner-3-768x222.jpeg 768w, https:\/\/focotocantinense.com.br\/wp-content\/uploads\/2022\/12\/veloso_banner-3.jpeg 1156w\" sizes=\"auto, (max-width: 1024px) 100vw, 1024px\" \/><\/figure>\n","protected":false},"excerpt":{"rendered":"<p>Foi publicado no Di\u00e1rio Oficial do Munic\u00edpio desta sexta-feira, 30, o decreto n\u00ba 1.586, que mant\u00e9m o hor\u00e1rio de funcionamento de 06 horas corridas nos \u00f3rg\u00e3os p\u00fablicos municipais, que continuar\u00e3o atendendo das 08 \u00e0s 14 horas. O documento (clique aqui) prev\u00ea que este hor\u00e1rio, que j\u00e1 vinha sendo praticado, seja mantido a partir do dia &hellip;<\/p>\n","protected":false},"author":5,"featured_media":3530,"comment_status":"open","ping_status":"open","sticky":false,"template":"","format":"standard","meta":{"footnotes":""},"categories":[38],"tags":[],"class_list":["post-3529","post","type-post","status-publish","format-standard","has-post-thumbnail","","category-gurupi"],"_links":{"self":[{"href":"https:\/\/focotocantinense.com.br\/index.php?rest_route=\/wp\/v2\/posts\/3529","targetHints":{"allow":["GET"]}}],"collection":[{"href":"https:\/\/focotocantinense.com.br\/index.php?rest_route=\/wp\/v2\/posts"}],"about":[{"href":"https:\/\/focotocantinense.com.br\/index.php?rest_route=\/wp\/v2\/types\/post"}],"author":[{"embeddable":true,"href":"https:\/\/focotocantinense.com.br\/index.php?rest_route=\/wp\/v2\/users\/5"}],"replies":[{"embeddable":true,"href":"https:\/\/focotocantinense.com.br\/index.php?rest_route=%2Fwp%2Fv2%2Fcomments&post=3529"}],"version-history":[{"count":2,"href":"https:\/\/focotocantinense.com.br\/index.php?rest_route=\/wp\/v2\/posts\/3529\/revisions"}],"predecessor-version":[{"id":3534,"href":"https:\/\/focotocantinense.com.br\/index.php?rest_route=\/wp\/v2\/posts\/3529\/revisions\/3534"}],"wp:featuredmedia":[{"embeddable":true,"href":"https:\/\/focotocantinense.com.br\/index.php?rest_route=\/wp\/v2\/media\/3530"}],"wp:attachment":[{"href":"https:\/\/focotocantinense.com.br\/index.php?rest_route=%2Fwp%2Fv2%2Fmedia&parent=3529"}],"wp:term":[{"taxonomy":"category","embeddable":true,"href":"https:\/\/focotocantinense.com.br\/index.php?rest_route=%2Fwp%2Fv2%2Fcategories&post=3529"},{"taxonomy":"post_tag","embeddable":true,"href":"https:\/\/focotocantinense.com.br\/index.php?rest_route=%2Fwp%2Fv2%2Ftags&post=3529"}],"curies":[{"name":"wp","href":"https:\/\/api.w.org\/{rel}","templated":true}]}}