{"id":3513,"date":"2022-12-29T16:08:11","date_gmt":"2022-12-29T19:08:11","guid":{"rendered":"https:\/\/focotocantinense.com.br\/?p=3513"},"modified":"2022-12-29T16:09:10","modified_gmt":"2022-12-29T19:09:10","slug":"tocantinense-zacarias-martins-e-um-dos-destaques-no-anuario-da-poesia-paraense","status":"publish","type":"post","link":"https:\/\/focotocantinense.com.br\/?p=3513","title":{"rendered":"Tocantinense Zacarias Martins \u00e9 um dos destaques no Anu\u00e1rio da Poesia Paraense"},"content":{"rendered":"\n<p>Natural de Bel\u00e9m do Par\u00e1, mas residindo no Estado do Tocantins desde 1983, o poeta, jornalista e ativista cultural Zacarias Martins \u00e9 um dos destaques na oitava edi\u00e7\u00e3o do Anu\u00e1rio da Poesia Paraense, organizado pelo consagrado poeta Airton Souza, de Marab\u00e1 (PA), e publicado pela Editora Cromos.<\/p>\n\n\n\n<p>Zacarias Martins se faz presente nessa obra, juntamente com mais de 60 importantes nomes da poesia paraense e mais 20 jovens poetas, totalizando quase 100 poetas em uma antologia, o que, de certa forma, j\u00e1 \u00e9 uma marca.<\/p>\n\n\n\n<p>\u201cN\u00e3o h\u00e1 d\u00favida de que por mais \u00edntimas que sejam as po\u00e9ticas presentes nesta antologia elas alimentam os sentidos e as representa\u00e7\u00f5es das hist\u00f3rias, formando um tecido que vai al\u00e9m da perssoalidade&#8221;,&nbsp; afirma o organizador Airton Souza.<\/p>\n\n\n\n<p><strong>Orgulho de participar da obra<\/strong><\/p>\n\n\n\n<p>J\u00e1 o poeta Zacarias Martins, que&nbsp; integra os quadros da Academia Tocantinense (ATL), da Academia de Letras de Aragua\u00edna e Norte Tocantinense (Acalanto), dentre outras,&nbsp; e \u00e9 uma das principais refer\u00eancias da literatura contempor\u00e2nea no Tocantins, &nbsp;fala com orgulho em participar, mais uma vez, dessa obra de refer\u00eancia da poesia paraense: \u201cMesmo morando h\u00e1 muitos anos aqui no Tocantins, jamais esqueci das minhas ra\u00edzes culturais. E participar de uma obra dessa magnitude, organizada pelo Airton Souza s\u00f3 vem enriquecer ainda mais o meu curr\u00edculo liter\u00e1rio e me permitir mostrar tamb\u00e9m, um pouco do&nbsp; &nbsp;meu potencial liter\u00e1rio\u201d, frisou.<\/p>\n\n\n\n<p>Zacarias Martins destaca, ainda, que a iniciativa do Anu\u00e1rio vem se ampliando a cada ano, sendo que a edi\u00e7\u00e3o deste ano ganha um significado impulso ao conseguir a proeza de trazer as vozes po\u00e9ticas de um expressivo n\u00famero de importantes participantes.<\/p>\n\n\n\n<figure class=\"wp-block-image size-large\"><img loading=\"lazy\" decoding=\"async\" width=\"1024\" height=\"576\" src=\"https:\/\/focotocantinense.com.br\/wp-content\/uploads\/2022\/12\/3-Zacarias-Martins-Foto-Rita-Salera-1024x576.jpg\" alt=\"\" class=\"wp-image-3514\" srcset=\"https:\/\/focotocantinense.com.br\/wp-content\/uploads\/2022\/12\/3-Zacarias-Martins-Foto-Rita-Salera-1024x576.jpg 1024w, https:\/\/focotocantinense.com.br\/wp-content\/uploads\/2022\/12\/3-Zacarias-Martins-Foto-Rita-Salera-300x169.jpg 300w, https:\/\/focotocantinense.com.br\/wp-content\/uploads\/2022\/12\/3-Zacarias-Martins-Foto-Rita-Salera-768x432.jpg 768w, https:\/\/focotocantinense.com.br\/wp-content\/uploads\/2022\/12\/3-Zacarias-Martins-Foto-Rita-Salera-1536x864.jpg 1536w, https:\/\/focotocantinense.com.br\/wp-content\/uploads\/2022\/12\/3-Zacarias-Martins-Foto-Rita-Salera.jpg 1600w\" sizes=\"auto, (max-width: 1024px) 100vw, 1024px\" \/><\/figure>\n\n\n\n<figure class=\"wp-block-image size-large\"><img loading=\"lazy\" decoding=\"async\" width=\"1024\" height=\"296\" src=\"https:\/\/focotocantinense.com.br\/wp-content\/uploads\/2022\/12\/veloso_banner-1-1024x296.jpeg\" alt=\"\" class=\"wp-image-3516\" srcset=\"https:\/\/focotocantinense.com.br\/wp-content\/uploads\/2022\/12\/veloso_banner-1-1024x296.jpeg 1024w, https:\/\/focotocantinense.com.br\/wp-content\/uploads\/2022\/12\/veloso_banner-1-300x87.jpeg 300w, https:\/\/focotocantinense.com.br\/wp-content\/uploads\/2022\/12\/veloso_banner-1-768x222.jpeg 768w, https:\/\/focotocantinense.com.br\/wp-content\/uploads\/2022\/12\/veloso_banner-1.jpeg 1156w\" sizes=\"auto, (max-width: 1024px) 100vw, 1024px\" \/><\/figure>\n","protected":false},"excerpt":{"rendered":"<p>Natural de Bel\u00e9m do Par\u00e1, mas residindo no Estado do Tocantins desde 1983, o poeta, jornalista e ativista cultural Zacarias Martins \u00e9 um dos destaques na oitava edi\u00e7\u00e3o do Anu\u00e1rio da Poesia Paraense, organizado pelo consagrado poeta Airton Souza, de Marab\u00e1 (PA), e publicado pela Editora Cromos. Zacarias Martins se faz presente nessa obra, juntamente &hellip;<\/p>\n","protected":false},"author":5,"featured_media":3514,"comment_status":"open","ping_status":"open","sticky":false,"template":"","format":"standard","meta":{"footnotes":""},"categories":[38,1],"tags":[],"class_list":["post-3513","post","type-post","status-publish","format-standard","has-post-thumbnail","","category-gurupi","category-sem-categoria"],"_links":{"self":[{"href":"https:\/\/focotocantinense.com.br\/index.php?rest_route=\/wp\/v2\/posts\/3513","targetHints":{"allow":["GET"]}}],"collection":[{"href":"https:\/\/focotocantinense.com.br\/index.php?rest_route=\/wp\/v2\/posts"}],"about":[{"href":"https:\/\/focotocantinense.com.br\/index.php?rest_route=\/wp\/v2\/types\/post"}],"author":[{"embeddable":true,"href":"https:\/\/focotocantinense.com.br\/index.php?rest_route=\/wp\/v2\/users\/5"}],"replies":[{"embeddable":true,"href":"https:\/\/focotocantinense.com.br\/index.php?rest_route=%2Fwp%2Fv2%2Fcomments&post=3513"}],"version-history":[{"count":2,"href":"https:\/\/focotocantinense.com.br\/index.php?rest_route=\/wp\/v2\/posts\/3513\/revisions"}],"predecessor-version":[{"id":3517,"href":"https:\/\/focotocantinense.com.br\/index.php?rest_route=\/wp\/v2\/posts\/3513\/revisions\/3517"}],"wp:featuredmedia":[{"embeddable":true,"href":"https:\/\/focotocantinense.com.br\/index.php?rest_route=\/wp\/v2\/media\/3514"}],"wp:attachment":[{"href":"https:\/\/focotocantinense.com.br\/index.php?rest_route=%2Fwp%2Fv2%2Fmedia&parent=3513"}],"wp:term":[{"taxonomy":"category","embeddable":true,"href":"https:\/\/focotocantinense.com.br\/index.php?rest_route=%2Fwp%2Fv2%2Fcategories&post=3513"},{"taxonomy":"post_tag","embeddable":true,"href":"https:\/\/focotocantinense.com.br\/index.php?rest_route=%2Fwp%2Fv2%2Ftags&post=3513"}],"curies":[{"name":"wp","href":"https:\/\/api.w.org\/{rel}","templated":true}]}}