{"id":3510,"date":"2022-12-26T20:03:33","date_gmt":"2022-12-26T23:03:33","guid":{"rendered":"https:\/\/focotocantinense.com.br\/?p=3510"},"modified":"2022-12-26T20:03:33","modified_gmt":"2022-12-26T23:03:33","slug":"prefeitura-de-gurupi-recebe-trator-adquirido-com-emenda-do-deputado-celio-moura","status":"publish","type":"post","link":"https:\/\/focotocantinense.com.br\/?p=3510","title":{"rendered":"Prefeitura de Gurupi recebe trator adquirido com emenda do deputado C\u00e9lio Moura"},"content":{"rendered":"\n<p>A Prefeitura de Gurupi, por meio da Secretaria Municipal de Desenvolvimento e Econ\u00f4mico e Meio Ambiente, recebeu na manh\u00e3 desta segunda-feira, 26, um trator que ir\u00e1 atender as necessidades de produtores rurais da Associa\u00e7\u00e3o Serrinha, localizada no Povoado Trevo da Praia. A prefeita Josi Nunes e o secret\u00e1rio da pasta, Pedro Dias, recepcionaram e realizaram a entrega do ve\u00edculo para a associa\u00e7\u00e3o, que foi destinado para o munic\u00edpio via emenda do deputado federal C\u00e9lio Moura.<\/p>\n\n\n\n<figure class=\"wp-block-image size-full is-resized\"><img loading=\"lazy\" decoding=\"async\" src=\"https:\/\/focotocantinense.com.br\/wp-content\/uploads\/2022\/12\/BBBB-1.jpg\" alt=\"\" class=\"wp-image-3511\" width=\"402\" height=\"196\" srcset=\"https:\/\/focotocantinense.com.br\/wp-content\/uploads\/2022\/12\/BBBB-1.jpg 930w, https:\/\/focotocantinense.com.br\/wp-content\/uploads\/2022\/12\/BBBB-1-300x146.jpg 300w, https:\/\/focotocantinense.com.br\/wp-content\/uploads\/2022\/12\/BBBB-1-768x374.jpg 768w\" sizes=\"auto, (max-width: 402px) 100vw, 402px\" \/><\/figure>\n\n\n\n<p>&#8220;Esse trator \u00e9 mais um benef\u00edcio muito importante para nossa zona rural. O deputado C\u00e9lio Moura tem investido muito nessa \u00e1rea da agricultura familiar, tanto que j\u00e1 t\u00ednhamos recebido um caminh\u00e3o ca\u00e7amba, agora esse trator e n\u00f3s agradecemos muito! Ele ainda ir\u00e1 contribuir com um milh\u00e3o de reais na \u00e1rea da sa\u00fade. E isso \u00e9 que \u00e9 importante! \u00c9 termos parlamentares que independente da regi\u00e3o, reconhe\u00e7a o apoio que teve em Gurupi, como tem feito o deputado C\u00e9lio Moura, ent\u00e3o o nosso agradecimento a ele&#8221;, disse a prefeita Josi Nunes sobre o benef\u00edcio.<\/p>\n\n\n\n<p>O presidente da Associa\u00e7\u00e3o Serrinha, Valdeci Ferreira de Menezes, recebeu o ve\u00edculo com entusiasmo, pois disse que ser\u00e1 fundamental no apoio aos pequenos agricultores da regi\u00e3o. &#8220;N\u00f3s est\u00e1vamos precisando muito deste trator! Com ele vamos poder fazer um plantio melhor, ajudar mais os agricultores familiares e mostrar a for\u00e7a da nossa associa\u00e7\u00e3o. E hoje para n\u00f3s produtores da Associa\u00e7\u00e3o Serrinha \u00e9 um dia de comemora\u00e7\u00e3o com a certeza de um ano novo de muita prosperidade com este benef\u00edcio que ser\u00e1 uma ajuda muito grande para n\u00f3s&#8221;, frisou.&nbsp;<\/p>\n\n\n\n<p>Nesta \u00e9poca do ano, os produtores rurais, principalmente aqueles que fazem parte da Agricultura Familiar j\u00e1 come\u00e7am a se preparar para o plantio, com cuidados com o solo, sementes e aduba\u00e7\u00e3o. O trator, na regi\u00e3o do Trevo da Praia, ajudar\u00e1 dezenas desses pequenos agricultores. Segundo o secret\u00e1rio Pedro Dias, dar fomento a estes profissionais \u00e9 investir na qualidade de vida de muitas fam\u00edlias.<\/p>\n\n\n\n<p>&#8220;Este trator n\u00e3o poderia vir numa melhor hora! \u00c9 significativa esta entrega de hoje para nosso parque de m\u00e1quinas. Porque qualquer ajuda \u00e9 bem-vinda para Agricultura Familiar. E o deputado C\u00e9lio Moura \u00e9 conhecedor de toda esta log\u00edstica que envolve os pequenos produtores rurais. S\u00e3o s\u00f3 na regi\u00e3o do Trevo, dezenas de fam\u00edlias v\u00e3o ser beneficiadas. Ent\u00e3o ele tem tido uma aten\u00e7\u00e3o muito especial com este segmento&#8221;, explicou o secret\u00e1rio Pedro Dias.<\/p>\n\n\n\n<figure class=\"wp-block-image\"><img decoding=\"async\" src=\"http:\/\/n1to.com.br\/img\/uploads\/veloso_banner_75.jpeg\" alt=\"\"\/><\/figure>\n","protected":false},"excerpt":{"rendered":"<p>A Prefeitura de Gurupi, por meio da Secretaria Municipal de Desenvolvimento e Econ\u00f4mico e Meio Ambiente, recebeu na manh\u00e3 desta segunda-feira, 26, um trator que ir\u00e1 atender as necessidades de produtores rurais da Associa\u00e7\u00e3o Serrinha, localizada no Povoado Trevo da Praia. A prefeita Josi Nunes e o secret\u00e1rio da pasta, Pedro Dias, recepcionaram e realizaram &hellip;<\/p>\n","protected":false},"author":5,"featured_media":3511,"comment_status":"open","ping_status":"open","sticky":false,"template":"","format":"standard","meta":{"footnotes":""},"categories":[38],"tags":[],"class_list":["post-3510","post","type-post","status-publish","format-standard","has-post-thumbnail","","category-gurupi"],"_links":{"self":[{"href":"https:\/\/focotocantinense.com.br\/index.php?rest_route=\/wp\/v2\/posts\/3510","targetHints":{"allow":["GET"]}}],"collection":[{"href":"https:\/\/focotocantinense.com.br\/index.php?rest_route=\/wp\/v2\/posts"}],"about":[{"href":"https:\/\/focotocantinense.com.br\/index.php?rest_route=\/wp\/v2\/types\/post"}],"author":[{"embeddable":true,"href":"https:\/\/focotocantinense.com.br\/index.php?rest_route=\/wp\/v2\/users\/5"}],"replies":[{"embeddable":true,"href":"https:\/\/focotocantinense.com.br\/index.php?rest_route=%2Fwp%2Fv2%2Fcomments&post=3510"}],"version-history":[{"count":1,"href":"https:\/\/focotocantinense.com.br\/index.php?rest_route=\/wp\/v2\/posts\/3510\/revisions"}],"predecessor-version":[{"id":3512,"href":"https:\/\/focotocantinense.com.br\/index.php?rest_route=\/wp\/v2\/posts\/3510\/revisions\/3512"}],"wp:featuredmedia":[{"embeddable":true,"href":"https:\/\/focotocantinense.com.br\/index.php?rest_route=\/wp\/v2\/media\/3511"}],"wp:attachment":[{"href":"https:\/\/focotocantinense.com.br\/index.php?rest_route=%2Fwp%2Fv2%2Fmedia&parent=3510"}],"wp:term":[{"taxonomy":"category","embeddable":true,"href":"https:\/\/focotocantinense.com.br\/index.php?rest_route=%2Fwp%2Fv2%2Fcategories&post=3510"},{"taxonomy":"post_tag","embeddable":true,"href":"https:\/\/focotocantinense.com.br\/index.php?rest_route=%2Fwp%2Fv2%2Ftags&post=3510"}],"curies":[{"name":"wp","href":"https:\/\/api.w.org\/{rel}","templated":true}]}}