{"id":3506,"date":"2022-12-24T11:58:12","date_gmt":"2022-12-24T14:58:12","guid":{"rendered":"https:\/\/focotocantinense.com.br\/?p=3506"},"modified":"2022-12-24T11:58:13","modified_gmt":"2022-12-24T14:58:13","slug":"educacao-municipal-de-tocantinia-e-referencia-para-outras-cidades-do-tocantins","status":"publish","type":"post","link":"https:\/\/focotocantinense.com.br\/?p=3506","title":{"rendered":"Educa\u00e7\u00e3o municipal de Tocant\u00ednia \u00e9 refer\u00eancia para outras cidades do Tocantins"},"content":{"rendered":"\n<p><strong>Por Zacarias Martins<\/strong><\/p>\n\n\n\n<p>No decorrer de 2022, a &nbsp;Prefeitura de Tocant\u00ednia,&nbsp; sob a gest\u00e3o do prefeito Manoel Silvino (SD), &nbsp;&nbsp;&nbsp;e de seu vice, Jo\u00e3o Alberto (PSC) por meio&nbsp; da Secretaria Municipal de&nbsp; Educa\u00e7\u00e3o (Semed), alcan\u00e7ou excelentes resultados para o processo de ensino e aprendizagem.<\/p>\n\n\n\n<p>A informa\u00e7\u00e3o \u00e9 do titular da Pasta da Educa\u00e7\u00e3o, o professor Andr\u00e9 Goveia, que ao fazer um balan\u00e7o das atividades colocadas em pr\u00e1tica neste ano.<\/p>\n\n\n\n<p>\u201cAp\u00f3s dois anos com os alunos fora da escola por causa do per\u00edodo de pandemia, e ao retornarem \u00e0s aulas presenciais, constatou-se que t\u00ednhamos cerca de 80% dos nossos alunos sem saber ler e escrever. Por isso, a Secretaria Municipal de Educa\u00e7\u00e3o desenvolveu diversos mecanismos e metodologias de ensino de recupera\u00e7\u00e3o e de interven\u00e7\u00e3o pedag\u00f3gica\u201d, afirmou o secret\u00e1rio Andr\u00e9 ao relatar o grande desafio enfrentado por sua equipe.<\/p>\n\n\n\n<p>Por\u00e9m, hoje,&nbsp; o secretario fala com orgulho sobre os&nbsp; resultados altamente positivos alcan\u00e7ados na Rede Municipal de Ensino. Segundo ele,&nbsp; esses resultados&nbsp; &nbsp;fazem jus ao hino da &nbsp;cidade, cujo trecho diz: &nbsp;\u201cEntre outras t\u00e3o garbosas, t\u00e3o cheias de poder, seu povo pelo estudo constr\u00f3i-lhe um pedestal\u201d.<\/p>\n\n\n\n<p><strong>Resultados<\/strong><\/p>\n\n\n\n<p>&#8211; 95% dos&nbsp; alunos alfabetizados nas s\u00e9ries iniciais<\/p>\n\n\n\n<p>&#8211; 15\u00ba lugar no IDEB (\u00cdndice de Desenvolvimento da Educa\u00e7\u00e3o b\u00e1sica).<\/p>\n\n\n\n<p>&#8211; 100% das progress\u00f5es atualizadas e piso do Magist\u00e9rio cumprido na \u00edntegra<\/p>\n\n\n\n<p>&#8211; Mais de 600 conjuntos de carteiras escolares adquiridas<\/p>\n\n\n\n<p>&#8211; 100% dos servidores passaram por Programa de Forma\u00e7\u00e3o Continuada<\/p>\n\n\n\n<p>&#8211; N\u00e3o existe&nbsp; &nbsp;evas\u00e3o de alunos na rede municipal<\/p>\n\n\n\n<p>&#8211; Mais de 10 artigos cient\u00edficos publicados acerca da pr\u00e1tica docente junto a Universidade Federal do Tocantins<\/p>\n\n\n\n<p>&#8211; Reconhecimento do Projeto Leitura Viva pela FEBACLA (Federa\u00e7\u00e3o Brasileira dos Acad\u00eamicos das Ci\u00eancias, Letras e Artes),&nbsp; que concedeu ao gestor da Educa\u00e7\u00e3o&nbsp; a Medalha do Bicenten\u00e1rio da Independ\u00eancia do Brasil<\/p>\n\n\n\n<p>&#8211; Cumprimento integral da Base Nacional Curricular Comum em todas as Escolas<\/p>\n\n\n\n<p>&#8211; Mais de 125 alunos escritores com obras a serem publicadas na 3\u00aa edi\u00e7\u00e3o da Colet\u00e2nea Liter\u00e1ria Leitura Viva<\/p>\n\n\n\n<p>&#8211; Lan\u00e7amento da Colet\u00e2nea Leitura Viva de autoria dos alunos da Rede Municipal de Ensino na 5\u00aa Bienal Internacional do Livro de Bras\u00edlia, realizada em outubro<\/p>\n\n\n\n<p>&#8211; Concess\u00e3o do Pr\u00eamio Ita\u00fa Social com a premia\u00e7\u00e3o de mais de 700 obras liter\u00e1rias para os alunos.<\/p>\n\n\n\n<p>&#8211; E, finalmente, \u00a0a C\u00e2mara Municipal de Tocant\u00ednia concedeu Mo\u00e7\u00e3o de Aplausos, aprovado por unanimidade, em reconhecimento\u00a0 aos relevantes\u00a0 servi\u00e7os\u00a0 prestados pelo secret\u00e1rio de Educa\u00e7\u00e3o, bem como, a todos os professores municipais, al\u00e9m dos alunos, que, se esfor\u00e7aram e conseguiram superar esse momento pand\u00eamico, sempre bem orientados por uma competente \u00a0equipe pedag\u00f3gica que faz da Educa\u00e7\u00e3o Municipal de Tocant\u00ednia, uma grande refer\u00ea<\/p>\n\n\n\n<figure class=\"wp-block-image size-large\"><img loading=\"lazy\" decoding=\"async\" width=\"1024\" height=\"461\" src=\"https:\/\/focotocantinense.com.br\/wp-content\/uploads\/2022\/12\/educacao-de-tocantinia-1-1024x461.jpg\" alt=\"\" class=\"wp-image-3508\" srcset=\"https:\/\/focotocantinense.com.br\/wp-content\/uploads\/2022\/12\/educacao-de-tocantinia-1-1024x461.jpg 1024w, https:\/\/focotocantinense.com.br\/wp-content\/uploads\/2022\/12\/educacao-de-tocantinia-1-300x135.jpg 300w, https:\/\/focotocantinense.com.br\/wp-content\/uploads\/2022\/12\/educacao-de-tocantinia-1-768x346.jpg 768w, https:\/\/focotocantinense.com.br\/wp-content\/uploads\/2022\/12\/educacao-de-tocantinia-1-1536x691.jpg 1536w, https:\/\/focotocantinense.com.br\/wp-content\/uploads\/2022\/12\/educacao-de-tocantinia-1.jpg 1600w\" sizes=\"auto, (max-width: 1024px) 100vw, 1024px\" \/><\/figure>\n","protected":false},"excerpt":{"rendered":"<p>Por Zacarias Martins No decorrer de 2022, a &nbsp;Prefeitura de Tocant\u00ednia,&nbsp; sob a gest\u00e3o do prefeito Manoel Silvino (SD), &nbsp;&nbsp;&nbsp;e de seu vice, Jo\u00e3o Alberto (PSC) por meio&nbsp; da Secretaria Municipal de&nbsp; Educa\u00e7\u00e3o (Semed), alcan\u00e7ou excelentes resultados para o processo de ensino e aprendizagem. A informa\u00e7\u00e3o \u00e9 do titular da Pasta da Educa\u00e7\u00e3o, o professor &hellip;<\/p>\n","protected":false},"author":5,"featured_media":3507,"comment_status":"open","ping_status":"open","sticky":false,"template":"","format":"standard","meta":{"footnotes":""},"categories":[78],"tags":[],"class_list":["post-3506","post","type-post","status-publish","format-standard","has-post-thumbnail","","category-tocantinia"],"_links":{"self":[{"href":"https:\/\/focotocantinense.com.br\/index.php?rest_route=\/wp\/v2\/posts\/3506","targetHints":{"allow":["GET"]}}],"collection":[{"href":"https:\/\/focotocantinense.com.br\/index.php?rest_route=\/wp\/v2\/posts"}],"about":[{"href":"https:\/\/focotocantinense.com.br\/index.php?rest_route=\/wp\/v2\/types\/post"}],"author":[{"embeddable":true,"href":"https:\/\/focotocantinense.com.br\/index.php?rest_route=\/wp\/v2\/users\/5"}],"replies":[{"embeddable":true,"href":"https:\/\/focotocantinense.com.br\/index.php?rest_route=%2Fwp%2Fv2%2Fcomments&post=3506"}],"version-history":[{"count":1,"href":"https:\/\/focotocantinense.com.br\/index.php?rest_route=\/wp\/v2\/posts\/3506\/revisions"}],"predecessor-version":[{"id":3509,"href":"https:\/\/focotocantinense.com.br\/index.php?rest_route=\/wp\/v2\/posts\/3506\/revisions\/3509"}],"wp:featuredmedia":[{"embeddable":true,"href":"https:\/\/focotocantinense.com.br\/index.php?rest_route=\/wp\/v2\/media\/3507"}],"wp:attachment":[{"href":"https:\/\/focotocantinense.com.br\/index.php?rest_route=%2Fwp%2Fv2%2Fmedia&parent=3506"}],"wp:term":[{"taxonomy":"category","embeddable":true,"href":"https:\/\/focotocantinense.com.br\/index.php?rest_route=%2Fwp%2Fv2%2Fcategories&post=3506"},{"taxonomy":"post_tag","embeddable":true,"href":"https:\/\/focotocantinense.com.br\/index.php?rest_route=%2Fwp%2Fv2%2Ftags&post=3506"}],"curies":[{"name":"wp","href":"https:\/\/api.w.org\/{rel}","templated":true}]}}