{"id":3503,"date":"2022-12-21T17:44:21","date_gmt":"2022-12-21T20:44:21","guid":{"rendered":"https:\/\/focotocantinense.com.br\/?p=3503"},"modified":"2022-12-21T17:45:30","modified_gmt":"2022-12-21T20:45:30","slug":"prefeitura-de-gurupi-tera-ponto-facultativo-nos-dias-23-e-30-de-dezembro","status":"publish","type":"post","link":"https:\/\/focotocantinense.com.br\/?p=3503","title":{"rendered":"Prefeitura de Gurupi ter\u00e1 ponto facultativo nos dias 23 e 30 de dezembro"},"content":{"rendered":"\n<p>A Prefeita de Gurupi, Josi Nunes, vai decretar ponto facultativo aos servidores p\u00fablicos municipais, nos dias 23 e 30 de dezembro, antev\u00e9speras de Natal e Ano Novo, em raz\u00e3o das festividades de final de ano. O Decreto ser\u00e1 publicado no Di\u00e1rio Oficial do Munic\u00edpio desta quarta-feira, 21.<\/p>\n\n\n\n<p>A medida ser\u00e1 v\u00e1lida para reparti\u00e7\u00f5es da administra\u00e7\u00e3o direta e indireta do Munic\u00edpio. O ponto facultativo n\u00e3o se aplicar\u00e1 \u00e0s reparti\u00e7\u00f5es p\u00fablicas que, por sua natureza, n\u00e3o podem ter seus servi\u00e7os paralisados ou interrompidos.<\/p>\n\n\n\n<figure class=\"wp-block-image is-resized\"><img loading=\"lazy\" decoding=\"async\" src=\"http:\/\/n1to.com.br\/img\/uploads\/veloso_banner_74.jpeg\" alt=\"\" width=\"364\" height=\"104\"\/><\/figure>\n","protected":false},"excerpt":{"rendered":"<p>A Prefeita de Gurupi, Josi Nunes, vai decretar ponto facultativo aos servidores p\u00fablicos municipais, nos dias 23 e 30 de dezembro, antev\u00e9speras de Natal e Ano Novo, em raz\u00e3o das festividades de final de ano. O Decreto ser\u00e1 publicado no Di\u00e1rio Oficial do Munic\u00edpio desta quarta-feira, 21. A medida ser\u00e1 v\u00e1lida para reparti\u00e7\u00f5es da administra\u00e7\u00e3o &hellip;<\/p>\n","protected":false},"author":5,"featured_media":3505,"comment_status":"open","ping_status":"open","sticky":false,"template":"","format":"standard","meta":{"footnotes":""},"categories":[38,1],"tags":[],"class_list":["post-3503","post","type-post","status-publish","format-standard","has-post-thumbnail","","category-gurupi","category-sem-categoria"],"_links":{"self":[{"href":"https:\/\/focotocantinense.com.br\/index.php?rest_route=\/wp\/v2\/posts\/3503","targetHints":{"allow":["GET"]}}],"collection":[{"href":"https:\/\/focotocantinense.com.br\/index.php?rest_route=\/wp\/v2\/posts"}],"about":[{"href":"https:\/\/focotocantinense.com.br\/index.php?rest_route=\/wp\/v2\/types\/post"}],"author":[{"embeddable":true,"href":"https:\/\/focotocantinense.com.br\/index.php?rest_route=\/wp\/v2\/users\/5"}],"replies":[{"embeddable":true,"href":"https:\/\/focotocantinense.com.br\/index.php?rest_route=%2Fwp%2Fv2%2Fcomments&post=3503"}],"version-history":[{"count":1,"href":"https:\/\/focotocantinense.com.br\/index.php?rest_route=\/wp\/v2\/posts\/3503\/revisions"}],"predecessor-version":[{"id":3504,"href":"https:\/\/focotocantinense.com.br\/index.php?rest_route=\/wp\/v2\/posts\/3503\/revisions\/3504"}],"wp:featuredmedia":[{"embeddable":true,"href":"https:\/\/focotocantinense.com.br\/index.php?rest_route=\/wp\/v2\/media\/3505"}],"wp:attachment":[{"href":"https:\/\/focotocantinense.com.br\/index.php?rest_route=%2Fwp%2Fv2%2Fmedia&parent=3503"}],"wp:term":[{"taxonomy":"category","embeddable":true,"href":"https:\/\/focotocantinense.com.br\/index.php?rest_route=%2Fwp%2Fv2%2Fcategories&post=3503"},{"taxonomy":"post_tag","embeddable":true,"href":"https:\/\/focotocantinense.com.br\/index.php?rest_route=%2Fwp%2Fv2%2Ftags&post=3503"}],"curies":[{"name":"wp","href":"https:\/\/api.w.org\/{rel}","templated":true}]}}