{"id":3499,"date":"2022-12-21T17:38:54","date_gmt":"2022-12-21T20:38:54","guid":{"rendered":"https:\/\/focotocantinense.com.br\/?p=3499"},"modified":"2022-12-21T17:38:55","modified_gmt":"2022-12-21T20:38:55","slug":"tocantins-esta-entre-os-estados-que-mais-avancam-em-area-plantada-de-graos-do-pais","status":"publish","type":"post","link":"https:\/\/focotocantinense.com.br\/?p=3499","title":{"rendered":"Tocantins est\u00e1 entre os estados que mais avan\u00e7am em \u00e1rea plantada de gr\u00e3os do pa\u00eds"},"content":{"rendered":"\n<p>O Tocantins desponta no desenvolvimento na produ\u00e7\u00e3o agr\u00edcola, firmando como um dos estados que mais crescem em \u00e1rea plantada no cultivo de gr\u00e3os do pa\u00eds. De acordo com o 3\u00b0 levantamento da Companhia Nacional de Abastecimento (Conab), avaliando o volume de \u00e1rea plantada (hectares) para gr\u00e3os, o Estado est\u00e1 na 5\u00aa posi\u00e7\u00e3o, com expans\u00e3o de aproximadamente 150 mil hectares, tendo a sua frente,&nbsp;Mato Grosso, 1,124; Mato Grosso do Sul, com 216 mil hectares; Paran\u00e1, com 170 mil hectares; e Minas Gerais, 157 mil hectares plantados.<\/p>\n\n\n\n<p>De acordo com informa\u00e7\u00f5es levantadas pela Secretaria de Estado da Agricultura, Pecu\u00e1ria e Aquicultura (Seagro), a soja \u00e9 o principal ativo das comodities cultivadas no Tocantins, tendo seu plantio conclu\u00eddo em mais um ano de crescimento de \u00e1rea plantada e alcan\u00e7ando cerca de 9,3% a mais em rela\u00e7\u00e3o \u00e0 safra anterior, inclusive acima da m\u00e9dia nacional que \u00e9 de 4,7%.<\/p>\n\n\n\n<p>Segundo o engenheiro agr\u00f4nomo da Seagro, professor Thadeu Teixeira J\u00fanior, a estimativa \u00e9 de que a produ\u00e7\u00e3o de soja ultrapasse pela primeira vez os 4 milh\u00f5es de toneladas do gr\u00e3o, estando o Estado na 9\u00aa posi\u00e7\u00e3o, aproximando-se do estado de S\u00e3o Paulo, o oitavo maior produtor.<\/p>\n\n\n\n<p>\u201cCom a amplia\u00e7\u00e3o do per\u00edodo do fen\u00f4meno&nbsp;La Nina, que proporciona na grande maioria das vezes bons volumes de chuvas para a regi\u00e3o Norte do Brasil, as condi\u00e7\u00f5es clim\u00e1ticas devem permanecer favor\u00e1veis no Tocantins, deixando nossos produtores mais otimistas para excelentes rendimentos da soja\u201d, destacou Thadeu Teixeira J\u00fanior.<\/p>\n\n\n\n<p><strong>Info Tempo<\/strong><\/p>\n\n\n\n<p>O engenheiro lembra ainda que os produtores tocantinenses podem consultar as informa\u00e7\u00f5es clim\u00e1ticas baixando o aplicativo Info Tempo Tocantins. L\u00e1, \u00e9 poss\u00edvel acessar informa\u00e7\u00f5es de disponibilidade de \u00e1gua, manejo do solo, precipita\u00e7\u00e3o, temperatura m\u00e9dia e boletim do tempo semanal, entre outras informa\u00e7\u00f5es.<\/p>\n\n\n\n<figure class=\"wp-block-image size-large\"><img loading=\"lazy\" decoding=\"async\" width=\"1024\" height=\"296\" src=\"https:\/\/focotocantinense.com.br\/wp-content\/uploads\/2022\/12\/veloso_banner-1024x296.jpeg\" alt=\"\" class=\"wp-image-3501\" srcset=\"https:\/\/focotocantinense.com.br\/wp-content\/uploads\/2022\/12\/veloso_banner-1024x296.jpeg 1024w, https:\/\/focotocantinense.com.br\/wp-content\/uploads\/2022\/12\/veloso_banner-300x87.jpeg 300w, https:\/\/focotocantinense.com.br\/wp-content\/uploads\/2022\/12\/veloso_banner-768x222.jpeg 768w, https:\/\/focotocantinense.com.br\/wp-content\/uploads\/2022\/12\/veloso_banner.jpeg 1156w\" sizes=\"auto, (max-width: 1024px) 100vw, 1024px\" \/><\/figure>\n","protected":false},"excerpt":{"rendered":"<p>O Tocantins desponta no desenvolvimento na produ\u00e7\u00e3o agr\u00edcola, firmando como um dos estados que mais crescem em \u00e1rea plantada no cultivo de gr\u00e3os do pa\u00eds. De acordo com o 3\u00b0 levantamento da Companhia Nacional de Abastecimento (Conab), avaliando o volume de \u00e1rea plantada (hectares) para gr\u00e3os, o Estado est\u00e1 na 5\u00aa posi\u00e7\u00e3o, com expans\u00e3o de &hellip;<\/p>\n","protected":false},"author":5,"featured_media":3500,"comment_status":"open","ping_status":"open","sticky":false,"template":"","format":"standard","meta":{"footnotes":""},"categories":[71],"tags":[],"class_list":["post-3499","post","type-post","status-publish","format-standard","has-post-thumbnail","","category-lagoa-da-confusao"],"_links":{"self":[{"href":"https:\/\/focotocantinense.com.br\/index.php?rest_route=\/wp\/v2\/posts\/3499","targetHints":{"allow":["GET"]}}],"collection":[{"href":"https:\/\/focotocantinense.com.br\/index.php?rest_route=\/wp\/v2\/posts"}],"about":[{"href":"https:\/\/focotocantinense.com.br\/index.php?rest_route=\/wp\/v2\/types\/post"}],"author":[{"embeddable":true,"href":"https:\/\/focotocantinense.com.br\/index.php?rest_route=\/wp\/v2\/users\/5"}],"replies":[{"embeddable":true,"href":"https:\/\/focotocantinense.com.br\/index.php?rest_route=%2Fwp%2Fv2%2Fcomments&post=3499"}],"version-history":[{"count":1,"href":"https:\/\/focotocantinense.com.br\/index.php?rest_route=\/wp\/v2\/posts\/3499\/revisions"}],"predecessor-version":[{"id":3502,"href":"https:\/\/focotocantinense.com.br\/index.php?rest_route=\/wp\/v2\/posts\/3499\/revisions\/3502"}],"wp:featuredmedia":[{"embeddable":true,"href":"https:\/\/focotocantinense.com.br\/index.php?rest_route=\/wp\/v2\/media\/3500"}],"wp:attachment":[{"href":"https:\/\/focotocantinense.com.br\/index.php?rest_route=%2Fwp%2Fv2%2Fmedia&parent=3499"}],"wp:term":[{"taxonomy":"category","embeddable":true,"href":"https:\/\/focotocantinense.com.br\/index.php?rest_route=%2Fwp%2Fv2%2Fcategories&post=3499"},{"taxonomy":"post_tag","embeddable":true,"href":"https:\/\/focotocantinense.com.br\/index.php?rest_route=%2Fwp%2Fv2%2Ftags&post=3499"}],"curies":[{"name":"wp","href":"https:\/\/api.w.org\/{rel}","templated":true}]}}