{"id":3487,"date":"2022-12-16T15:19:35","date_gmt":"2022-12-16T18:19:35","guid":{"rendered":"https:\/\/focotocantinense.com.br\/?p=3487"},"modified":"2022-12-16T15:25:03","modified_gmt":"2022-12-16T18:25:03","slug":"prefeito-silvino-fecha-o-ano-com-uma-grande-conquista-para-os-agricultores-de-tocantinia","status":"publish","type":"post","link":"https:\/\/focotocantinense.com.br\/?p=3487","title":{"rendered":"Prefeito Silvino fecha o ano com uma grande conquista para os agricultores de Tocant\u00ednia"},"content":{"rendered":"\n<p>No in\u00edcio de dezembro, o &nbsp;prefeito de Tocant\u00ednia, Manoel Silvino &nbsp;(SD), esteve em Bras\u00edlia, cumprindo&nbsp; agenda de trabalho junto ao &nbsp;gabinete &nbsp;do deputado Osires Damaso (PSC\/TO), com objetivo de articular com o parlamentar, alguns &nbsp;benef\u00edcios para atender as demandas dos agricultores do munic\u00edpio.<\/p>\n\n\n\n<p>O resultado positivo dessa articula\u00e7\u00e3o&nbsp; vai se&nbsp; consolidar na&nbsp; &nbsp;pr\u00f3xima segunda-feira (19), em Palmas, &nbsp;quando o do deputado Damaso entregar\u00e1 ao prefeito&nbsp; um conjunto&nbsp; de m\u00e1quinas e equipamentos agr\u00edcolas para o munic\u00edpio.<\/p>\n\n\n\n<p>O maquin\u00e1rio&nbsp; &nbsp;destinado ao munic\u00edpio de Tocant\u00ednia&nbsp; \u00e9 composto por uma plantadeira de mandioca sulcador de 3 linhas; uma carreta agr\u00edcola e grade de arado; uma escavadeira hidr\u00e1ulica. Al\u00e9m de m\u00e1quinas equipamentos agr\u00edcolas, o prefeito receber\u00e1 um caminh\u00e3o basculante m\u00e9dio e uma casa de farinha m\u00f3vel. Ainda neste m\u00eas de dezembro, o deputado Osires estar\u00e1 entregando para o prefeito Silvino um trator 75 cv.<\/p>\n\n\n\n<p>Silvino destaca que &nbsp;&nbsp;esse maquin\u00e1rio recebido &nbsp;vai proporcionar melhorias e o fortalecimento dos pequenos produtores que atuam na agricultura familiar&nbsp; do munic\u00edpio., por isso, &nbsp;fez quest\u00e3o de agradecer&nbsp; ao &nbsp;deputado Damaso que, \u201cmais uma vez&nbsp; mostrou-se ser um grande parceiro do munic\u00edpio de Tocant\u00ednia,&nbsp; entendendo aos anseios da nossa comunidade da zona rural\u201d, concluiu o prefeito.<\/p>\n\n\n\n<figure class=\"wp-block-image size-full\"><img loading=\"lazy\" decoding=\"async\" width=\"927\" height=\"468\" src=\"https:\/\/focotocantinense.com.br\/wp-content\/uploads\/2022\/12\/aaaaa.jpg\" alt=\"\" class=\"wp-image-3488\" srcset=\"https:\/\/focotocantinense.com.br\/wp-content\/uploads\/2022\/12\/aaaaa.jpg 927w, https:\/\/focotocantinense.com.br\/wp-content\/uploads\/2022\/12\/aaaaa-300x151.jpg 300w, https:\/\/focotocantinense.com.br\/wp-content\/uploads\/2022\/12\/aaaaa-768x388.jpg 768w\" sizes=\"auto, (max-width: 927px) 100vw, 927px\" \/><figcaption class=\"wp-element-caption\"><strong><em>Prefeito Manoel Silvino e deputado Federal Osires Damasso: mais apoio aos pequenos produtores da agricultura familiar de Tocant\u00ednia.<\/em><\/strong><\/figcaption><\/figure>\n","protected":false},"excerpt":{"rendered":"<p>No in\u00edcio de dezembro, o &nbsp;prefeito de Tocant\u00ednia, Manoel Silvino &nbsp;(SD), esteve em Bras\u00edlia, cumprindo&nbsp; agenda de trabalho junto ao &nbsp;gabinete &nbsp;do deputado Osires Damaso (PSC\/TO), com objetivo de articular com o parlamentar, alguns &nbsp;benef\u00edcios para atender as demandas dos agricultores do munic\u00edpio. O resultado positivo dessa articula\u00e7\u00e3o&nbsp; vai se&nbsp; consolidar na&nbsp; &nbsp;pr\u00f3xima segunda-feira (19), &hellip;<\/p>\n","protected":false},"author":5,"featured_media":3488,"comment_status":"open","ping_status":"open","sticky":false,"template":"","format":"standard","meta":{"footnotes":""},"categories":[78],"tags":[],"class_list":["post-3487","post","type-post","status-publish","format-standard","has-post-thumbnail","","category-tocantinia"],"_links":{"self":[{"href":"https:\/\/focotocantinense.com.br\/index.php?rest_route=\/wp\/v2\/posts\/3487","targetHints":{"allow":["GET"]}}],"collection":[{"href":"https:\/\/focotocantinense.com.br\/index.php?rest_route=\/wp\/v2\/posts"}],"about":[{"href":"https:\/\/focotocantinense.com.br\/index.php?rest_route=\/wp\/v2\/types\/post"}],"author":[{"embeddable":true,"href":"https:\/\/focotocantinense.com.br\/index.php?rest_route=\/wp\/v2\/users\/5"}],"replies":[{"embeddable":true,"href":"https:\/\/focotocantinense.com.br\/index.php?rest_route=%2Fwp%2Fv2%2Fcomments&post=3487"}],"version-history":[{"count":2,"href":"https:\/\/focotocantinense.com.br\/index.php?rest_route=\/wp\/v2\/posts\/3487\/revisions"}],"predecessor-version":[{"id":3491,"href":"https:\/\/focotocantinense.com.br\/index.php?rest_route=\/wp\/v2\/posts\/3487\/revisions\/3491"}],"wp:featuredmedia":[{"embeddable":true,"href":"https:\/\/focotocantinense.com.br\/index.php?rest_route=\/wp\/v2\/media\/3488"}],"wp:attachment":[{"href":"https:\/\/focotocantinense.com.br\/index.php?rest_route=%2Fwp%2Fv2%2Fmedia&parent=3487"}],"wp:term":[{"taxonomy":"category","embeddable":true,"href":"https:\/\/focotocantinense.com.br\/index.php?rest_route=%2Fwp%2Fv2%2Fcategories&post=3487"},{"taxonomy":"post_tag","embeddable":true,"href":"https:\/\/focotocantinense.com.br\/index.php?rest_route=%2Fwp%2Fv2%2Ftags&post=3487"}],"curies":[{"name":"wp","href":"https:\/\/api.w.org\/{rel}","templated":true}]}}