{"id":3482,"date":"2022-12-15T18:08:40","date_gmt":"2022-12-15T21:08:40","guid":{"rendered":"https:\/\/focotocantinense.com.br\/?p=3482"},"modified":"2022-12-15T18:10:48","modified_gmt":"2022-12-15T21:10:48","slug":"diretor-da-febtur-participa-de-congresso-internacional-em-portugal","status":"publish","type":"post","link":"https:\/\/focotocantinense.com.br\/?p=3482","title":{"rendered":"Diretor da FEBTUR participa de Congresso Internacional em Portugal"},"content":{"rendered":"\n<figure class=\"wp-block-image size-large is-resized\"><img loading=\"lazy\" decoding=\"async\" src=\"https:\/\/focotocantinense.com.br\/wp-content\/uploads\/2022\/12\/GIL-CORREIA-766x1024.jpg\" alt=\"\" class=\"wp-image-3483\" width=\"360\" height=\"481\" srcset=\"https:\/\/focotocantinense.com.br\/wp-content\/uploads\/2022\/12\/GIL-CORREIA-766x1024.jpg 766w, https:\/\/focotocantinense.com.br\/wp-content\/uploads\/2022\/12\/GIL-CORREIA-225x300.jpg 225w, https:\/\/focotocantinense.com.br\/wp-content\/uploads\/2022\/12\/GIL-CORREIA-768x1026.jpg 768w, https:\/\/focotocantinense.com.br\/wp-content\/uploads\/2022\/12\/GIL-CORREIA.jpg 970w\" sizes=\"auto, (max-width: 360px) 100vw, 360px\" \/><figcaption class=\"wp-element-caption\">O jornalista, professor aposentado e diretor administrativo da Federa\u00e7\u00e3o Brasileira de Jornalistas e Comunicadores de Turismo \u2013 FEBTUR, Gilberto Correia da Silva, vai participar, nesta sexta-feira, 16, do XIV Congresso Internacional de Casos de Ensino relacionados ao Marketing P\u00fablico e sem fins lucrativos, que tem como tema central nesta edi\u00e7\u00e3o, <strong>Tend\u00eancias e Abordagens Relacionadas no Turismo.<\/strong><br><br><br>A edi\u00e7\u00e3o deste ano ser\u00e1 realizada na Universidade do Algarve, na cidade de Faro, em Portugal, sendo promovido anualmente pela Associa\u00e7\u00e3o Internacional de Marketing P\u00fablico e sem fins Lucrativos (AIMPN\/IAPNM). Nesta edi\u00e7\u00e3o portuguesa, ter\u00e1 a parceria da Faculdade de Economia e o Centro de Investiga\u00e7\u00e3o em Turismo, Sustentabilidade e Bem-estar da Universidade do Algarve. &nbsp;A edi\u00e7\u00e3o anterior do evento foi realizada no dia 17 de dezembro de 2021, na cidade de Bilbao, na Espanha.<br>&nbsp;<br>&nbsp;O objetivo do congresso \u00e9 divulgar estudos de caso referentes a atividades de organiza\u00e7\u00f5es sem fins lucrativos, institui\u00e7\u00f5es p\u00fablicas ou empresas, relacionadas \u00e0s seguintes \u00e1reas tem\u00e1ticas: Tend\u00eancias de comportamento do consumidor respons\u00e1vel e gest\u00e3o do turismo; Marketing sem fins lucrativos; Marketing verde; marketing social; Bem-estar, marketing e turismo; Marketing p\u00fablico e pol\u00edtico; Marketing digital com impacto social;&nbsp; Cultura, ind\u00fastrias criativas e marketing art\u00edstico; Responsabilidade Social e Sustentabilidade; Empreendedorismo Social e Inova\u00e7\u00e3o Social e marketing tur\u00edstico. &nbsp;Mais informa\u00e7\u00f5es do evento podem ser obtidas no: <a href=\"https:\/\/congressocasosaimp.wixsite.com\/2022\">https:\/\/congressocasosaimp.wixsite.com\/2022<\/a><br>&nbsp;<br>&nbsp;Gilberto Silva vai se apresentar com um artigo sobre Marketing Social \u2013 Empreendedorismo Social e Inova\u00e7\u00e3o Social, produzido com mais dois acad\u00eamicos do curso de Mestrado em Comunica\u00e7\u00e3o Integrada, que est\u00e3o cursando na Universidade da Beira Interior, na cidade de Covilh\u00e3, em Portugal.<br>&nbsp;<br>&nbsp;\u201c\u00c9 uma excelente oportunidade de participar de um evento com tem\u00e1tica sobre Turismo, mas tamb\u00e9m voltado para Educa\u00e7\u00e3o e Marketing P\u00fablico e sem fins lucrativos, al\u00e9m de conhecer tend\u00eancias tur\u00edsticas do Algarve, com o palestrante Duarte Padilha, que atualmente \u00e9 diretor do Departamento Operacional do Turismo do Algarve, a regi\u00e3o que mais recebe turistas do mundo inteiro em Portugal, especialmente na \u00e9poca do Ver\u00e3o, pelas praias e excelentes atrativos tur\u00edsticos, sem esquecer da professora Arminda Pa\u00e7o, com larga experi\u00eancia e viv\u00eancia no Marketing Social\u201d, ressaltou Correia.<br><br>Arminda Pa\u00e7o \u00e9 PHD em Gest\u00e3o e professora da Universidade da Beira Interior, onde tamb\u00e9m \u00e9 diretora da Faculdade de Ci\u00eancias Sociais e Humanas da UBI e investigadora da Unidade de Investiga\u00e7\u00e3o em Ci\u00eancias Empresariais.<br>&nbsp;<br>Durante o evento ser\u00e3o apresentados cerca de 70 trabalhos que foram submetidos e aprovados pela comiss\u00e3o organizadora, de docentes e estudantes de Licenciatura, Mestrado e Doutorado de v\u00e1rios pa\u00edses da Europa.<\/figcaption><\/figure>\n","protected":false},"excerpt":{"rendered":"<p>O jornalista, professor aposentado e diretor administrativo da Federa\u00e7\u00e3o Brasileira de Jornalistas e Comunicadores de Turismo \u2013 FEBTUR, Gilberto Correia da Silva, vai participar, nesta sexta-feira, 16, do XIV Congresso Internacional de Casos de Ensino relacionados ao Marketing P\u00fablico e sem fins lucrativos, que tem como tema central nesta edi\u00e7\u00e3o, Tend\u00eancias e Abordagens Relacionadas no &hellip;<\/p>\n","protected":false},"author":5,"featured_media":3483,"comment_status":"open","ping_status":"open","sticky":false,"template":"","format":"standard","meta":{"footnotes":""},"categories":[38,1],"tags":[],"class_list":["post-3482","post","type-post","status-publish","format-standard","has-post-thumbnail","","category-gurupi","category-sem-categoria"],"_links":{"self":[{"href":"https:\/\/focotocantinense.com.br\/index.php?rest_route=\/wp\/v2\/posts\/3482","targetHints":{"allow":["GET"]}}],"collection":[{"href":"https:\/\/focotocantinense.com.br\/index.php?rest_route=\/wp\/v2\/posts"}],"about":[{"href":"https:\/\/focotocantinense.com.br\/index.php?rest_route=\/wp\/v2\/types\/post"}],"author":[{"embeddable":true,"href":"https:\/\/focotocantinense.com.br\/index.php?rest_route=\/wp\/v2\/users\/5"}],"replies":[{"embeddable":true,"href":"https:\/\/focotocantinense.com.br\/index.php?rest_route=%2Fwp%2Fv2%2Fcomments&post=3482"}],"version-history":[{"count":3,"href":"https:\/\/focotocantinense.com.br\/index.php?rest_route=\/wp\/v2\/posts\/3482\/revisions"}],"predecessor-version":[{"id":3486,"href":"https:\/\/focotocantinense.com.br\/index.php?rest_route=\/wp\/v2\/posts\/3482\/revisions\/3486"}],"wp:featuredmedia":[{"embeddable":true,"href":"https:\/\/focotocantinense.com.br\/index.php?rest_route=\/wp\/v2\/media\/3483"}],"wp:attachment":[{"href":"https:\/\/focotocantinense.com.br\/index.php?rest_route=%2Fwp%2Fv2%2Fmedia&parent=3482"}],"wp:term":[{"taxonomy":"category","embeddable":true,"href":"https:\/\/focotocantinense.com.br\/index.php?rest_route=%2Fwp%2Fv2%2Fcategories&post=3482"},{"taxonomy":"post_tag","embeddable":true,"href":"https:\/\/focotocantinense.com.br\/index.php?rest_route=%2Fwp%2Fv2%2Ftags&post=3482"}],"curies":[{"name":"wp","href":"https:\/\/api.w.org\/{rel}","templated":true}]}}