{"id":3478,"date":"2022-12-15T18:04:40","date_gmt":"2022-12-15T21:04:40","guid":{"rendered":"https:\/\/focotocantinense.com.br\/?p=3478"},"modified":"2022-12-15T18:04:40","modified_gmt":"2022-12-15T21:04:40","slug":"antonio-andrade-destaca-atuacao-da-assembleia-na-federalizacao-de-rodovias","status":"publish","type":"post","link":"https:\/\/focotocantinense.com.br\/?p=3478","title":{"rendered":"<strong>Antonio Andrade destaca atua\u00e7\u00e3o da Assembleia na federaliza\u00e7\u00e3o de rodovias<\/strong>"},"content":{"rendered":"\n<p>Nesta quinta-feira,15, o presidente da Assembleia Legislativa do Tocantins (Aleto) e deputado federal eleito, Antonio Andrade, participou da cerim\u00f4nia de federaliza\u00e7\u00e3o da TO-050, trecho de Palmas a Silvan\u00f3polis, passando por Porto Nacional, e da TO-020 de Palmas a Aparecida do Rio Negro.<\/p>\n\n\n\n<p>A federaliza\u00e7\u00e3o da TO-050 \u00e9 uma demanda antiga da popula\u00e7\u00e3o e das lideran\u00e7as pol\u00edticas da regi\u00e3o e sempre teve o apoio do deputado Antonio Andrade, basta dizer que a Casa de Leis aprovou o projeto que autorizava esta se\u00e7\u00e3o, assim que foi dado entrada na Aleto.<\/p>\n\n\n\n<p>\u201cO parlamento estadual de pronto aprovou o pedido de federaliza\u00e7\u00e3o, as condi\u00e7\u00f5es das nossas estradas \u00e9 uma preocupa\u00e7\u00e3o constante do parlamentares, a maioria dos requerimentos aprovados na Assembleia pede melhorias das nossas estradas, nossa malha vi\u00e1ria envelheceu e agora com ajuda do Governo Federal vamos cuidar melhor dos trechos federalizados\u201d, destacou o Presidente.<\/p>\n\n\n\n<p>Ainda falando na atua\u00e7\u00e3o da Casa de Leis no que diz respeito a rodovias tocantinenses, o Deputado lembrou que recentemente foram aprovadas autoriza\u00e7\u00f5es de empr\u00e9stimos para duplica\u00e7\u00e3o das rodovias que ligam Palmas a Para\u00edso, a Lajeado, a Taquaru\u00e7u e a Porto Nacional.<\/p>\n\n\n\n<p><strong>Presen\u00e7as<\/strong><\/p>\n\n\n\n<p>O evento contou com a participa\u00e7\u00e3o de diversas autoridades, entre elas, o Ministro de Estado da Infraestrututa , Marcelo Sampaio, o Governador Wanderlei Barbosa, os deputados federais eleitos, L\u00e1zaro Botelho, Ricardo Ayres, Alexandre Guimar\u00e3es, Vicentinho Junior e Felipe Martins, \u00e0s deputadas estaduais, Am\u00e1lia Santana e Vanda Monteiro e os deputados estaduais, Cleiton Cardoso, Nilton Franco, Valdemar J\u00fanior e Olyntho Neto.<\/p>\n","protected":false},"excerpt":{"rendered":"<p>Nesta quinta-feira,15, o presidente da Assembleia Legislativa do Tocantins (Aleto) e deputado federal eleito, Antonio Andrade, participou da cerim\u00f4nia de federaliza\u00e7\u00e3o da TO-050, trecho de Palmas a Silvan\u00f3polis, passando por Porto Nacional, e da TO-020 de Palmas a Aparecida do Rio Negro. A federaliza\u00e7\u00e3o da TO-050 \u00e9 uma demanda antiga da popula\u00e7\u00e3o e das lideran\u00e7as &hellip;<\/p>\n","protected":false},"author":5,"featured_media":3480,"comment_status":"open","ping_status":"open","sticky":false,"template":"","format":"standard","meta":{"footnotes":""},"categories":[1],"tags":[],"class_list":["post-3478","post","type-post","status-publish","format-standard","has-post-thumbnail","","category-sem-categoria"],"_links":{"self":[{"href":"https:\/\/focotocantinense.com.br\/index.php?rest_route=\/wp\/v2\/posts\/3478","targetHints":{"allow":["GET"]}}],"collection":[{"href":"https:\/\/focotocantinense.com.br\/index.php?rest_route=\/wp\/v2\/posts"}],"about":[{"href":"https:\/\/focotocantinense.com.br\/index.php?rest_route=\/wp\/v2\/types\/post"}],"author":[{"embeddable":true,"href":"https:\/\/focotocantinense.com.br\/index.php?rest_route=\/wp\/v2\/users\/5"}],"replies":[{"embeddable":true,"href":"https:\/\/focotocantinense.com.br\/index.php?rest_route=%2Fwp%2Fv2%2Fcomments&post=3478"}],"version-history":[{"count":1,"href":"https:\/\/focotocantinense.com.br\/index.php?rest_route=\/wp\/v2\/posts\/3478\/revisions"}],"predecessor-version":[{"id":3481,"href":"https:\/\/focotocantinense.com.br\/index.php?rest_route=\/wp\/v2\/posts\/3478\/revisions\/3481"}],"wp:featuredmedia":[{"embeddable":true,"href":"https:\/\/focotocantinense.com.br\/index.php?rest_route=\/wp\/v2\/media\/3480"}],"wp:attachment":[{"href":"https:\/\/focotocantinense.com.br\/index.php?rest_route=%2Fwp%2Fv2%2Fmedia&parent=3478"}],"wp:term":[{"taxonomy":"category","embeddable":true,"href":"https:\/\/focotocantinense.com.br\/index.php?rest_route=%2Fwp%2Fv2%2Fcategories&post=3478"},{"taxonomy":"post_tag","embeddable":true,"href":"https:\/\/focotocantinense.com.br\/index.php?rest_route=%2Fwp%2Fv2%2Ftags&post=3478"}],"curies":[{"name":"wp","href":"https:\/\/api.w.org\/{rel}","templated":true}]}}