{"id":3475,"date":"2022-12-15T17:40:08","date_gmt":"2022-12-15T20:40:08","guid":{"rendered":"https:\/\/focotocantinense.com.br\/?p=3475"},"modified":"2022-12-15T17:40:09","modified_gmt":"2022-12-15T20:40:09","slug":"antonio-andrade-e-demais-colegas-de-partido-elegem-hugo-motta-lider-da-bancada-do-republicanos","status":"publish","type":"post","link":"https:\/\/focotocantinense.com.br\/?p=3475","title":{"rendered":"<strong>Antonio Andrade e demais colegas de partido elegem Hugo Motta l\u00edder da bancada do Republicanos<\/strong>"},"content":{"rendered":"\n<p>O presidente da Assembleia Legislativa do Tocantins (Aleto) e deputado federal eleito, Antonio Andrade, participou nesta ter\u00e7a-feira, 13, da elei\u00e7\u00e3o do l\u00edder da bancada do seu partido, o Republicanos.<\/p>\n\n\n\n<p>O deputado, Hugo Motta (PB), foi eleito o novo l\u00edder da bancada na C\u00e2mara em 2023. A elei\u00e7\u00e3o aconteceu por aclama\u00e7\u00e3o.<\/p>\n\n\n\n<p>&nbsp;\u201cIrei trabalhar intensamente, ouvindo as demandas e dialogando para buscar solu\u00e7\u00f5es aos problemas que o Congresso Nacional precisa enfrentar para transformar o Brasil em um pa\u00eds melhor\u201d, afirmou o deputado que \u00e9 eleito l\u00edder pela segunda vez.<\/p>\n\n\n\n<p>Segundo, Antonio Andrade, ou Toinho Andrade, como os seus eleitores gostam de cham\u00e1-lo, o deputado Hugo Motta tem a experi\u00eancia&nbsp;necess\u00e1ria para a fun\u00e7\u00e3o.<\/p>\n\n\n\n<p>\u201cO Deputado Hugo Motta tem perfil de lideran\u00e7a e uma boa interlocu\u00e7\u00e3o com os demais colegas, acreditamos que ele est\u00e1 preparado para os desafios deste cargo e desta nova Legislatura\u201d, destacou o parlamentar tocantinense.<\/p>\n\n\n\n<p>Toinho Andrade foi eleito o deputado federal mais votado do Tocantins com 63.813 votos. O Republicanos vai contar com uma bancada formada por 41 deputados na pr\u00f3xima Legislatura.<\/p>\n\n\n\n<p>Ascom Antonio Andrade &#8211; Deputado Federal eleito.<\/p>\n","protected":false},"excerpt":{"rendered":"<p>O presidente da Assembleia Legislativa do Tocantins (Aleto) e deputado federal eleito, Antonio Andrade, participou nesta ter\u00e7a-feira, 13, da elei\u00e7\u00e3o do l\u00edder da bancada do seu partido, o Republicanos. O deputado, Hugo Motta (PB), foi eleito o novo l\u00edder da bancada na C\u00e2mara em 2023. A elei\u00e7\u00e3o aconteceu por aclama\u00e7\u00e3o. &nbsp;\u201cIrei trabalhar intensamente, ouvindo as &hellip;<\/p>\n","protected":false},"author":5,"featured_media":3476,"comment_status":"open","ping_status":"open","sticky":false,"template":"","format":"standard","meta":{"footnotes":""},"categories":[1],"tags":[],"class_list":["post-3475","post","type-post","status-publish","format-standard","has-post-thumbnail","","category-sem-categoria"],"_links":{"self":[{"href":"https:\/\/focotocantinense.com.br\/index.php?rest_route=\/wp\/v2\/posts\/3475","targetHints":{"allow":["GET"]}}],"collection":[{"href":"https:\/\/focotocantinense.com.br\/index.php?rest_route=\/wp\/v2\/posts"}],"about":[{"href":"https:\/\/focotocantinense.com.br\/index.php?rest_route=\/wp\/v2\/types\/post"}],"author":[{"embeddable":true,"href":"https:\/\/focotocantinense.com.br\/index.php?rest_route=\/wp\/v2\/users\/5"}],"replies":[{"embeddable":true,"href":"https:\/\/focotocantinense.com.br\/index.php?rest_route=%2Fwp%2Fv2%2Fcomments&post=3475"}],"version-history":[{"count":1,"href":"https:\/\/focotocantinense.com.br\/index.php?rest_route=\/wp\/v2\/posts\/3475\/revisions"}],"predecessor-version":[{"id":3477,"href":"https:\/\/focotocantinense.com.br\/index.php?rest_route=\/wp\/v2\/posts\/3475\/revisions\/3477"}],"wp:featuredmedia":[{"embeddable":true,"href":"https:\/\/focotocantinense.com.br\/index.php?rest_route=\/wp\/v2\/media\/3476"}],"wp:attachment":[{"href":"https:\/\/focotocantinense.com.br\/index.php?rest_route=%2Fwp%2Fv2%2Fmedia&parent=3475"}],"wp:term":[{"taxonomy":"category","embeddable":true,"href":"https:\/\/focotocantinense.com.br\/index.php?rest_route=%2Fwp%2Fv2%2Fcategories&post=3475"},{"taxonomy":"post_tag","embeddable":true,"href":"https:\/\/focotocantinense.com.br\/index.php?rest_route=%2Fwp%2Fv2%2Ftags&post=3475"}],"curies":[{"name":"wp","href":"https:\/\/api.w.org\/{rel}","templated":true}]}}