{"id":3466,"date":"2022-12-13T15:13:08","date_gmt":"2022-12-13T18:13:08","guid":{"rendered":"https:\/\/focotocantinense.com.br\/?p=3466"},"modified":"2022-12-13T15:13:17","modified_gmt":"2022-12-13T18:13:17","slug":"antonio-andrade-anuncia-mais-de-5-mil-vagas-para-cursos-on-line-da-escola-do-legislativo","status":"publish","type":"post","link":"https:\/\/focotocantinense.com.br\/?p=3466","title":{"rendered":"<strong>Antonio\u00a0Andrade\u00a0anuncia mais de 5 mil vagas para cursos on-line da Escola do Legislativo<\/strong>"},"content":{"rendered":"\n<p>\u201cA Escola do Legislativo tem sido o carro-chefe da minha administra\u00e7\u00e3o na Assembleia\u201d. A frase do presidente da Assembleia Legislativa do Tocantins (Aleto), deputado&nbsp;Antonio&nbsp;Andrade&nbsp;(Republicanos), foi dita para destacar a import\u00e2ncia social da Escola do Legislativo nos \u00faltimos quatro anos. A declara\u00e7\u00e3o foi dada durante o lan\u00e7amento oficial das inscri\u00e7\u00f5es para outras 5 mil e 500 novas vagas para cursos on-line a serem ofertados pela Escola a partir do pr\u00f3ximo dia 12.<\/p>\n\n\n\n<p>\u201cEstamos longe de imaginar o alcance, a import\u00e2ncia que a Escola do Legislativo vem tendo nesses \u00faltimos anos, tanto para os servidores [da Casa], quanto para boa parte da popula\u00e7\u00e3o\u201d, disse&nbsp;Andrade, destacando que os efeitos produzidos pela Escola Legislativo possibilitaram o acesso a cursinhos gratuitos e de qualidade a alunos de baixa renda.<\/p>\n\n\n\n<p>A estudante Emylli Keiry Santos Leal, de 18 anos, \u00e9 prova concreta da aten\u00e7\u00e3o e do investimento da Aleto em dezenas de cursos de forma\u00e7\u00e3o e pr\u00e9-vestibulares. \u00c9 prova do resultado do trabalho e do investimento do Legislativo em Educa\u00e7\u00e3o. Ela faz parte de um time de mais de uma dezena de aprovados em cursos superiores oferecidos nas faculdades do Tocantins.<\/p>\n\n\n\n<p>\u201cAs aulas do preparat\u00f3rio para o vestibular, oferecidas pela Assembleia, foram fundamentais para a minha aprova\u00e7\u00e3o. A dedica\u00e7\u00e3o dos funcion\u00e1rios da Escola do Legislativo, a aten\u00e7\u00e3o dos professores, o material gratuito e de qualidade que nos foi ofertado, com certeza, contribu\u00edram para que eu e outros alunos pass\u00e1ssemos em um curso superior\u201d, reconhece Emylli, aprovada recentemente no curso de Engenharia Civil e no curso de Est\u00e9tica, em Palmas.<\/p>\n\n\n\n<p>O representante do presidente da Escola do Legislativo, Evandro Gomes Sobrinho, ressaltou que o \u00edndice de aprova\u00e7\u00e3o dos alunos matriculados na Institui\u00e7\u00e3o nos concursos vestibulares do Tocantins \u00e9 em torno de 30%. \u201cIsso demonstra o resultado do empenho dos funcion\u00e1rios, dos deputados e em especial do presidente, que sempre deu aten\u00e7\u00e3o especial a essa ideia\u201d, disse.<\/p>\n\n\n\n<p><strong>Inscri\u00e7\u00f5es e vagas<\/strong><\/p>\n\n\n\n<p>A iniciativa do Poder Legislativo visa preparar jovens ao mercado de trabalho. Ser\u00e3o oferecidas 500 vagas para os cursos de Comunica\u00e7\u00e3o Institucional, Espanhol B\u00e1sico, Gest\u00e3o de M\u00eddias Sociais, Inform\u00e1tica B\u00e1sica, Intermedi\u00e1ria e Avan\u00e7ada, Libras B\u00e1sico, Intermedi\u00e1rio e Avan\u00e7ado, Preparat\u00f3rio para Concursos P\u00fablicos e para Pr\u00e9-vestibular, e T\u00e9cnica Legislativa \u2013 Reda\u00e7\u00e3o Oficial.<\/p>\n\n\n\n<p>Os interessados em participar de um dos cursos devem se inscrever at\u00e9 o pr\u00f3ximo s\u00e1bado, dia 10, no site da escola: D\u00favidas podem ser sanadas pelo telefone (63) 99205-0160.<\/p>\n\n\n\n<p>Fotos: Joelma Cristina&nbsp;<\/p>\n\n\n\n<p>Texto: Suzana&nbsp; Barros<\/p>\n","protected":false},"excerpt":{"rendered":"<p>\u201cA Escola do Legislativo tem sido o carro-chefe da minha administra\u00e7\u00e3o na Assembleia\u201d. A frase do presidente da Assembleia Legislativa do Tocantins (Aleto), deputado&nbsp;Antonio&nbsp;Andrade&nbsp;(Republicanos), foi dita para destacar a import\u00e2ncia social da Escola do Legislativo nos \u00faltimos quatro anos. A declara\u00e7\u00e3o foi dada durante o lan\u00e7amento oficial das inscri\u00e7\u00f5es para outras 5 mil e 500 &hellip;<\/p>\n","protected":false},"author":5,"featured_media":3467,"comment_status":"open","ping_status":"open","sticky":false,"template":"","format":"standard","meta":{"footnotes":""},"categories":[1],"tags":[],"class_list":["post-3466","post","type-post","status-publish","format-standard","has-post-thumbnail","","category-sem-categoria"],"_links":{"self":[{"href":"https:\/\/focotocantinense.com.br\/index.php?rest_route=\/wp\/v2\/posts\/3466","targetHints":{"allow":["GET"]}}],"collection":[{"href":"https:\/\/focotocantinense.com.br\/index.php?rest_route=\/wp\/v2\/posts"}],"about":[{"href":"https:\/\/focotocantinense.com.br\/index.php?rest_route=\/wp\/v2\/types\/post"}],"author":[{"embeddable":true,"href":"https:\/\/focotocantinense.com.br\/index.php?rest_route=\/wp\/v2\/users\/5"}],"replies":[{"embeddable":true,"href":"https:\/\/focotocantinense.com.br\/index.php?rest_route=%2Fwp%2Fv2%2Fcomments&post=3466"}],"version-history":[{"count":2,"href":"https:\/\/focotocantinense.com.br\/index.php?rest_route=\/wp\/v2\/posts\/3466\/revisions"}],"predecessor-version":[{"id":3469,"href":"https:\/\/focotocantinense.com.br\/index.php?rest_route=\/wp\/v2\/posts\/3466\/revisions\/3469"}],"wp:featuredmedia":[{"embeddable":true,"href":"https:\/\/focotocantinense.com.br\/index.php?rest_route=\/wp\/v2\/media\/3467"}],"wp:attachment":[{"href":"https:\/\/focotocantinense.com.br\/index.php?rest_route=%2Fwp%2Fv2%2Fmedia&parent=3466"}],"wp:term":[{"taxonomy":"category","embeddable":true,"href":"https:\/\/focotocantinense.com.br\/index.php?rest_route=%2Fwp%2Fv2%2Fcategories&post=3466"},{"taxonomy":"post_tag","embeddable":true,"href":"https:\/\/focotocantinense.com.br\/index.php?rest_route=%2Fwp%2Fv2%2Ftags&post=3466"}],"curies":[{"name":"wp","href":"https:\/\/api.w.org\/{rel}","templated":true}]}}