{"id":3459,"date":"2022-12-13T15:01:12","date_gmt":"2022-12-13T18:01:12","guid":{"rendered":"https:\/\/focotocantinense.com.br\/?p=3459"},"modified":"2022-12-13T15:01:13","modified_gmt":"2022-12-13T18:01:13","slug":"prefeitura-de-gurupi-atualiza-locais-e-horarios-de-vacinacao-contra-covid-19-neste-mes-de-dezembro","status":"publish","type":"post","link":"https:\/\/focotocantinense.com.br\/?p=3459","title":{"rendered":"<strong>Prefeitura de Gurupi atualiza locais e hor\u00e1rios de vacina\u00e7\u00e3o contra Covid-19 neste m\u00eas de dezembro<\/strong>"},"content":{"rendered":"\n<p>Por Niceia Menegon \u2013 Ascom Semus<\/p>\n\n\n\n<p>Fotos: Arquivo Secom Gurupi<\/p>\n\n\n\n<p>De acordo com o aumento nos casos de contamina\u00e7\u00e3o por Covid-19, a Prefeitura de Gurupi, por meio da Secretaria de Municipal de Sa\u00fade, refor\u00e7a a import\u00e2ncia de a popula\u00e7\u00e3o completar o ciclo vacinal e aumentar a prote\u00e7\u00e3o contra os sintomas mais severos do v\u00edrus.<\/p>\n\n\n\n<p>Completar o ciclo vacinal \u00e9 uma atitude fundamental para impedir o agravamento da doen\u00e7a. \u201cA vacina \u00e9 a barreira mais eficiente para impedir as manifesta\u00e7\u00f5es graves da Covid-19. N\u00e3o podemos desconsiderar que \u00e9 uma doen\u00e7a que pode levar \u00e0 morte. Os \u00edndices de vacina\u00e7\u00e3o de Gurupi ainda est\u00e3o baixos, por isso, n\u00f3s apelamos para que todos reforcem sua prote\u00e7\u00e3o com os imunizantes\u201d, enfatizou o secret\u00e1rio Municipal de Sa\u00fade, Sinvaldo Moraes.<\/p>\n\n\n\n<p>Segundo a coordenadora de imuniza\u00e7\u00e3o de Gurupi, Lilamara Oliveira Miranda Tavares, \u00e9 necess\u00e1rio que a comunidade se atente para os hor\u00e1rios de vacina\u00e7\u00e3o nas Unidades B\u00e1sicas de Sa\u00fade (UBS), pois neste m\u00eas de dezembro alguns sofrer\u00e3o altera\u00e7\u00e3o em raz\u00e3o do calend\u00e1rio de final de ano.<\/p>\n\n\n\n<p>Confira os locais de vacina\u00e7\u00e3o contra a Covid-19:&nbsp;<\/p>\n\n\n\n<p><strong>1. UBS Parque das Ac\u00e1cias<\/strong><\/p>\n\n\n\n<p>Vacinas de rotina, Covid-19 adulto e infantil<\/p>\n\n\n\n<p>Hor\u00e1rio: 07h \u00e0s 12h (fechada de 26 a 30\/12)<\/p>\n\n\n\n<p>&nbsp;&nbsp;&nbsp; 13h \u00e0s 17h (fechada de 19 a 23\/12)<\/p>\n\n\n\n<p><strong>2. UBS Jardim do Buritis<\/strong><\/p>\n\n\n\n<p>Vacinas de rotina, Covid-19 adulto e infantil<\/p>\n\n\n\n<p>Hor\u00e1rio: 07h \u00e0s 12h (fechada de 26 a 30\/12)<\/p>\n\n\n\n<p>&nbsp;&nbsp;&nbsp; 13h \u00e0s 17h (fechada de 19 a 23\/12)<\/p>\n\n\n\n<p><strong>3. UBS Pedroso<\/strong><\/p>\n\n\n\n<p>Vacinas de rotina, Antirr\u00e1bica, Covid-19 adulto e infantil<\/p>\n\n\n\n<p>Hor\u00e1rio: 07h \u00e0s 12h (fechada de 19 a 23\/12)<\/p>\n\n\n\n<p>&nbsp;&nbsp; 13h \u00e0s 17h (fechada de 26 a 30\/12)<\/p>\n\n\n\n<p><strong>4. UBS Sol Nascente<\/strong><\/p>\n\n\n\n<p>Vacinas de rotina, Covid-19 adulto e infantil<\/p>\n\n\n\n<p>Hor\u00e1rio: 07h \u00e0s 12h (fechada de 19 a 23\/12)<\/p>\n\n\n\n<p>&nbsp;&nbsp; 13h \u00e0s 17h (fechada de 26 a 30 de dez)<\/p>\n\n\n\n<p><strong>5. UBS Jo\u00e3o Manoel<\/strong><\/p>\n\n\n\n<p>Vacinas de rotina, Covid-19 adulto e infantil<\/p>\n\n\n\n<p>Hor\u00e1rio: 07h \u00e0s 12h (fechada de 26 a 30\/12)<\/p>\n\n\n\n<p>&nbsp;&nbsp;&nbsp; 13h \u00e0s 17h (fechada de 19 a 23\/12)<\/p>\n\n\n\n<p><strong>6. UBS Vila Nova<\/strong><\/p>\n\n\n\n<p>Vacinas de rotina, Covid-19 adulto e infantil<\/p>\n\n\n\n<p>Hor\u00e1rio: 07h \u00e0s 12h (fechada de 19 a 23\/12)<\/p>\n\n\n\n<p>&nbsp;&nbsp; 13h \u00e0s 17h (fechada de 26 a 30\/12)<\/p>\n\n\n\n<p><strong>7. UBS Nova Fronteira<\/strong><\/p>\n\n\n\n<p>Vacinas de rotina, Covid-19 adulto e infantil<\/p>\n\n\n\n<p>Hor\u00e1rio: 07h \u00e0s 12h (fechada de 19 a 23\/12)<\/p>\n\n\n\n<p>&nbsp;&nbsp; 13h \u00e0s 17h (fechada de 26 a 30\/12)<\/p>\n\n\n\n<p><strong>Pfizer Baby<\/strong><\/p>\n\n\n\n<p>Desde a segunda quinzena de novembro, a Secretaria Municipal de Sa\u00fade de Gurupi tem ofertado a Pfizer Baby para as crian\u00e7as de 6 meses a 2 anos, 11 meses e 29 dias, com comorbidades. Cada frasco da vacina concentra at\u00e9 12 doses que podem ser usadas no prazo de at\u00e9 12 horas depois de aberto. Para evitar o descarte das doses, a SEMUS definiu como estrat\u00e9gia o agendamento da vacina\u00e7\u00e3o, que consiste no uso racional da vacina.&nbsp;<\/p>\n\n\n\n<p>Para vacinar os beb\u00eas, pais ou respons\u00e1veis dever\u00e3o agendar o dia e o hor\u00e1rio para a aplica\u00e7\u00e3o da vacina, pelo telefone ou WhatsApp: (63) 3315-0095. Tamb\u00e9m dever\u00e3o apresentar a documenta\u00e7\u00e3o pessoal, cart\u00e3o de vacinas e do SUS, bem como laudo m\u00e9dico.<\/p>\n\n\n\n<p><strong>Intervalo entre 1\u00aa e 2\u00aa doses<\/strong><\/p>\n\n\n\n<p>Coronavac \u2013 intervalo de 28 dias (crian\u00e7a e adulto)<\/p>\n\n\n\n<p>Pfizer \u2013 intervalo de 60 dias (crian\u00e7a e adulto)<\/p>\n\n\n\n<p>AstraZeneca \u2013 intervalo de 60 dias<\/p>\n\n\n\n<p>Janssen \u2013 intervalo de 60 dias<\/p>\n\n\n\n<p><strong>Doses de refor\u00e7o, 3\u00aa e 4\u00aa doses:\u00a0<\/strong>04 meses ap\u00f3s receber a dose anterior, independente da marca do imunizante. A 4\u00aa dose, ou segunda dose de refor\u00e7o, at\u00e9 o momento, est\u00e1 liberada para quem tem 40 anos ou mais, al\u00e9m dos profissionais da \u00e1rea da educa\u00e7\u00e3o e da sa\u00fade.<\/p>\n","protected":false},"excerpt":{"rendered":"<p>Por Niceia Menegon \u2013 Ascom Semus Fotos: Arquivo Secom Gurupi De acordo com o aumento nos casos de contamina\u00e7\u00e3o por Covid-19, a Prefeitura de Gurupi, por meio da Secretaria de Municipal de Sa\u00fade, refor\u00e7a a import\u00e2ncia de a popula\u00e7\u00e3o completar o ciclo vacinal e aumentar a prote\u00e7\u00e3o contra os sintomas mais severos do v\u00edrus. Completar &hellip;<\/p>\n","protected":false},"author":5,"featured_media":3460,"comment_status":"open","ping_status":"open","sticky":false,"template":"","format":"standard","meta":{"footnotes":""},"categories":[1],"tags":[],"class_list":["post-3459","post","type-post","status-publish","format-standard","has-post-thumbnail","","category-sem-categoria"],"_links":{"self":[{"href":"https:\/\/focotocantinense.com.br\/index.php?rest_route=\/wp\/v2\/posts\/3459","targetHints":{"allow":["GET"]}}],"collection":[{"href":"https:\/\/focotocantinense.com.br\/index.php?rest_route=\/wp\/v2\/posts"}],"about":[{"href":"https:\/\/focotocantinense.com.br\/index.php?rest_route=\/wp\/v2\/types\/post"}],"author":[{"embeddable":true,"href":"https:\/\/focotocantinense.com.br\/index.php?rest_route=\/wp\/v2\/users\/5"}],"replies":[{"embeddable":true,"href":"https:\/\/focotocantinense.com.br\/index.php?rest_route=%2Fwp%2Fv2%2Fcomments&post=3459"}],"version-history":[{"count":1,"href":"https:\/\/focotocantinense.com.br\/index.php?rest_route=\/wp\/v2\/posts\/3459\/revisions"}],"predecessor-version":[{"id":3461,"href":"https:\/\/focotocantinense.com.br\/index.php?rest_route=\/wp\/v2\/posts\/3459\/revisions\/3461"}],"wp:featuredmedia":[{"embeddable":true,"href":"https:\/\/focotocantinense.com.br\/index.php?rest_route=\/wp\/v2\/media\/3460"}],"wp:attachment":[{"href":"https:\/\/focotocantinense.com.br\/index.php?rest_route=%2Fwp%2Fv2%2Fmedia&parent=3459"}],"wp:term":[{"taxonomy":"category","embeddable":true,"href":"https:\/\/focotocantinense.com.br\/index.php?rest_route=%2Fwp%2Fv2%2Fcategories&post=3459"},{"taxonomy":"post_tag","embeddable":true,"href":"https:\/\/focotocantinense.com.br\/index.php?rest_route=%2Fwp%2Fv2%2Ftags&post=3459"}],"curies":[{"name":"wp","href":"https:\/\/api.w.org\/{rel}","templated":true}]}}