{"id":3449,"date":"2022-12-12T20:29:38","date_gmt":"2022-12-12T23:29:38","guid":{"rendered":"https:\/\/focotocantinense.com.br\/?p=3449"},"modified":"2022-12-12T20:29:39","modified_gmt":"2022-12-12T23:29:39","slug":"alunos-da-rede-municipal-de-educacao-de-tocantinia-participam-do-circuito-de-saude-e-alimentacao-saudavel","status":"publish","type":"post","link":"https:\/\/focotocantinense.com.br\/?p=3449","title":{"rendered":"Alunos da Rede Municipal de Educa\u00e7\u00e3o de Tocant\u00ednia participam do Circuito de Sa\u00fade e Alimenta\u00e7\u00e3o Saud\u00e1vel"},"content":{"rendered":"\n<p><strong>Por Zacarias Martins<\/strong><\/p>\n\n\n\n<p>Nesta segunda-feira, dia 12,&nbsp; a&nbsp;Prefeitura de Tocant\u00ednia, por meio da Secretaria Municipal de Educa\u00e7\u00e3o (Semed), numa parceria com&nbsp; a Universidade Federal do Tocantins (UFT), promoveu uma tarde diferente aos alunos do 5\u00b0 ano da Rede Municipal de Educa\u00e7\u00e3o. Trata-se do Circuito de Sa\u00fade e Alimenta\u00e7\u00e3o Saud\u00e1vel.<\/p>\n\n\n\n<p>Os acad\u00eamicos do curso de Nutri\u00e7\u00e3o da UFT trouxeram para essa tarde diferente informa\u00e7\u00f5es sobre os alimentos industrializados e apresentaram proposta para os alunos repensarem em alimenta\u00e7\u00e3o saud\u00e1vel.<\/p>\n\n\n\n<p>O Secret\u00e1rio de Educa\u00e7\u00e3o, professor Andr\u00e9 Goveia ficou muito satisfeito com essa a\u00e7\u00e3o, que faz amostragem daquilo que \u00e9 necess\u00e1rio para pr\u00e1tica de uma boa alimenta\u00e7\u00e3o saud\u00e1vel. Goveia ressaltou que a\u00e7\u00f5es como essa trazem informa\u00e7\u00f5es que fomentam no intelecto dos alunos o desejo de estudo em ci\u00eancias, matem\u00e1tica, l\u00edngua portuguesa e demais disciplinas que envolvem a natureza.<\/p>\n\n\n\n<p>Os alunos ficaram maravilhados com a exposi\u00e7\u00e3o, e se comprometeram em aplicar no dia-a-dia esse aprendizado.<\/p>\n\n\n\n<figure class=\"wp-block-image size-full\"><img loading=\"lazy\" decoding=\"async\" width=\"875\" height=\"443\" src=\"https:\/\/focotocantinense.com.br\/wp-content\/uploads\/2022\/12\/bbb.jpg\" alt=\"\" class=\"wp-image-3451\" srcset=\"https:\/\/focotocantinense.com.br\/wp-content\/uploads\/2022\/12\/bbb.jpg 875w, https:\/\/focotocantinense.com.br\/wp-content\/uploads\/2022\/12\/bbb-300x152.jpg 300w, https:\/\/focotocantinense.com.br\/wp-content\/uploads\/2022\/12\/bbb-768x389.jpg 768w\" sizes=\"auto, (max-width: 875px) 100vw, 875px\" \/><\/figure>\n\n\n\n<figure class=\"wp-block-image size-full\"><img loading=\"lazy\" decoding=\"async\" width=\"940\" height=\"470\" src=\"https:\/\/focotocantinense.com.br\/wp-content\/uploads\/2022\/12\/aaaaaaaaaaaaaaaaaa-1.jpg\" alt=\"\" class=\"wp-image-3452\" srcset=\"https:\/\/focotocantinense.com.br\/wp-content\/uploads\/2022\/12\/aaaaaaaaaaaaaaaaaa-1.jpg 940w, https:\/\/focotocantinense.com.br\/wp-content\/uploads\/2022\/12\/aaaaaaaaaaaaaaaaaa-1-300x150.jpg 300w, https:\/\/focotocantinense.com.br\/wp-content\/uploads\/2022\/12\/aaaaaaaaaaaaaaaaaa-1-768x384.jpg 768w, https:\/\/focotocantinense.com.br\/wp-content\/uploads\/2022\/12\/aaaaaaaaaaaaaaaaaa-1-660x330.jpg 660w\" sizes=\"auto, (max-width: 940px) 100vw, 940px\" \/><\/figure>\n","protected":false},"excerpt":{"rendered":"<p>Por Zacarias Martins Nesta segunda-feira, dia 12,&nbsp; a&nbsp;Prefeitura de Tocant\u00ednia, por meio da Secretaria Municipal de Educa\u00e7\u00e3o (Semed), numa parceria com&nbsp; a Universidade Federal do Tocantins (UFT), promoveu uma tarde diferente aos alunos do 5\u00b0 ano da Rede Municipal de Educa\u00e7\u00e3o. Trata-se do Circuito de Sa\u00fade e Alimenta\u00e7\u00e3o Saud\u00e1vel. Os acad\u00eamicos do curso de Nutri\u00e7\u00e3o &hellip;<\/p>\n","protected":false},"author":5,"featured_media":3450,"comment_status":"open","ping_status":"open","sticky":false,"template":"","format":"standard","meta":{"footnotes":""},"categories":[78],"tags":[],"class_list":["post-3449","post","type-post","status-publish","format-standard","has-post-thumbnail","","category-tocantinia"],"_links":{"self":[{"href":"https:\/\/focotocantinense.com.br\/index.php?rest_route=\/wp\/v2\/posts\/3449","targetHints":{"allow":["GET"]}}],"collection":[{"href":"https:\/\/focotocantinense.com.br\/index.php?rest_route=\/wp\/v2\/posts"}],"about":[{"href":"https:\/\/focotocantinense.com.br\/index.php?rest_route=\/wp\/v2\/types\/post"}],"author":[{"embeddable":true,"href":"https:\/\/focotocantinense.com.br\/index.php?rest_route=\/wp\/v2\/users\/5"}],"replies":[{"embeddable":true,"href":"https:\/\/focotocantinense.com.br\/index.php?rest_route=%2Fwp%2Fv2%2Fcomments&post=3449"}],"version-history":[{"count":1,"href":"https:\/\/focotocantinense.com.br\/index.php?rest_route=\/wp\/v2\/posts\/3449\/revisions"}],"predecessor-version":[{"id":3453,"href":"https:\/\/focotocantinense.com.br\/index.php?rest_route=\/wp\/v2\/posts\/3449\/revisions\/3453"}],"wp:featuredmedia":[{"embeddable":true,"href":"https:\/\/focotocantinense.com.br\/index.php?rest_route=\/wp\/v2\/media\/3450"}],"wp:attachment":[{"href":"https:\/\/focotocantinense.com.br\/index.php?rest_route=%2Fwp%2Fv2%2Fmedia&parent=3449"}],"wp:term":[{"taxonomy":"category","embeddable":true,"href":"https:\/\/focotocantinense.com.br\/index.php?rest_route=%2Fwp%2Fv2%2Fcategories&post=3449"},{"taxonomy":"post_tag","embeddable":true,"href":"https:\/\/focotocantinense.com.br\/index.php?rest_route=%2Fwp%2Fv2%2Ftags&post=3449"}],"curies":[{"name":"wp","href":"https:\/\/api.w.org\/{rel}","templated":true}]}}