{"id":3437,"date":"2022-12-09T19:13:45","date_gmt":"2022-12-09T22:13:45","guid":{"rendered":"https:\/\/focotocantinense.com.br\/?p=3437"},"modified":"2022-12-09T19:28:15","modified_gmt":"2022-12-09T22:28:15","slug":"vereador-professor-welice-e-eleito-presidente-da-camara-municipal-de-lagoa-da-confusao","status":"publish","type":"post","link":"https:\/\/focotocantinense.com.br\/?p=3437","title":{"rendered":"Vereador Professor Welice \u00e9 eleito presidente da C\u00e2mara Municipal de Lagoa da Confus\u00e3o"},"content":{"rendered":"\n<figure class=\"wp-block-image size-large is-resized\"><img loading=\"lazy\" decoding=\"async\" src=\"https:\/\/focotocantinense.com.br\/wp-content\/uploads\/2022\/12\/4d103823-98b5-46e5-b069-8ea066e9eeef-1024x683.jpg\" alt=\"\" class=\"wp-image-3443\" width=\"383\" height=\"255\" srcset=\"https:\/\/focotocantinense.com.br\/wp-content\/uploads\/2022\/12\/4d103823-98b5-46e5-b069-8ea066e9eeef-1024x683.jpg 1024w, https:\/\/focotocantinense.com.br\/wp-content\/uploads\/2022\/12\/4d103823-98b5-46e5-b069-8ea066e9eeef-300x200.jpg 300w, https:\/\/focotocantinense.com.br\/wp-content\/uploads\/2022\/12\/4d103823-98b5-46e5-b069-8ea066e9eeef-768x512.jpg 768w, https:\/\/focotocantinense.com.br\/wp-content\/uploads\/2022\/12\/4d103823-98b5-46e5-b069-8ea066e9eeef-310x205.jpg 310w, https:\/\/focotocantinense.com.br\/wp-content\/uploads\/2022\/12\/4d103823-98b5-46e5-b069-8ea066e9eeef.jpg 1488w\" sizes=\"auto, (max-width: 383px) 100vw, 383px\" \/><\/figure>\n\n\n\n<p><em>Integrantes da nova Diretotira da C\u00e2mara de                                                                                                             Vereadores de Lagoa da Confus\u00e3o<\/em><\/p>\n\n\n\n<p><strong><em>Por Zacarias Martins<\/em><\/strong><\/p>\n\n\n\n<p>Em sess\u00e3o realizada nesta sexta-feira, dia 9, foram eleitos os novos integrantes da Mesa Diretora da C\u00e2mara Municipal de Lagoa da Confus\u00e3o para o bi\u00eanio 2023\/2034.<\/p>\n\n\n\n<p>O Professor Welice Cardoso, vereador no segundo mandato, integrante do Partido Solidariedade (SD), foi eleito o novo presidente da Casa Legislativa lagoense, tendo como vice, o vereador Nelvi Teixeira Carlos, do Partido Democratas (DEM). A chapa eleita \u00e9 composta, ainda, pelos vereadores Denito Pereira de Carvalho \u2013 o Bitom, do Partido Progressistas (PP), e Davi Dias Reis, do partido Democracia Crist\u00e3 (DC) 1\u00ba e 2\u00ba secret\u00e1rios, respectivamente.<\/p>\n\n\n","protected":false},"excerpt":{"rendered":"<p>Integrantes da nova Diretotira da C\u00e2mara de Vereadores de Lagoa da Confus\u00e3o Por Zacarias Martins Em sess\u00e3o realizada nesta sexta-feira, dia 9, foram eleitos os novos integrantes da Mesa Diretora da C\u00e2mara Municipal de Lagoa da Confus\u00e3o para o bi\u00eanio 2023\/2034. O Professor Welice Cardoso, vereador no segundo mandato, integrante do Partido Solidariedade (SD), foi &hellip;<\/p>\n","protected":false},"author":5,"featured_media":3439,"comment_status":"open","ping_status":"open","sticky":false,"template":"","format":"standard","meta":{"footnotes":""},"categories":[71],"tags":[],"class_list":["post-3437","post","type-post","status-publish","format-standard","has-post-thumbnail","","category-lagoa-da-confusao"],"_links":{"self":[{"href":"https:\/\/focotocantinense.com.br\/index.php?rest_route=\/wp\/v2\/posts\/3437","targetHints":{"allow":["GET"]}}],"collection":[{"href":"https:\/\/focotocantinense.com.br\/index.php?rest_route=\/wp\/v2\/posts"}],"about":[{"href":"https:\/\/focotocantinense.com.br\/index.php?rest_route=\/wp\/v2\/types\/post"}],"author":[{"embeddable":true,"href":"https:\/\/focotocantinense.com.br\/index.php?rest_route=\/wp\/v2\/users\/5"}],"replies":[{"embeddable":true,"href":"https:\/\/focotocantinense.com.br\/index.php?rest_route=%2Fwp%2Fv2%2Fcomments&post=3437"}],"version-history":[{"count":6,"href":"https:\/\/focotocantinense.com.br\/index.php?rest_route=\/wp\/v2\/posts\/3437\/revisions"}],"predecessor-version":[{"id":3448,"href":"https:\/\/focotocantinense.com.br\/index.php?rest_route=\/wp\/v2\/posts\/3437\/revisions\/3448"}],"wp:featuredmedia":[{"embeddable":true,"href":"https:\/\/focotocantinense.com.br\/index.php?rest_route=\/wp\/v2\/media\/3439"}],"wp:attachment":[{"href":"https:\/\/focotocantinense.com.br\/index.php?rest_route=%2Fwp%2Fv2%2Fmedia&parent=3437"}],"wp:term":[{"taxonomy":"category","embeddable":true,"href":"https:\/\/focotocantinense.com.br\/index.php?rest_route=%2Fwp%2Fv2%2Fcategories&post=3437"},{"taxonomy":"post_tag","embeddable":true,"href":"https:\/\/focotocantinense.com.br\/index.php?rest_route=%2Fwp%2Fv2%2Ftags&post=3437"}],"curies":[{"name":"wp","href":"https:\/\/api.w.org\/{rel}","templated":true}]}}