{"id":3433,"date":"2022-12-09T08:54:59","date_gmt":"2022-12-09T11:54:59","guid":{"rendered":"https:\/\/focotocantinense.com.br\/?p=3433"},"modified":"2022-12-09T08:55:52","modified_gmt":"2022-12-09T11:55:52","slug":"brk-ambiental-atende-reivindicacoes-do-vereador-napoleao-dionisio-e-melhora-a-qualidade-da-agua-servida-a-populacao-de-lagoa-da-confusao","status":"publish","type":"post","link":"https:\/\/focotocantinense.com.br\/?p=3433","title":{"rendered":"BRK Ambiental atende reivindica\u00e7\u00f5es do Vereador Napole\u00e3o Dion\u00edsio e melhora a qualidade da \u00e1gua servida \u00e0 popula\u00e7\u00e3o de Lagoa da Confus\u00e3o"},"content":{"rendered":"\n<p><strong>Por Zacarias Martins<\/strong><\/p>\n\n\n\n<p>O empenho &nbsp;&nbsp;do vereador&nbsp; Napole\u00e3o Dion\u00edsio (PSL),&nbsp; na busca de uma solu\u00e7\u00e3o definitiva para o problema da qualidade&nbsp; da \u00e1gua servida \u00e0 popula\u00e7\u00e3o de Lagoa da Confus\u00e3o, a que tudo indica, est\u00e1 chegando a um desfecho positivo.<\/p>\n\n\n\n<p>Os representante da&nbsp; BRK Ambiental, empresa concession\u00e1ria do&nbsp; &nbsp;Sistema de Abastecimento de \u00c1gua \u2013 SAA de Lagoa da Confus\u00e3o, &nbsp;comunicaram &nbsp;&nbsp;nesta quinta-feira, dia 8, &nbsp;em reuni\u00e3o realizada na C\u00e2mara Municipal de Vereadores, &nbsp;a conclus\u00e3o dos servi\u00e7os de melhorias, conforme cronograma de a\u00e7\u00f5es apresentado pela empresa.<\/p>\n\n\n\n<p>Na oportunidade, foi comunicado que al\u00e9m das a\u00e7\u00f5es apresentadas, diversas atividades s\u00e3o trabalhadas constantemente para continuidade do sistema. De acordo com a empresa, a\u00e7\u00f5es preventivas s\u00e3o realizadas com o intuito de diminuir o \u00edndice de perdas de \u00e1gua, monitorar e controlar a qualidade da \u00e1gua (com an\u00e1lise em laborat\u00f3rio acreditado), pesquisar de vazamentos de forma proativa e realizar descargas programadas das redes, para limpeza destas. \u201cO nosso objetivo \u00e9 atender cada vez melhor \u00e0 popula\u00e7\u00e3o de Lagoa da Confus\u00e3o, com investimentos nos sistemas de abastecimento de \u00e1gua e coleta e tratamento de esgotos\u201d, informou a empresa.<\/p>\n\n\n\n<p>Diante dessas explica\u00e7\u00f5es, o\u00a0 vereador Napole\u00e3o Dion\u00edsio agradeceu aos t\u00e9cnicos da BRK Ambiental que se empenharam na resolu\u00e7\u00e3o desse problema relacionado \u00e0 \u00e1gua que abastece a popula\u00e7\u00e3o de Lagoa da Confus\u00e3o e enfatizou que, como representante do povo lagoense na C\u00e2mara Municipal, vai continuar atendo na defesa dos interesses maiores de toda a coletividade\u00a0 do seu munic\u00edpio.<\/p>\n\n\n\n<figure class=\"wp-block-image size-large\"><img loading=\"lazy\" decoding=\"async\" width=\"1024\" height=\"494\" src=\"https:\/\/focotocantinense.com.br\/wp-content\/uploads\/2022\/12\/NAPO-1-1024x494.jpg\" alt=\"\" class=\"wp-image-3434\" srcset=\"https:\/\/focotocantinense.com.br\/wp-content\/uploads\/2022\/12\/NAPO-1-1024x494.jpg 1024w, https:\/\/focotocantinense.com.br\/wp-content\/uploads\/2022\/12\/NAPO-1-300x145.jpg 300w, https:\/\/focotocantinense.com.br\/wp-content\/uploads\/2022\/12\/NAPO-1-768x370.jpg 768w, https:\/\/focotocantinense.com.br\/wp-content\/uploads\/2022\/12\/NAPO-1.jpg 1056w\" sizes=\"auto, (max-width: 1024px) 100vw, 1024px\" \/><\/figure>\n\n\n\n<figure class=\"wp-block-image\"><img decoding=\"async\" src=\"http:\/\/n1to.com.br\/img\/uploads\/NAPO_2.jpg\" alt=\"\"\/><\/figure>\n\n\n\n<figure class=\"wp-block-image is-resized\"><img loading=\"lazy\" decoding=\"async\" src=\"http:\/\/n1to.com.br\/img\/uploads\/napo_4.jpg\" alt=\"\" width=\"837\" height=\"1526\"\/><\/figure>\n\n\n\n<figure class=\"wp-block-image is-resized\"><img loading=\"lazy\" decoding=\"async\" src=\"http:\/\/n1to.com.br\/img\/uploads\/napo_5.jpg\" alt=\"\" width=\"844\" height=\"1593\"\/><\/figure>\n","protected":false},"excerpt":{"rendered":"<p>Por Zacarias Martins O empenho &nbsp;&nbsp;do vereador&nbsp; Napole\u00e3o Dion\u00edsio (PSL),&nbsp; na busca de uma solu\u00e7\u00e3o definitiva para o problema da qualidade&nbsp; da \u00e1gua servida \u00e0 popula\u00e7\u00e3o de Lagoa da Confus\u00e3o, a que tudo indica, est\u00e1 chegando a um desfecho positivo. Os representante da&nbsp; BRK Ambiental, empresa concession\u00e1ria do&nbsp; &nbsp;Sistema de Abastecimento de \u00c1gua \u2013 SAA &hellip;<\/p>\n","protected":false},"author":5,"featured_media":3434,"comment_status":"open","ping_status":"open","sticky":false,"template":"","format":"standard","meta":{"footnotes":""},"categories":[71],"tags":[],"class_list":["post-3433","post","type-post","status-publish","format-standard","has-post-thumbnail","","category-lagoa-da-confusao"],"_links":{"self":[{"href":"https:\/\/focotocantinense.com.br\/index.php?rest_route=\/wp\/v2\/posts\/3433","targetHints":{"allow":["GET"]}}],"collection":[{"href":"https:\/\/focotocantinense.com.br\/index.php?rest_route=\/wp\/v2\/posts"}],"about":[{"href":"https:\/\/focotocantinense.com.br\/index.php?rest_route=\/wp\/v2\/types\/post"}],"author":[{"embeddable":true,"href":"https:\/\/focotocantinense.com.br\/index.php?rest_route=\/wp\/v2\/users\/5"}],"replies":[{"embeddable":true,"href":"https:\/\/focotocantinense.com.br\/index.php?rest_route=%2Fwp%2Fv2%2Fcomments&post=3433"}],"version-history":[{"count":2,"href":"https:\/\/focotocantinense.com.br\/index.php?rest_route=\/wp\/v2\/posts\/3433\/revisions"}],"predecessor-version":[{"id":3436,"href":"https:\/\/focotocantinense.com.br\/index.php?rest_route=\/wp\/v2\/posts\/3433\/revisions\/3436"}],"wp:featuredmedia":[{"embeddable":true,"href":"https:\/\/focotocantinense.com.br\/index.php?rest_route=\/wp\/v2\/media\/3434"}],"wp:attachment":[{"href":"https:\/\/focotocantinense.com.br\/index.php?rest_route=%2Fwp%2Fv2%2Fmedia&parent=3433"}],"wp:term":[{"taxonomy":"category","embeddable":true,"href":"https:\/\/focotocantinense.com.br\/index.php?rest_route=%2Fwp%2Fv2%2Fcategories&post=3433"},{"taxonomy":"post_tag","embeddable":true,"href":"https:\/\/focotocantinense.com.br\/index.php?rest_route=%2Fwp%2Fv2%2Ftags&post=3433"}],"curies":[{"name":"wp","href":"https:\/\/api.w.org\/{rel}","templated":true}]}}