{"id":3428,"date":"2022-12-08T22:16:18","date_gmt":"2022-12-09T01:16:18","guid":{"rendered":"https:\/\/focotocantinense.com.br\/?p=3428"},"modified":"2022-12-08T22:17:13","modified_gmt":"2022-12-09T01:17:13","slug":"estancia-de-taquarucu-grande-apresenta-pinturas-rupestres-e-culinaria-afetiva","status":"publish","type":"post","link":"https:\/\/focotocantinense.com.br\/?p=3428","title":{"rendered":"Est\u00e2ncia de Taquaru\u00e7u Grande apresenta pinturas rupestres e culin\u00e1ria afetiva"},"content":{"rendered":"\n<p><em><strong>Por Marco T\u00falio Tavares<\/strong><\/em><\/p>\n\n\n\n<p>Em mat\u00e9ria de turismo, Palmas n\u00e3o para de surpreender! Ap\u00f3s a estrutura\u00e7\u00e3o de suas cinco praias, da expans\u00e3o da pr\u00e1tica de esportes n\u00e1uticos, incluindo a pesca esportiva, do turismo gastron\u00f4mico e do \u201cboom\u201d de novos atrativos e empreendimentos em Taquaru\u00e7u, chega a vez da regi\u00e3o de Taquaru\u00e7u Grande mostrar seu valor!<\/p>\n\n\n\n<p>\u00c9 isso mesmo, a caminho do Parque Estadual do Lajeado, seguindo pela TO 020, ch\u00e1caras e est\u00e2ncias rurais est\u00e3o abrindo suas porteiras para que visitantes percorram trilhas, mergulhem em cachoeiras e ribeir\u00f5es e desfrutem da culin\u00e1ria t\u00edpica tocantinense.<\/p>\n\n\n\n<p>A Federa\u00e7\u00e3o Brasileira de Jornalistas e Comunicadores do Turismo do Tocantins (Febtur\/TO), ao cumprir seu prop\u00f3sito de divulgar e oferecer consultoria t\u00e9cnica a novos empreendimentos foi recebida, nos dias 3 e 4 de dezembro, pela Fam\u00edlia Bucar, quando conheceu a Est\u00e2ncia Marina, um dos pontos tur\u00edsticos que come\u00e7am a fervilhar gra\u00e7as ao envolvimento da comunidade de Taquaru\u00e7u Grande ao disponibilizar mais um produto tur\u00edstico de experi\u00eancia, desta vez na perspectiva rural.<\/p>\n\n\n\n<p>Na casa com aconchego familiar, os visitantes s\u00e3o agraciados por um soberano caf\u00e9 da manh\u00e3, almo\u00e7o e trilhas, que permitem um banho no encontro das \u00e1guas dos c\u00f3rregos Macac\u00e3o e Taquaru\u00e7u Grande. O visitante disposto a subir a serra pode se deslumbrar com o S\u00edtio Arqueol\u00f3gico do Pared\u00e3o, com pinturas rupestres j\u00e1 reconhecidas pelo Instituto do Patrim\u00f4nio Hist\u00f3rico e Art\u00edstico Nacional&nbsp;(Iphan). Ah, \u00e9 preciso destacar os premiados doces da Marina Bucar, vencedores do Pr\u00eamio Gastron\u00f4mico de Taquaru\u00e7u. A cereja do bolo do passeio.<\/p>\n\n\n\n<p>Os integrantes da comitiva da Febtur Tocantins ficaram entusiasmados com a oportunidade tur\u00edstica, como explica a presidente da federa\u00e7\u00e3o tocantinense, Seleucia Fontes. \u201cTaquaru\u00e7u Grande tem grande potencial para o turismo de experi\u00eancia e rural. J\u00e1 conta com alguns empreendimentos e a Febtur \u00e9 parceira na divulga\u00e7\u00e3o da regi\u00e3o. Come\u00e7ar nossa s\u00e9rie de visita\u00e7\u00f5es pela Est\u00e2ncia Marina e poder colaborar com nosso est\u00edmulo e sugest\u00f5es foi uma grande alegria\u201d, comemorou, propondo uma s\u00e9rie de visitas \u00e0s propriedades locais ao longo de 2023. \u201cVamos conversar com a Ag\u00eancia de Turismo e o Sebrae Tocantins para desenvolver o projeto Conhe\u00e7a Taquaru\u00e7u Grande\u201d, afirmou.<\/p>\n\n\n\n<p><strong>Rota tur\u00edstica<\/strong><\/p>\n\n\n\n<p>Taquaru\u00e7u Grande, encravada na Serra do Lajeado, \u00e9 a rota do turismo rural de Palmas, bela e surpreendente. \u201cExperimente belezas, viva experi\u00eancias, recomenda slogan do Destino Taquaru\u00e7u, cada vez mais frequentado. Taquaru\u00e7u Grande integra o mesmo destino, se apresenta como um lugar de caracter\u00edsticas singulares, que guarda um pouco da tradi\u00e7\u00e3o da regi\u00e3o que abriga as origens de Palmas. Oferta experi\u00eancias marcantes e inesquec\u00edveis. Um recanto de serra cercado de natureza, de \u00e1guas cristalinas, uma gastronomia que mistura tradi\u00e7\u00e3o e contemporaneidade.<\/p>\n\n\n\n<p><strong>Est\u00e2ncia Marina<\/strong><\/p>\n\n\n\n<p>Localizada no Km 16 da Rodovia TO 020, sentido Aparecida do Rio Negro, a propriedade oferece turismo de experi\u00eancia e gastronomia afetiva. O empreendimento oferece dois produtos: Caf\u00e9 Rural e Trilha do Pared\u00e3o. A trilha tem extens\u00e3o de 2,5 km (ida e volta), n\u00edvel m\u00e9dio e oferece uma paisagem deslumbrante, passando por mata, cerrado, mirante que permite uma vista de Palmas com o lago ao fundo. O ponto alto \u00e9 possibilidade de visitar o S\u00edtio Arqueol\u00f3gico do Pared\u00e3o que conta com 200 metros de pinturas rupestres.<\/p>\n\n\n\n<p>O empreendimento \u00e9 tocado pela fam\u00edlia que trabalha unida para oferecer viv\u00eancias ecol\u00f3gicas e experi\u00eancias gastron\u00f4micas afetivas. \u201cTemos o maior prazer em compartilhar&nbsp; um pouco das nossas viv\u00eancias, de um contato harmonioso com a natureza, buscando reduzir impactos e adotando pr\u00e1ticas sustent\u00e1veis, preocupa\u00e7\u00e3o presente em todas as nossas atividades\u201d, destaca Lib\u00e2nia Ferreira, respons\u00e1vel pelo Caf\u00e9 Rural. Lib\u00e2nia enfatiza que oferecer comida que remete ao sabor de casa de av\u00f3 \u00e9 uma enorme satisfa\u00e7\u00e3o.<\/p>\n\n\n\n<p><strong>Caminhos do fogo<\/strong><\/p>\n\n\n\n<p>Os empreendedores de Taquaru\u00e7u Grande resolveram se unir para combater uma das grandes amea\u00e7as ao desenvolvimento do turismo, as queimadas. A ideia \u00e9 a abertura de aceros que evitam a propaga\u00e7\u00e3o do fogo e ao mesmo tempo podem ser usados como em trilhas interligando empreendimentos que fazem parte do polo tur\u00edstico.<\/p>\n\n\n\n<p>As trilhas aceradas seguem as recomenda\u00e7\u00f5es do Manejo Integrado do Fogo (MIF) com apoio de brigadas e dos propriet\u00e1rios. \u201cEssa experi\u00eancia tem dado bons resultados. Temos encontrado mais facilidade para combater \u00e0s queimadas e temos mais \u00e1reas aceradas, dentro de um conceito correto de manejo do fogo\u201d, explica Ruy Bucar, jornalista e empreendedor.<\/p>\n\n\n\n<p>Ainda em constru\u00e7\u00e3o, com a previs\u00e3o de chegar a 20 km de trilhas, a proposta da rota Caminhos do Fogo nasceu na Governan\u00e7a do Polo Tur\u00edstico de Taquaru\u00e7u e tende a ser ampliada, com um modelo que une oferta de produto tur\u00edstico e aumento da prote\u00e7\u00e3o ambiental.<\/p>\n\n\n\n<figure class=\"wp-block-image is-resized\"><img loading=\"lazy\" decoding=\"async\" src=\"http:\/\/n1to.com.br\/img\/uploads\/qqqq_2.jpg\" alt=\"\" width=\"850\" height=\"594\"\/><\/figure>\n\n\n\n<figure class=\"wp-block-image is-resized\"><img loading=\"lazy\" decoding=\"async\" src=\"http:\/\/n1to.com.br\/img\/uploads\/qqqq_3.jpg\" alt=\"\" width=\"839\" height=\"614\"\/><\/figure>\n\n\n\n<figure class=\"wp-block-image is-resized\"><img loading=\"lazy\" decoding=\"async\" src=\"http:\/\/n1to.com.br\/img\/uploads\/qqqq_4.jpg\" alt=\"\" width=\"843\" height=\"603\"\/><\/figure>\n\n\n\n<figure class=\"wp-block-image size-full\"><img loading=\"lazy\" decoding=\"async\" width=\"948\" height=\"457\" src=\"https:\/\/focotocantinense.com.br\/wp-content\/uploads\/2022\/12\/qqqq-1.jpg\" alt=\"\" class=\"wp-image-3431\" srcset=\"https:\/\/focotocantinense.com.br\/wp-content\/uploads\/2022\/12\/qqqq-1.jpg 948w, https:\/\/focotocantinense.com.br\/wp-content\/uploads\/2022\/12\/qqqq-1-300x145.jpg 300w, https:\/\/focotocantinense.com.br\/wp-content\/uploads\/2022\/12\/qqqq-1-768x370.jpg 768w\" sizes=\"auto, (max-width: 948px) 100vw, 948px\" \/><\/figure>\n","protected":false},"excerpt":{"rendered":"<p>Por Marco T\u00falio Tavares Em mat\u00e9ria de turismo, Palmas n\u00e3o para de surpreender! Ap\u00f3s a estrutura\u00e7\u00e3o de suas cinco praias, da expans\u00e3o da pr\u00e1tica de esportes n\u00e1uticos, incluindo a pesca esportiva, do turismo gastron\u00f4mico e do \u201cboom\u201d de novos atrativos e empreendimentos em Taquaru\u00e7u, chega a vez da regi\u00e3o de Taquaru\u00e7u Grande mostrar seu valor! &hellip;<\/p>\n","protected":false},"author":5,"featured_media":3429,"comment_status":"open","ping_status":"open","sticky":false,"template":"","format":"standard","meta":{"footnotes":""},"categories":[39],"tags":[],"class_list":["post-3428","post","type-post","status-publish","format-standard","has-post-thumbnail","","category-estado"],"_links":{"self":[{"href":"https:\/\/focotocantinense.com.br\/index.php?rest_route=\/wp\/v2\/posts\/3428","targetHints":{"allow":["GET"]}}],"collection":[{"href":"https:\/\/focotocantinense.com.br\/index.php?rest_route=\/wp\/v2\/posts"}],"about":[{"href":"https:\/\/focotocantinense.com.br\/index.php?rest_route=\/wp\/v2\/types\/post"}],"author":[{"embeddable":true,"href":"https:\/\/focotocantinense.com.br\/index.php?rest_route=\/wp\/v2\/users\/5"}],"replies":[{"embeddable":true,"href":"https:\/\/focotocantinense.com.br\/index.php?rest_route=%2Fwp%2Fv2%2Fcomments&post=3428"}],"version-history":[{"count":2,"href":"https:\/\/focotocantinense.com.br\/index.php?rest_route=\/wp\/v2\/posts\/3428\/revisions"}],"predecessor-version":[{"id":3432,"href":"https:\/\/focotocantinense.com.br\/index.php?rest_route=\/wp\/v2\/posts\/3428\/revisions\/3432"}],"wp:featuredmedia":[{"embeddable":true,"href":"https:\/\/focotocantinense.com.br\/index.php?rest_route=\/wp\/v2\/media\/3429"}],"wp:attachment":[{"href":"https:\/\/focotocantinense.com.br\/index.php?rest_route=%2Fwp%2Fv2%2Fmedia&parent=3428"}],"wp:term":[{"taxonomy":"category","embeddable":true,"href":"https:\/\/focotocantinense.com.br\/index.php?rest_route=%2Fwp%2Fv2%2Fcategories&post=3428"},{"taxonomy":"post_tag","embeddable":true,"href":"https:\/\/focotocantinense.com.br\/index.php?rest_route=%2Fwp%2Fv2%2Ftags&post=3428"}],"curies":[{"name":"wp","href":"https:\/\/api.w.org\/{rel}","templated":true}]}}