{"id":3420,"date":"2022-12-08T17:40:32","date_gmt":"2022-12-08T20:40:32","guid":{"rendered":"https:\/\/focotocantinense.com.br\/?p=3420"},"modified":"2022-12-08T19:00:44","modified_gmt":"2022-12-08T22:00:44","slug":"educacao-municipal-de-tocantinia-recebe-mocao-de-aplausos-do-legislativo","status":"publish","type":"post","link":"https:\/\/focotocantinense.com.br\/?p=3420","title":{"rendered":"Educa\u00e7\u00e3o municipal de Tocant\u00ednia recebe mo\u00e7\u00e3o de aplausos do Legislativo"},"content":{"rendered":"\n<p><em><strong>Por Zacarias Martins<\/strong><\/em><\/p>\n\n\n\n<p>Numa noite memor\u00e1vel, a C\u00e2mara Municipal de Tocant\u00ednia, sob a presid\u00eancia do vereador Afonso Tavares, realizou uma sess\u00e3o solene na quarta-feira, dia 7,  no audit\u00f3rio \u00a0do Col\u00e9gio Batista Professora Beatriz Silva para a entrega de Mo\u00e7\u00e3o de Aplausos para a \u00e1rea da Educa\u00e7\u00e3o municipal.<\/p>\n\n\n\n<p>Receberam &nbsp;Mo\u00e7\u00e3o de Aplausos os alunos da rede municipal de ensino, pelos textos inscritos e selecionados para 3\u00aa edi\u00e7\u00e3o do Projeto Leitura Viva, &nbsp;que est\u00e3o sendo reunidos num livro a ser lan\u00e7ado brevemente.<\/p>\n\n\n\n<p>Tamb\u00e9m foram homenageados os professores da rede municipal de ensino, pela coloca\u00e7\u00e3o de 15\u00b0 lugar no ranking estadual do IDEB. J\u00e1 o secret\u00e1rio municipal de Educa\u00e7\u00e3o &nbsp;de Tocant\u00ednia, professor e poeta Andr\u00e9 Goveia, tamb\u00e9m foi homenageado por &nbsp;ter conquistado a Medalha&nbsp; do Bicenten\u00e1rio da Independ\u00eancia do Brasil, como Ativista Liter\u00e1rio Nacional, concedida pela FEBACLA &#8211; Federa\u00e7\u00e3o Brasileira dos Acad\u00eamicos das Ci\u00eancias, Letras e Artes, bem como,&nbsp;a aquisi\u00e7\u00e3o de mais de 700 kits de livros, recebidos do Instituto Ita\u00fa Social por meio do edital \u201cLeia para uma Crian\u00e7a\u201d.<\/p>\n\n\n\n<p>Ao agradecer pela tr\u00edplice homenagem recebida do Legislativo Tocantiniense, o secret\u00e1rio Andr\u00e9 Goveia\u00a0 disse que estava presenciando um momento \u00edmpar de reconhecimento por todo trabalho que est\u00e1 sendo desenvolvido nas salas de aula com o Projeto Leitura Viva, cuja a a\u00e7\u00e3o pedag\u00f3gica dos professores prioriza as aprendizagens dos alunos. Tamb\u00e9m\u00a0 lembrou que sua gest\u00e3o \u00e0 frente da Secretaria\u00a0 Municipal de Educa\u00e7\u00e3o\u00a0 sempre tem realizado a\u00e7\u00f5es que incentivam a leitura e a produ\u00e7\u00e3o textual, com excelentes resultados.<\/p>\n\n\n\n<figure class=\"wp-block-image\"><img decoding=\"async\" src=\"http:\/\/n1to.com.br\/img\/uploads\/2_TOCANTINIA_13.jpg\" alt=\"\"\/><\/figure>\n\n\n\n<figure class=\"wp-block-image\"><img decoding=\"async\" src=\"http:\/\/n1to.com.br\/img\/uploads\/3_TOCANTINIA_14.jpg\" alt=\"\"\/><\/figure>\n\n\n\n<figure class=\"wp-block-image\"><img decoding=\"async\" src=\"http:\/\/n1to.com.br\/img\/uploads\/4_TOCANTINIA_7.jpg\" alt=\"\"\/><\/figure>\n\n\n\n<figure class=\"wp-block-image is-resized\"><img loading=\"lazy\" decoding=\"async\" src=\"http:\/\/n1to.com.br\/img\/uploads\/5_TOCANTINIA_3.jpg\" alt=\"\" width=\"843\" height=\"511\"\/><\/figure>\n\n\n\n<figure class=\"wp-block-image size-full\"><img loading=\"lazy\" decoding=\"async\" width=\"984\" height=\"418\" src=\"https:\/\/focotocantinense.com.br\/wp-content\/uploads\/2022\/12\/asas.jpg\" alt=\"\" class=\"wp-image-3424\" srcset=\"https:\/\/focotocantinense.com.br\/wp-content\/uploads\/2022\/12\/asas.jpg 984w, https:\/\/focotocantinense.com.br\/wp-content\/uploads\/2022\/12\/asas-300x127.jpg 300w, https:\/\/focotocantinense.com.br\/wp-content\/uploads\/2022\/12\/asas-768x326.jpg 768w\" sizes=\"auto, (max-width: 984px) 100vw, 984px\" \/><\/figure>\n","protected":false},"excerpt":{"rendered":"<p>Por Zacarias Martins Numa noite memor\u00e1vel, a C\u00e2mara Municipal de Tocant\u00ednia, sob a presid\u00eancia do vereador Afonso Tavares, realizou uma sess\u00e3o solene na quarta-feira, dia 7, no audit\u00f3rio \u00a0do Col\u00e9gio Batista Professora Beatriz Silva para a entrega de Mo\u00e7\u00e3o de Aplausos para a \u00e1rea da Educa\u00e7\u00e3o municipal. Receberam &nbsp;Mo\u00e7\u00e3o de Aplausos os alunos da rede &hellip;<\/p>\n","protected":false},"author":5,"featured_media":3421,"comment_status":"open","ping_status":"open","sticky":false,"template":"","format":"standard","meta":{"footnotes":""},"categories":[78],"tags":[],"class_list":["post-3420","post","type-post","status-publish","format-standard","has-post-thumbnail","","category-tocantinia"],"_links":{"self":[{"href":"https:\/\/focotocantinense.com.br\/index.php?rest_route=\/wp\/v2\/posts\/3420","targetHints":{"allow":["GET"]}}],"collection":[{"href":"https:\/\/focotocantinense.com.br\/index.php?rest_route=\/wp\/v2\/posts"}],"about":[{"href":"https:\/\/focotocantinense.com.br\/index.php?rest_route=\/wp\/v2\/types\/post"}],"author":[{"embeddable":true,"href":"https:\/\/focotocantinense.com.br\/index.php?rest_route=\/wp\/v2\/users\/5"}],"replies":[{"embeddable":true,"href":"https:\/\/focotocantinense.com.br\/index.php?rest_route=%2Fwp%2Fv2%2Fcomments&post=3420"}],"version-history":[{"count":4,"href":"https:\/\/focotocantinense.com.br\/index.php?rest_route=\/wp\/v2\/posts\/3420\/revisions"}],"predecessor-version":[{"id":3427,"href":"https:\/\/focotocantinense.com.br\/index.php?rest_route=\/wp\/v2\/posts\/3420\/revisions\/3427"}],"wp:featuredmedia":[{"embeddable":true,"href":"https:\/\/focotocantinense.com.br\/index.php?rest_route=\/wp\/v2\/media\/3421"}],"wp:attachment":[{"href":"https:\/\/focotocantinense.com.br\/index.php?rest_route=%2Fwp%2Fv2%2Fmedia&parent=3420"}],"wp:term":[{"taxonomy":"category","embeddable":true,"href":"https:\/\/focotocantinense.com.br\/index.php?rest_route=%2Fwp%2Fv2%2Fcategories&post=3420"},{"taxonomy":"post_tag","embeddable":true,"href":"https:\/\/focotocantinense.com.br\/index.php?rest_route=%2Fwp%2Fv2%2Ftags&post=3420"}],"curies":[{"name":"wp","href":"https:\/\/api.w.org\/{rel}","templated":true}]}}