{"id":3415,"date":"2022-12-06T17:04:16","date_gmt":"2022-12-06T20:04:16","guid":{"rendered":"https:\/\/focotocantinense.com.br\/?p=3415"},"modified":"2022-12-06T17:08:28","modified_gmt":"2022-12-06T20:08:28","slug":"eleicao-da-nova-diretoria-da-febtur-tera-chapa-unica","status":"publish","type":"post","link":"https:\/\/focotocantinense.com.br\/?p=3415","title":{"rendered":"Elei\u00e7\u00e3o da nova diretoria da FEBTUR ter\u00e1 chapa \u00fanica"},"content":{"rendered":"\n<p>A elei\u00e7\u00e3o para a nova diretoria da Federa\u00e7\u00e3o Brasileira dos Jornalistas e Comunicadores de Turismo \u2013 FEBTUR ser\u00e1 realizada no dia 19 de dezembro e ter\u00e1 apenas uma chapa concorrente.<\/p>\n\n\n\n<p>A chapa \u201cUni\u00e3o, Modernidade, Transpar\u00eancia e \u00c9tica\u201d, \u00e9 encabe\u00e7ada pelo atual presidente da diretoria provis\u00f3ria, Gorg\u00f4nio Loureiro e foi constitu\u00edda no Encontro de Santar\u00e9m, realizado em outubro do ano passado, quando foi criada a nova entidade brasileira de jornalistas e comunicadores, especializados em Turismo.<\/p>\n\n\n\n<p>Segundo Loureiro, agora com mandato de tr\u00eas anos, ser\u00e1 o momento de fortalecer ainda mais a FEBTUR, al\u00e9m de refor\u00e7ar o trabalho que j\u00e1 est\u00e1 sendo feito neste primeiro ano de funda\u00e7\u00e3o da entidade. \u201cFico muito feliz e agradecido pela unanimidade de lan\u00e7arem meu nome para concluir o trabalho de cria\u00e7\u00e3o e concretiza\u00e7\u00e3o da FEBTUR nacionalmente. Vamos fazer uma entidade moderna, unida, transparente e \u00e9tica. Vamos ser diferentes por sabermos fazer a diferen\u00e7a e temos profissionais para fazer o melhor, envolvendo todos os setores do turismo brasileiro, ampliando os trabalhos em todo o Brasil, propiciando alternativas aos filiados, expandindo as novas entidades estaduais e buscar parcerias com as entidades p\u00fablicas e privadas do setor tur\u00edstico brasileiro\u201d, afirmou.<\/p>\n\n\n\n<p>O processo eleitoral ser\u00e1 online na plataforma Google Forms, e acontecer\u00e1 das 9 \u00e0s 18 horas, quando os associados habilitados e cadastrados, poder\u00e3o acessar o link e votar na c\u00e9dula eletr\u00f4nica. A posse oficial est\u00e1 marcada para o dia 9 de janeiro, tamb\u00e9m de forma remota e a posse festiva ser\u00e1 no congresso nacional, que dever\u00e1 acontecer entre mar\u00e7o e abril, ainda sem local definido.<\/p>\n\n\n\n<p><strong>CHAPA: Uni\u00e3o, Modernidade, Transpar\u00eancia e \u00c9tica<\/strong><\/p>\n\n\n\n<p><strong>DIRETORIA EXECUTIVA<\/strong><\/p>\n\n\n\n<p><strong>Presidente<\/strong>: Gorg\u00f4nio Loureiro \u2013 BA<\/p>\n\n\n\n<p><strong>Vice-Presidente<\/strong>: Walter Estevam \u2013 SP<\/p>\n\n\n\n<p><strong>Diretor Administrativo<\/strong>: Gilberto Silva \u2013 TO<\/p>\n\n\n\n<p><strong>Diretor Financeiro<\/strong>: Ivan Leyraut Moniz Ribeiro Filho \u2013 SP<\/p>\n\n\n\n<p><strong>Diretora de Expans\u00e3o<\/strong>: Tereza Christina Rayner &#8211; PA<\/p>\n\n\n\n<p><strong>Diretora de Opera\u00e7\u00f5es<\/strong>: Sel\u00eaucia Fontes \u2013 TO<\/p>\n\n\n\n<p><strong>Diretor de Marketing<\/strong>: Jos\u00e9 Maria Pinheiro &#8211; RN<\/p>\n\n\n\n<p><strong>Diretor de Comunica\u00e7\u00e3o<\/strong>: Marco Jacob \u2013 TO<\/p>\n\n\n\n<p><strong>Diretor de Planejamento<\/strong>: Wander Cairo Levy &#8211; RS<\/p>\n\n\n\n<p><strong>Diretora de Eventos<\/strong>: Jociene Carla Bianchini Ferreira Pedrini &#8211; MT<\/p>\n\n\n\n<p><strong>Diretor de Assuntos Governamentais<\/strong>: Douglas Spada \u2013 SP<\/p>\n\n\n\n<p><strong>Diretor de Assuntos Internacionais<\/strong>: Walter X\u00e9u &#8211; BA<\/p>\n\n\n\n<p><strong>Diretor de Assuntos Institucionais<\/strong>: Luiz Henrique Miranda \u2013 SP<\/p>\n\n\n\n<p><strong>Secret\u00e1ria Geral<\/strong>: Bernadete F\u00e1rias \u2013 BA<\/p>\n\n\n\n<p><strong>Diretor Regional Norte<\/strong>: Jose Morais-AC<\/p>\n\n\n\n<p><strong>Diretora Regional Nordeste<\/strong>: Cassandra Teodoro &#8211; SE<\/p>\n\n\n\n<p><strong>CONSELHO DE \u00c9TICA \u2013 TITULARES<\/strong><\/p>\n\n\n\n<p>Jo\u00e3o Carlos Ferreira \u2013 SP<\/p>\n\n\n\n<p>Jo\u00e3o Ramid Borges \u2013 PA<\/p>\n\n\n\n<p>Liszt Madruga \u2013 RN<\/p>\n\n\n\n<p><strong>CONSELHO DE \u00c9TICA \u2013 SUPLENTES<\/strong><\/p>\n\n\n\n<p>Rafael Abud \u2013 SP<\/p>\n\n\n\n<p>Fernando Onofre \u2013 PB<\/p>\n\n\n\n<p>Arnaldo Moreira \u2013 RJ<\/p>\n\n\n\n<p><strong>CONSELHO FISCAL \u2013 TITULARES<\/strong><\/p>\n\n\n\n<p>S\u00e9rgio Moreira \u2013 MG<\/p>\n\n\n\n<p>Jairo Peres \u2013 GO<\/p>\n\n\n\n<p>Benneh Amorim \u2013 BA<\/p>\n\n\n\n<p><strong>CONSELHO FISCAL \u2013 SUPLENTES<\/strong><\/p>\n\n\n\n<p>Walter Freitas \u2013 MG<\/p>\n\n\n\n<p>Jos\u00e9 Torres \u2013 GO<\/p>\n\n\n\n<p>Luiz Carlos Cesar &#8211; BA<\/p>\n\n\n\n<figure class=\"wp-block-image\"><img decoding=\"async\" src=\"http:\/\/n1to.com.br\/img\/uploads\/veloso_banner_73.jpeg\" alt=\"\"\/><\/figure>\n\n\n\n<figure class=\"wp-block-image size-full is-resized\"><img loading=\"lazy\" decoding=\"async\" src=\"https:\/\/focotocantinense.com.br\/wp-content\/uploads\/2022\/12\/aaa-2.jpg\" alt=\"\" class=\"wp-image-3416\" width=\"835\" height=\"529\" srcset=\"https:\/\/focotocantinense.com.br\/wp-content\/uploads\/2022\/12\/aaa-2.jpg 695w, https:\/\/focotocantinense.com.br\/wp-content\/uploads\/2022\/12\/aaa-2-300x190.jpg 300w\" sizes=\"auto, (max-width: 835px) 100vw, 835px\" \/><\/figure>\n","protected":false},"excerpt":{"rendered":"<p>A elei\u00e7\u00e3o para a nova diretoria da Federa\u00e7\u00e3o Brasileira dos Jornalistas e Comunicadores de Turismo \u2013 FEBTUR ser\u00e1 realizada no dia 19 de dezembro e ter\u00e1 apenas uma chapa concorrente. A chapa \u201cUni\u00e3o, Modernidade, Transpar\u00eancia e \u00c9tica\u201d, \u00e9 encabe\u00e7ada pelo atual presidente da diretoria provis\u00f3ria, Gorg\u00f4nio Loureiro e foi constitu\u00edda no Encontro de Santar\u00e9m, realizado &hellip;<\/p>\n","protected":false},"author":5,"featured_media":3416,"comment_status":"open","ping_status":"open","sticky":false,"template":"","format":"standard","meta":{"footnotes":""},"categories":[37],"tags":[],"class_list":["post-3415","post","type-post","status-publish","format-standard","has-post-thumbnail","","category-palmas"],"_links":{"self":[{"href":"https:\/\/focotocantinense.com.br\/index.php?rest_route=\/wp\/v2\/posts\/3415","targetHints":{"allow":["GET"]}}],"collection":[{"href":"https:\/\/focotocantinense.com.br\/index.php?rest_route=\/wp\/v2\/posts"}],"about":[{"href":"https:\/\/focotocantinense.com.br\/index.php?rest_route=\/wp\/v2\/types\/post"}],"author":[{"embeddable":true,"href":"https:\/\/focotocantinense.com.br\/index.php?rest_route=\/wp\/v2\/users\/5"}],"replies":[{"embeddable":true,"href":"https:\/\/focotocantinense.com.br\/index.php?rest_route=%2Fwp%2Fv2%2Fcomments&post=3415"}],"version-history":[{"count":1,"href":"https:\/\/focotocantinense.com.br\/index.php?rest_route=\/wp\/v2\/posts\/3415\/revisions"}],"predecessor-version":[{"id":3417,"href":"https:\/\/focotocantinense.com.br\/index.php?rest_route=\/wp\/v2\/posts\/3415\/revisions\/3417"}],"wp:featuredmedia":[{"embeddable":true,"href":"https:\/\/focotocantinense.com.br\/index.php?rest_route=\/wp\/v2\/media\/3416"}],"wp:attachment":[{"href":"https:\/\/focotocantinense.com.br\/index.php?rest_route=%2Fwp%2Fv2%2Fmedia&parent=3415"}],"wp:term":[{"taxonomy":"category","embeddable":true,"href":"https:\/\/focotocantinense.com.br\/index.php?rest_route=%2Fwp%2Fv2%2Fcategories&post=3415"},{"taxonomy":"post_tag","embeddable":true,"href":"https:\/\/focotocantinense.com.br\/index.php?rest_route=%2Fwp%2Fv2%2Ftags&post=3415"}],"curies":[{"name":"wp","href":"https:\/\/api.w.org\/{rel}","templated":true}]}}