{"id":3405,"date":"2022-12-03T21:08:32","date_gmt":"2022-12-04T00:08:32","guid":{"rendered":"https:\/\/focotocantinense.com.br\/?p=3405"},"modified":"2022-12-03T21:24:07","modified_gmt":"2022-12-04T00:24:07","slug":"roda-poetica-do-colegio-estadual-sao-jose-em-palmas-busca-fomentar-o-senso-critico-dos-leitores","status":"publish","type":"post","link":"https:\/\/focotocantinense.com.br\/?p=3405","title":{"rendered":"Roda Po\u00e9tica do Col\u00e9gio Estadual S\u00e3o Jos\u00e9, em Palmas, busca fomentar o senso cr\u00edtico dos leitores"},"content":{"rendered":"\n<p><strong>Por Zacarias Martins<\/strong><\/p>\n\n\n\n<p>Na&nbsp; busca cont\u00ednua de incentivar a leitura de forma prazerosa, bem como, a produ\u00e7\u00e3o textual, a poeta e professora Gislene Camargos colocou em pr\u00e1tica o projeto \u201c<strong><em>Esparramando amor, livros e poesia\u201d<\/em><\/strong>, trabalhado de forma interdisciplinar &nbsp;e que envolve toda equipe escolar e comunidade do Col\u00e9gio Estadual S\u00e3o Jos\u00e9, em Palmas.&nbsp; A professora explica que esse projeto tamb\u00e9m tem por objetivo &nbsp;fomentar &nbsp;o surgimento &nbsp;de leitores cr\u00edticos, bem como, &nbsp;\u201cabra\u00e7ar\u201d as pessoas com palavras.<\/p>\n\n\n\n<p>Gislene ressalta a import\u00e2ncia da literatura na forma\u00e7\u00e3o e transforma\u00e7\u00e3o pessoal e da sociedade. O p\u00fablico alvo desse projeto s\u00e3o os alunos do 1\u00b0, 2\u00b0 e 3\u00b0 ano da EJA (Educa\u00e7\u00e3o de Jovens e Adultos) e toda a comunidade escolar.<\/p>\n\n\n\n<p>\u201cNo decorrer do ano letivo, distribu\u00edmos poemas numa cesta devidamente decorada \u00a0\u00a0a todos os profissionais e estudantes da escola. S\u00e3o poemas\u00a0 de autores tocantinenses e da literatura universal. A a\u00e7\u00e3o come\u00e7a pelo \u00a0guarda escolar, todos os demais setores e salas de aula, at\u00e9 a cantina. Promovemos Rodas Po\u00e9ticas com leitura desses poemas nos diferentes espa\u00e7os escolares\u201d, explica a professora.<\/p>\n\n\n\n<p>A estudante Maria dos Milagres, \u00a0do terceiro ano da EJA, ao comentar sobre esse projeto afirmou que \u201cA poesia em nossa vida \u00e9 uma chave que abre as portas do conhecimento, faz ver um novo caminho que leva a lugares que s\u00f3 a alma pode enxergar\u201d.<\/p>\n\n\n\n<figure class=\"wp-block-image\"><img decoding=\"async\" src=\"http:\/\/n1to.com.br\/img\/uploads\/bbbb_22.jpg\" alt=\"\"\/><\/figure>\n\n\n\n<figure class=\"wp-block-image\"><img decoding=\"async\" src=\"http:\/\/n1to.com.br\/img\/uploads\/cccccc_2.jpg\" alt=\"\"\/><\/figure>\n\n\n\n<figure class=\"wp-block-image\"><img decoding=\"async\" src=\"http:\/\/n1to.com.br\/img\/uploads\/veloso_banner_72.jpeg\" alt=\"\"\/><\/figure>\n","protected":false},"excerpt":{"rendered":"<p>Por Zacarias Martins Na&nbsp; busca cont\u00ednua de incentivar a leitura de forma prazerosa, bem como, a produ\u00e7\u00e3o textual, a poeta e professora Gislene Camargos colocou em pr\u00e1tica o projeto \u201cEsparramando amor, livros e poesia\u201d, trabalhado de forma interdisciplinar &nbsp;e que envolve toda equipe escolar e comunidade do Col\u00e9gio Estadual S\u00e3o Jos\u00e9, em Palmas.&nbsp; A professora &hellip;<\/p>\n","protected":false},"author":5,"featured_media":3406,"comment_status":"open","ping_status":"open","sticky":false,"template":"","format":"standard","meta":{"footnotes":""},"categories":[37],"tags":[],"class_list":["post-3405","post","type-post","status-publish","format-standard","has-post-thumbnail","","category-palmas"],"_links":{"self":[{"href":"https:\/\/focotocantinense.com.br\/index.php?rest_route=\/wp\/v2\/posts\/3405","targetHints":{"allow":["GET"]}}],"collection":[{"href":"https:\/\/focotocantinense.com.br\/index.php?rest_route=\/wp\/v2\/posts"}],"about":[{"href":"https:\/\/focotocantinense.com.br\/index.php?rest_route=\/wp\/v2\/types\/post"}],"author":[{"embeddable":true,"href":"https:\/\/focotocantinense.com.br\/index.php?rest_route=\/wp\/v2\/users\/5"}],"replies":[{"embeddable":true,"href":"https:\/\/focotocantinense.com.br\/index.php?rest_route=%2Fwp%2Fv2%2Fcomments&post=3405"}],"version-history":[{"count":2,"href":"https:\/\/focotocantinense.com.br\/index.php?rest_route=\/wp\/v2\/posts\/3405\/revisions"}],"predecessor-version":[{"id":3409,"href":"https:\/\/focotocantinense.com.br\/index.php?rest_route=\/wp\/v2\/posts\/3405\/revisions\/3409"}],"wp:featuredmedia":[{"embeddable":true,"href":"https:\/\/focotocantinense.com.br\/index.php?rest_route=\/wp\/v2\/media\/3406"}],"wp:attachment":[{"href":"https:\/\/focotocantinense.com.br\/index.php?rest_route=%2Fwp%2Fv2%2Fmedia&parent=3405"}],"wp:term":[{"taxonomy":"category","embeddable":true,"href":"https:\/\/focotocantinense.com.br\/index.php?rest_route=%2Fwp%2Fv2%2Fcategories&post=3405"},{"taxonomy":"post_tag","embeddable":true,"href":"https:\/\/focotocantinense.com.br\/index.php?rest_route=%2Fwp%2Fv2%2Ftags&post=3405"}],"curies":[{"name":"wp","href":"https:\/\/api.w.org\/{rel}","templated":true}]}}