{"id":3402,"date":"2022-12-02T18:05:39","date_gmt":"2022-12-02T21:05:39","guid":{"rendered":"https:\/\/focotocantinense.com.br\/?p=3402"},"modified":"2022-12-02T18:05:40","modified_gmt":"2022-12-02T21:05:40","slug":"escola-municipal-de-tocantinia-desenvolve-atividades-pelo-dia-da-consciencia-negra","status":"publish","type":"post","link":"https:\/\/focotocantinense.com.br\/?p=3402","title":{"rendered":"Escola municipal de Tocant\u00ednia desenvolve atividades pelo Dia da Consci\u00eancia Negra"},"content":{"rendered":"\n<p><strong>Por Zacarias Martins<\/strong><\/p>\n\n\n\n<p>Nesta sexta-feira, dia 2, a Escola Municipal de Tempo Integral Ant\u00f4nio Benvindo da Luz, em Tocant\u00ednia, colocou em pr\u00e1tica mais uma das a\u00e7\u00f5es do seu Projeto Pol\u00edtico Pedag\u00f3gico (PPP) para que seus alunos tenham um melhor desempenho no aprendizado.<\/p>\n\n\n\n<p>A gestora da unidade escolar, Simone de Jesus Silva explicou que essa a\u00e7\u00e3o&nbsp; envolveu quest\u00f5es relacionadas \u00e0 preserva\u00e7\u00e3o do meio ambiente e tamb\u00e9m sobre o Dia da Consci\u00eancia Negra, com v\u00e1rias apresenta\u00e7\u00f5es&nbsp; feitas pelos alunos, &nbsp;abordando essa tem\u00e1tica, bem como, uma linda interpreta\u00e7\u00e3o do livro&nbsp;<strong>Menina &nbsp;bonita do la\u00e7o de fitas<\/strong>,&nbsp; da escritora Ana Maria Machado, que retrata a hist\u00f3ria de uma linda menina negra que desperta a aten\u00e7\u00e3o e admira\u00e7\u00e3o de um coelho branco.&nbsp;implantar nas crian\u00e7as, de maneira l\u00fadica, princ\u00edpios como respeito e aceita\u00e7\u00e3o.<\/p>\n\n\n\n<p>\u201cO projeto atendeu as nossas expectativas completamente. Tanto na tem\u00e1tica trabalhada, que \u00e9 muito atual e de extrema import\u00e2ncia, quanto pela receptividade de nossos alunos\u201d, finalizou a gestora.<\/p>\n\n\n\n<p><\/p>\n\n\n\n<p><\/p>\n\n\n\n<p><\/p>\n\n\n\n<figure class=\"wp-block-image\"><img decoding=\"async\" src=\"http:\/\/n1to.com.br\/img\/uploads\/BBBBBBBBB.jpg\" alt=\"\"\/><\/figure>\n","protected":false},"excerpt":{"rendered":"<p>Por Zacarias Martins Nesta sexta-feira, dia 2, a Escola Municipal de Tempo Integral Ant\u00f4nio Benvindo da Luz, em Tocant\u00ednia, colocou em pr\u00e1tica mais uma das a\u00e7\u00f5es do seu Projeto Pol\u00edtico Pedag\u00f3gico (PPP) para que seus alunos tenham um melhor desempenho no aprendizado. A gestora da unidade escolar, Simone de Jesus Silva explicou que essa a\u00e7\u00e3o&nbsp; &hellip;<\/p>\n","protected":false},"author":5,"featured_media":3403,"comment_status":"open","ping_status":"open","sticky":false,"template":"","format":"standard","meta":{"footnotes":""},"categories":[78],"tags":[],"class_list":["post-3402","post","type-post","status-publish","format-standard","has-post-thumbnail","","category-tocantinia"],"_links":{"self":[{"href":"https:\/\/focotocantinense.com.br\/index.php?rest_route=\/wp\/v2\/posts\/3402","targetHints":{"allow":["GET"]}}],"collection":[{"href":"https:\/\/focotocantinense.com.br\/index.php?rest_route=\/wp\/v2\/posts"}],"about":[{"href":"https:\/\/focotocantinense.com.br\/index.php?rest_route=\/wp\/v2\/types\/post"}],"author":[{"embeddable":true,"href":"https:\/\/focotocantinense.com.br\/index.php?rest_route=\/wp\/v2\/users\/5"}],"replies":[{"embeddable":true,"href":"https:\/\/focotocantinense.com.br\/index.php?rest_route=%2Fwp%2Fv2%2Fcomments&post=3402"}],"version-history":[{"count":1,"href":"https:\/\/focotocantinense.com.br\/index.php?rest_route=\/wp\/v2\/posts\/3402\/revisions"}],"predecessor-version":[{"id":3404,"href":"https:\/\/focotocantinense.com.br\/index.php?rest_route=\/wp\/v2\/posts\/3402\/revisions\/3404"}],"wp:featuredmedia":[{"embeddable":true,"href":"https:\/\/focotocantinense.com.br\/index.php?rest_route=\/wp\/v2\/media\/3403"}],"wp:attachment":[{"href":"https:\/\/focotocantinense.com.br\/index.php?rest_route=%2Fwp%2Fv2%2Fmedia&parent=3402"}],"wp:term":[{"taxonomy":"category","embeddable":true,"href":"https:\/\/focotocantinense.com.br\/index.php?rest_route=%2Fwp%2Fv2%2Fcategories&post=3402"},{"taxonomy":"post_tag","embeddable":true,"href":"https:\/\/focotocantinense.com.br\/index.php?rest_route=%2Fwp%2Fv2%2Ftags&post=3402"}],"curies":[{"name":"wp","href":"https:\/\/api.w.org\/{rel}","templated":true}]}}