{"id":3391,"date":"2022-12-02T08:09:37","date_gmt":"2022-12-02T11:09:37","guid":{"rendered":"https:\/\/focotocantinense.com.br\/?p=3391"},"modified":"2022-12-02T08:11:41","modified_gmt":"2022-12-02T11:11:41","slug":"em-araguaina-escola-municipal-santa-rosa-e-contemplada-com-roda-de-conversa-com-o-poeta-andre-goveia","status":"publish","type":"post","link":"https:\/\/focotocantinense.com.br\/?p=3391","title":{"rendered":"Em Aragua\u00edna, Escola Municipal Santa Rosa \u00e9 contemplada com Roda de Conversa com o poeta Andr\u00e9 Goveia"},"content":{"rendered":"\n<p><em><strong>Por Zacarias Martins<\/strong><\/em><\/p>\n\n\n\n<p>Nesta quinta feira, primeiro dia do m\u00eas de dezembro os alunos da Escola Municipal Santa Rosa, localizada no Povoado \u00c1gua Amarela, zona rural do munic\u00edpio de Aragua\u00edna foram agraciados &nbsp;com uma &nbsp;movimentada Roda de Conversa Po\u00e9tica, ministrada pelo professor e poeta Andr\u00e9 Goveia de Tocant\u00ednia. Ele esteve na escola a convite da Poeta e Coordenadora Pedag\u00f3gica Leny&nbsp; Dias.<\/p>\n\n\n\n<p>Numa linguagem simples e com seu jeito carism\u00e1tico, usando v\u00e1rias din\u00e2micas, o poeta conseguiu o envolvimento e a participa\u00e7\u00e3o da plateia durante sua apresenta\u00e7\u00e3o. &nbsp;Goveia vem se destacando como gestor da educa\u00e7\u00e3o municipal de Tocant\u00ednia pelo desenvolvimento exitoso do Projeto Leitura Viva de incentivo \u00e0 leitura e a produ\u00e7\u00e3o textual que conseguiu despertar nos alunos o prazer pelo salutar h\u00e1bito da leitura.<\/p>\n\n\n\n<p><strong>Sobre a Unidade Escolar<\/strong><\/p>\n\n\n\n<p>A Escola Municipal Santa Rosa conta atualmente com 74 alunos distribu\u00eddos em sete turmas multisseriadas, um quadro de funcion\u00e1rios composto pelos professores Cleudimara Alves, Welber Alves, Ruth Bandeira e Ana Maria, que \u00e9 a respons\u00e1vel pela Unidade Escolar, al\u00e9m das assistentes Raquel e Keila e a merendeira Maria Madalena.<\/p>\n\n\n\n<p>Al\u00e9m disso, a escola conta com o apoio pedag\u00f3gico e financeiro da Diretoria das Escolas do Campo, geridos pela professora Cristiane Palmeira Souza Barbosa e da coordenadora pedag\u00f3gica Edna Castro&nbsp; e demais funcion\u00e1rios da t\u00e3o querida e batizada EquipeZona. Devido \u00e0 sua localiza\u00e7\u00e3o e tamb\u00e9m pela equipe muito comprometida e din\u00e2mica, a escola vem sendo privilegiada com as realiza\u00e7\u00f5es de eventos e projetos de grande impacto como essa Roda de Conversa Po\u00e9tica com o poeta Andr\u00e9 Goveia.<\/p>\n\n\n\n<p><strong>Roda Po\u00e9tica &nbsp;Magn\u00edfica<\/strong><\/p>\n\n\n\n<p>Respons\u00e1vel pela Unidade Escolar, a professora Ana Maria Morais Teixeira externou&nbsp; sua satisfa\u00e7\u00e3o com a visita&nbsp; do poeta Andr\u00e9 Goveia. \u201cFoi uma Roda de Conversa Po\u00e9tica de forma magn\u00edfica no sentido que, a educa\u00e7\u00e3o \u00e9 o caminho da equidade e vimos da mais bela forma poetizando, com esse querido escritor &nbsp;que conseguiu a proeza&nbsp; de despertar inspira\u00e7\u00f5es&nbsp; n\u00e3o somente no corpo discente, mas tamb\u00e9m, &nbsp;no corpo docente de nossa escola\u201d, destacou a professora, que fez quest\u00e3o de agradecer a presen\u00e7a ilustre desse poeta tocantinense no seio escolar.<\/p>\n\n\n\n<p><strong>Sonhos poss\u00edveis<\/strong><\/p>\n\n\n\n<p>A Gestora das Escolas do Campo, Cristiane Palmeira de Sousa Barbosa falou&nbsp; da import\u00e2ncia da leitura e da escrita, lembrando aos alunos que&nbsp; o poeta &nbsp;Andr\u00e9 Goveia tamb\u00e9m j\u00e1 foi crian\u00e7a, e que assim como elas, tinha&nbsp; sonhos, sendo que um deles era o de&nbsp; escrever livros. E ressaltou que &nbsp;o motivo desse poeta &nbsp;est\u00e1 ali naquela Roda de Conversa era para dizer \u00e0s crian\u00e7as que sonhos como estes s\u00e3o poss\u00edveis de serem realizados.\u201d<\/p>\n\n\n\n<p><strong>Mensagem cativante<\/strong><\/p>\n\n\n\n<p>Por sua vez, a Coordenadora Pedag\u00f3gica Edna Castro disse que Andr\u00e9 Goveia veio abrilhantar essa manh\u00e3 por meio de uma roda de conversa que&nbsp; tinha se transformado em &nbsp;um momento gratificante. \u201cCom sua mensagem l\u00fadica e cativante, Andr\u00e9 Goveia&nbsp; fez com que os alunos&nbsp; se sentissem empoderados. Nossas crian\u00e7as sa\u00edram realizadas e com perspectivas de sonhos de serem escritores tamb\u00e9m\u201d,&nbsp; afirmou a Coordenadora.<\/p>\n\n\n\n<p><strong>Novos conceitos<\/strong><\/p>\n\n\n\n<p>Para a Professora Cleudimara Alves, esse evento foi de grande valia, pois proporcionou um momento \u00edmpar aos alunos das escolas do campo. \u201cA &nbsp;Roda de Conversa com esse destacado poeta trouxe aos nossos alunos &nbsp;novos conceitos a respeito de poesia, bem como, &nbsp;para n\u00f3s&nbsp; do corpo docente,&nbsp; uma did\u00e1tica&nbsp; mais l\u00fadica&nbsp; e&nbsp; que contemplou dois tipos de p\u00fablicos: o Fundamental I e a Educa\u00e7\u00e3o Infantil que demonstraram interesse&nbsp; nessa tem\u00e1tica diferenciada\u201d, destacou a professora&nbsp; que aproveitou para parabenizar&nbsp; os organizadores dessa iniciativa.<\/p>\n\n\n\n<p><strong>Credenciais do autor<\/strong><\/p>\n\n\n\n<p>Natural de Tocant\u00ednia, Andr\u00e9 Goveia&nbsp; \u00e9 escritor, poeta, professor de carreira da rede estadual, professor na Universidade da Maturidade UFT\/UMA, al\u00e9m de &nbsp;Pedagogo, Especialista em Gest\u00e3o Educacional e Metodologias de ensino, Licenciado em Letras, Mestrando em Educa\u00e7\u00e3o.&nbsp; O autor tamb\u00e9m&nbsp;\u00e9 Articulador Municipal do Selo Unicef e Secret\u00e1rio Municipal de Educa\u00e7\u00e3o de Tocant\u00ednia, bem como, Membro-Correspondente da &nbsp;Academia Gurupiense de Letras e da ACALANTO &#8211; Academia de Letras de Aragua\u00edna e Norte Tocantinense. Participou do \u201cAnu\u00e1rio de Poetas e Escritores &nbsp;do Tocantins\u201d,&nbsp; &nbsp;nas edi\u00e7\u00f5es de 2016, 2017 , 2018, 2019 e da Antologia Veloso 2020. Prefaciador da Colet\u00e2nea de poemas da Universidade Federal do Tocantins 2020.&nbsp; Selecionado para a Colet\u00e2nea Escritores Tocantinenses de autoria do professor da UFNT, &nbsp;Pedro Albeirice da Rocha.&nbsp; \u00c9 autor &nbsp;de cinco livros &nbsp;individuais no &nbsp;g\u00eanero poesia: \u201cRecitando a Vida\u201d; \u201cPoesias da Vida\u201d; &nbsp;\u201cHoje \u00e9 dia de Poesia\u201d; &nbsp;\u201cPoetizando Vidas\u201d e &nbsp;\u201cVersos M\u00e1gicos\u201d. Todos, publicados pela Editora Veloso.<\/p>\n\n\n\n<figure class=\"wp-block-image size-full\"><img loading=\"lazy\" decoding=\"async\" width=\"996\" height=\"491\" src=\"https:\/\/focotocantinense.com.br\/wp-content\/uploads\/2022\/12\/PRINCIPAL-Roda-de-Conversa-com-o-poeta-Andre-Goveia-em-Araguaina-1.jpg\" alt=\"\" class=\"wp-image-3394\" srcset=\"https:\/\/focotocantinense.com.br\/wp-content\/uploads\/2022\/12\/PRINCIPAL-Roda-de-Conversa-com-o-poeta-Andre-Goveia-em-Araguaina-1.jpg 996w, https:\/\/focotocantinense.com.br\/wp-content\/uploads\/2022\/12\/PRINCIPAL-Roda-de-Conversa-com-o-poeta-Andre-Goveia-em-Araguaina-1-300x148.jpg 300w, https:\/\/focotocantinense.com.br\/wp-content\/uploads\/2022\/12\/PRINCIPAL-Roda-de-Conversa-com-o-poeta-Andre-Goveia-em-Araguaina-1-768x379.jpg 768w\" sizes=\"auto, (max-width: 996px) 100vw, 996px\" \/><\/figure>\n\n\n\n<figure class=\"wp-block-image size-large\"><img loading=\"lazy\" decoding=\"async\" width=\"1024\" height=\"768\" src=\"https:\/\/focotocantinense.com.br\/wp-content\/uploads\/2022\/12\/2-Roda-de-Conversa-com-o-poeta-Andre-Goveia-em-Araguaina-1024x768.jpg\" alt=\"\" class=\"wp-image-3395\" srcset=\"https:\/\/focotocantinense.com.br\/wp-content\/uploads\/2022\/12\/2-Roda-de-Conversa-com-o-poeta-Andre-Goveia-em-Araguaina-1024x768.jpg 1024w, https:\/\/focotocantinense.com.br\/wp-content\/uploads\/2022\/12\/2-Roda-de-Conversa-com-o-poeta-Andre-Goveia-em-Araguaina-300x225.jpg 300w, https:\/\/focotocantinense.com.br\/wp-content\/uploads\/2022\/12\/2-Roda-de-Conversa-com-o-poeta-Andre-Goveia-em-Araguaina-768x576.jpg 768w, https:\/\/focotocantinense.com.br\/wp-content\/uploads\/2022\/12\/2-Roda-de-Conversa-com-o-poeta-Andre-Goveia-em-Araguaina-1536x1152.jpg 1536w, https:\/\/focotocantinense.com.br\/wp-content\/uploads\/2022\/12\/2-Roda-de-Conversa-com-o-poeta-Andre-Goveia-em-Araguaina.jpg 1600w\" sizes=\"auto, (max-width: 1024px) 100vw, 1024px\" \/><\/figure>\n\n\n\n<figure class=\"wp-block-image size-large\"><img loading=\"lazy\" decoding=\"async\" width=\"1024\" height=\"768\" src=\"https:\/\/focotocantinense.com.br\/wp-content\/uploads\/2022\/12\/3-Roda-de-Conversa-com-o-poeta-Andre-Goveia-em-Araguaina-1024x768.jpg\" alt=\"\" class=\"wp-image-3396\" srcset=\"https:\/\/focotocantinense.com.br\/wp-content\/uploads\/2022\/12\/3-Roda-de-Conversa-com-o-poeta-Andre-Goveia-em-Araguaina-1024x768.jpg 1024w, https:\/\/focotocantinense.com.br\/wp-content\/uploads\/2022\/12\/3-Roda-de-Conversa-com-o-poeta-Andre-Goveia-em-Araguaina-300x225.jpg 300w, https:\/\/focotocantinense.com.br\/wp-content\/uploads\/2022\/12\/3-Roda-de-Conversa-com-o-poeta-Andre-Goveia-em-Araguaina-768x576.jpg 768w, https:\/\/focotocantinense.com.br\/wp-content\/uploads\/2022\/12\/3-Roda-de-Conversa-com-o-poeta-Andre-Goveia-em-Araguaina-1536x1152.jpg 1536w, https:\/\/focotocantinense.com.br\/wp-content\/uploads\/2022\/12\/3-Roda-de-Conversa-com-o-poeta-Andre-Goveia-em-Araguaina.jpg 1600w\" sizes=\"auto, (max-width: 1024px) 100vw, 1024px\" \/><\/figure>\n\n\n\n<figure class=\"wp-block-image size-large\"><img loading=\"lazy\" decoding=\"async\" width=\"1024\" height=\"768\" src=\"https:\/\/focotocantinense.com.br\/wp-content\/uploads\/2022\/12\/4-Roda-de-Conversa-com-o-poeta-Andre-Goveia-em-Araguaina-1024x768.jpg\" alt=\"\" class=\"wp-image-3398\" srcset=\"https:\/\/focotocantinense.com.br\/wp-content\/uploads\/2022\/12\/4-Roda-de-Conversa-com-o-poeta-Andre-Goveia-em-Araguaina-1024x768.jpg 1024w, https:\/\/focotocantinense.com.br\/wp-content\/uploads\/2022\/12\/4-Roda-de-Conversa-com-o-poeta-Andre-Goveia-em-Araguaina-300x225.jpg 300w, https:\/\/focotocantinense.com.br\/wp-content\/uploads\/2022\/12\/4-Roda-de-Conversa-com-o-poeta-Andre-Goveia-em-Araguaina-768x576.jpg 768w, https:\/\/focotocantinense.com.br\/wp-content\/uploads\/2022\/12\/4-Roda-de-Conversa-com-o-poeta-Andre-Goveia-em-Araguaina-1536x1152.jpg 1536w, https:\/\/focotocantinense.com.br\/wp-content\/uploads\/2022\/12\/4-Roda-de-Conversa-com-o-poeta-Andre-Goveia-em-Araguaina.jpg 1600w\" sizes=\"auto, (max-width: 1024px) 100vw, 1024px\" \/><\/figure>\n\n\n\n<figure class=\"wp-block-image size-large\"><img loading=\"lazy\" decoding=\"async\" width=\"1024\" height=\"910\" src=\"https:\/\/focotocantinense.com.br\/wp-content\/uploads\/2022\/12\/4-Roda-de-Conversa-com-o-poeta-Andre-Goveia-em-Araguaina-1-1024x910.jpg\" alt=\"\" class=\"wp-image-3399\" srcset=\"https:\/\/focotocantinense.com.br\/wp-content\/uploads\/2022\/12\/4-Roda-de-Conversa-com-o-poeta-Andre-Goveia-em-Araguaina-1-1024x910.jpg 1024w, https:\/\/focotocantinense.com.br\/wp-content\/uploads\/2022\/12\/4-Roda-de-Conversa-com-o-poeta-Andre-Goveia-em-Araguaina-1-300x267.jpg 300w, https:\/\/focotocantinense.com.br\/wp-content\/uploads\/2022\/12\/4-Roda-de-Conversa-com-o-poeta-Andre-Goveia-em-Araguaina-1-768x683.jpg 768w, https:\/\/focotocantinense.com.br\/wp-content\/uploads\/2022\/12\/4-Roda-de-Conversa-com-o-poeta-Andre-Goveia-em-Araguaina-1-1536x1365.jpg 1536w, https:\/\/focotocantinense.com.br\/wp-content\/uploads\/2022\/12\/4-Roda-de-Conversa-com-o-poeta-Andre-Goveia-em-Araguaina-1.jpg 1600w\" sizes=\"auto, (max-width: 1024px) 100vw, 1024px\" \/><\/figure>\n\n\n\n<figure class=\"wp-block-image size-full is-resized\"><img loading=\"lazy\" decoding=\"async\" src=\"https:\/\/focotocantinense.com.br\/wp-content\/uploads\/2022\/12\/andre-e-a-diretora-da-escola.jpg\" alt=\"\" class=\"wp-image-3400\" width=\"838\" height=\"1071\" srcset=\"https:\/\/focotocantinense.com.br\/wp-content\/uploads\/2022\/12\/andre-e-a-diretora-da-escola.jpg 461w, https:\/\/focotocantinense.com.br\/wp-content\/uploads\/2022\/12\/andre-e-a-diretora-da-escola-235x300.jpg 235w\" sizes=\"auto, (max-width: 838px) 100vw, 838px\" \/><\/figure>\n","protected":false},"excerpt":{"rendered":"<p>Por Zacarias Martins Nesta quinta feira, primeiro dia do m\u00eas de dezembro os alunos da Escola Municipal Santa Rosa, localizada no Povoado \u00c1gua Amarela, zona rural do munic\u00edpio de Aragua\u00edna foram agraciados &nbsp;com uma &nbsp;movimentada Roda de Conversa Po\u00e9tica, ministrada pelo professor e poeta Andr\u00e9 Goveia de Tocant\u00ednia. Ele esteve na escola a convite da &hellip;<\/p>\n","protected":false},"author":5,"featured_media":3392,"comment_status":"open","ping_status":"open","sticky":false,"template":"","format":"standard","meta":{"footnotes":""},"categories":[48],"tags":[],"class_list":["post-3391","post","type-post","status-publish","format-standard","has-post-thumbnail","","category-araguatins"],"_links":{"self":[{"href":"https:\/\/focotocantinense.com.br\/index.php?rest_route=\/wp\/v2\/posts\/3391","targetHints":{"allow":["GET"]}}],"collection":[{"href":"https:\/\/focotocantinense.com.br\/index.php?rest_route=\/wp\/v2\/posts"}],"about":[{"href":"https:\/\/focotocantinense.com.br\/index.php?rest_route=\/wp\/v2\/types\/post"}],"author":[{"embeddable":true,"href":"https:\/\/focotocantinense.com.br\/index.php?rest_route=\/wp\/v2\/users\/5"}],"replies":[{"embeddable":true,"href":"https:\/\/focotocantinense.com.br\/index.php?rest_route=%2Fwp%2Fv2%2Fcomments&post=3391"}],"version-history":[{"count":2,"href":"https:\/\/focotocantinense.com.br\/index.php?rest_route=\/wp\/v2\/posts\/3391\/revisions"}],"predecessor-version":[{"id":3401,"href":"https:\/\/focotocantinense.com.br\/index.php?rest_route=\/wp\/v2\/posts\/3391\/revisions\/3401"}],"wp:featuredmedia":[{"embeddable":true,"href":"https:\/\/focotocantinense.com.br\/index.php?rest_route=\/wp\/v2\/media\/3392"}],"wp:attachment":[{"href":"https:\/\/focotocantinense.com.br\/index.php?rest_route=%2Fwp%2Fv2%2Fmedia&parent=3391"}],"wp:term":[{"taxonomy":"category","embeddable":true,"href":"https:\/\/focotocantinense.com.br\/index.php?rest_route=%2Fwp%2Fv2%2Fcategories&post=3391"},{"taxonomy":"post_tag","embeddable":true,"href":"https:\/\/focotocantinense.com.br\/index.php?rest_route=%2Fwp%2Fv2%2Ftags&post=3391"}],"curies":[{"name":"wp","href":"https:\/\/api.w.org\/{rel}","templated":true}]}}