{"id":3384,"date":"2022-12-01T15:13:44","date_gmt":"2022-12-01T18:13:44","guid":{"rendered":"https:\/\/focotocantinense.com.br\/?p=3384"},"modified":"2022-12-01T15:13:45","modified_gmt":"2022-12-01T18:13:45","slug":"gurupi-inicia-agendamento-de-vacinacao-contra-covid-19-em-bebes-com-comorbidade","status":"publish","type":"post","link":"https:\/\/focotocantinense.com.br\/?p=3384","title":{"rendered":"<strong>Gurupi inicia agendamento de vacina\u00e7\u00e3o contra Covid-19 em beb\u00eas, com comorbidade<\/strong>"},"content":{"rendered":"\n<p>Por Niceia Menegon \u2013 Ascom Semus<\/p>\n\n\n\n<p>A Prefeitura de Gurupi, por meio da Secretaria Municipal de Sa\u00fade (SEMUS), e da coordena\u00e7\u00e3o de imuniza\u00e7\u00e3o municipal, d\u00e3o in\u00edcio ao agendamento da aplica\u00e7\u00e3o da vacina da Pfizer Baby, contra a Covid-19, em beb\u00eas de seis meses at\u00e9 02 anos, 11 meses e 29 dias, com comorbidade, a partir desta quarta-feira, 30. A Pfizer Baby est\u00e1 dispon\u00edvel somente na Unidade B\u00e1sica de Sa\u00fade (UBS) Sol Nascente.<\/p>\n\n\n\n<p>A Pfizer Baby est\u00e1 dispon\u00edvel em Gurupi desde o dia 19 de novembro, mas a partir de agora os pais ou respons\u00e1veis dever\u00e3o agendar o dia e o hor\u00e1rio para a aplica\u00e7\u00e3o da vacina, pelo telefone ou whatsApp: (63) 3315-0095. Tamb\u00e9m dever\u00e3o apresentar a documenta\u00e7\u00e3o pessoal, cart\u00e3o de vacinas e do SUS, bem como laudo m\u00e9dico.<\/p>\n\n\n\n<p>\u201cPara este novo p\u00fablico, que foi inclu\u00eddo recentemente no PNI, a vacina tem algumas peculiaridades. Por isso, precisamos otimizar a utiliza\u00e7\u00e3o das doses correspondentes a cada frasco de vacina. Com o agendamento, podemos evitar desperd\u00edcio de doses\u201d, explicou o secret\u00e1rio municipal de sa\u00fade, Sinvaldo Moraes.<\/p>\n\n\n\n<p>A iniciativa pretende otimizar as doses contidas nos frascos. \u00c9 o que explica a coordenadora do setor de Imuniza\u00e7\u00e3o do munic\u00edpio, da SEMUS, Lilamara Miranda Tavares. \u201cCada frasco desta vacina cont\u00e9m 12 doses e, depois de aberto, precisa ser aplicado em at\u00e9 12 horas. A estrat\u00e9gia que encontramos foi utilizar o agendamento da vacina\u00e7\u00e3o para n\u00e3o desperdi\u00e7ar as doses, j\u00e1 que se trata de um p\u00fablico restrito e a procura est\u00e1 baixa\u201d, frisou Lilamara.<\/p>\n\n\n\n<p><strong>Vacina\u00e7\u00e3o em beb\u00eas<\/strong><strong><\/strong><\/p>\n\n\n\n<p>O esquema vacinal dos beb\u00eas de 06 meses a 02 anos, 11 meses e 29 dias de idade ser\u00e1 feito em tr\u00eas doses: sendo as duas primeiras com intervalo de 4 semanas, seguidas por uma terceira dose que deve ser administrada pelo menos 8 semanas (2 meses) ap\u00f3s a segunda dose. \u00c9 importante frisar que a vacina contra covid-19 pode ser aplicada sem necessidade de intervalo entre os demais imunobiol\u00f3gicos do Calend\u00e1rio de Vacina\u00e7\u00e3o de Rotina.<\/p>\n\n\n\n<p>De acordo com o Minist\u00e9rio da Sa\u00fade, nesta etapa ser\u00e3o contempladas as crian\u00e7as entre seis meses e dois anos com as seguintes comorbidades ou condi\u00e7\u00e3o de sa\u00fade: obesidade grave, pneumopatias cr\u00f4nicas graves, imunossupress\u00e3o, hemoglobinopatia grave, doen\u00e7a cardiovascular, hipertens\u00e3o arterial resistente, doen\u00e7a neurol\u00f3gica cr\u00f4nica, doen\u00e7a renal cr\u00f4nica, diabete mellitus, S\u00edndrome de Down e cirrose hep\u00e1tica.<\/p>\n\n\n\n<p>Secom\/ Prefeitura de Gurupi \u00a0<\/p>\n","protected":false},"excerpt":{"rendered":"<p>Por Niceia Menegon \u2013 Ascom Semus A Prefeitura de Gurupi, por meio da Secretaria Municipal de Sa\u00fade (SEMUS), e da coordena\u00e7\u00e3o de imuniza\u00e7\u00e3o municipal, d\u00e3o in\u00edcio ao agendamento da aplica\u00e7\u00e3o da vacina da Pfizer Baby, contra a Covid-19, em beb\u00eas de seis meses at\u00e9 02 anos, 11 meses e 29 dias, com comorbidade, a partir &hellip;<\/p>\n","protected":false},"author":5,"featured_media":3385,"comment_status":"open","ping_status":"open","sticky":false,"template":"","format":"standard","meta":{"footnotes":""},"categories":[1],"tags":[],"class_list":["post-3384","post","type-post","status-publish","format-standard","has-post-thumbnail","","category-sem-categoria"],"_links":{"self":[{"href":"https:\/\/focotocantinense.com.br\/index.php?rest_route=\/wp\/v2\/posts\/3384","targetHints":{"allow":["GET"]}}],"collection":[{"href":"https:\/\/focotocantinense.com.br\/index.php?rest_route=\/wp\/v2\/posts"}],"about":[{"href":"https:\/\/focotocantinense.com.br\/index.php?rest_route=\/wp\/v2\/types\/post"}],"author":[{"embeddable":true,"href":"https:\/\/focotocantinense.com.br\/index.php?rest_route=\/wp\/v2\/users\/5"}],"replies":[{"embeddable":true,"href":"https:\/\/focotocantinense.com.br\/index.php?rest_route=%2Fwp%2Fv2%2Fcomments&post=3384"}],"version-history":[{"count":1,"href":"https:\/\/focotocantinense.com.br\/index.php?rest_route=\/wp\/v2\/posts\/3384\/revisions"}],"predecessor-version":[{"id":3386,"href":"https:\/\/focotocantinense.com.br\/index.php?rest_route=\/wp\/v2\/posts\/3384\/revisions\/3386"}],"wp:featuredmedia":[{"embeddable":true,"href":"https:\/\/focotocantinense.com.br\/index.php?rest_route=\/wp\/v2\/media\/3385"}],"wp:attachment":[{"href":"https:\/\/focotocantinense.com.br\/index.php?rest_route=%2Fwp%2Fv2%2Fmedia&parent=3384"}],"wp:term":[{"taxonomy":"category","embeddable":true,"href":"https:\/\/focotocantinense.com.br\/index.php?rest_route=%2Fwp%2Fv2%2Fcategories&post=3384"},{"taxonomy":"post_tag","embeddable":true,"href":"https:\/\/focotocantinense.com.br\/index.php?rest_route=%2Fwp%2Fv2%2Ftags&post=3384"}],"curies":[{"name":"wp","href":"https:\/\/api.w.org\/{rel}","templated":true}]}}