{"id":3380,"date":"2022-12-01T14:53:36","date_gmt":"2022-12-01T17:53:36","guid":{"rendered":"https:\/\/focotocantinense.com.br\/?p=3380"},"modified":"2022-12-01T15:09:38","modified_gmt":"2022-12-01T18:09:38","slug":"antonio-andrade-destina-emenda-para-desenvolvimento-de-atletas-paraolimpicos","status":"publish","type":"post","link":"https:\/\/focotocantinense.com.br\/?p=3380","title":{"rendered":"<strong>Antonio Andrade destina emenda para desenvolvimento de atletas paraol\u00edmpicos<\/strong>"},"content":{"rendered":"\n<p>Nesta quarta-feira, 30, o presidente da Assembleia Legislativa do Tocantins, deputado Antonio Andrade (Republicanos), recebeu no plen\u00e1rio da Casa de Leis, representantes e atletas do Instituto Reviver, de Palmas.<\/p>\n\n\n\n<p>O Instituto desenvolve atividades de educa\u00e7\u00e3o, esporte e cultura voltadas para pessoa com defici\u00eancia e tem se destacado na inicia\u00e7\u00e3o esportiva e na descoberta de novos talentos paral\u00edmpicos. Para dar continuidade neste trabalho, eles buscam recursos por meio de emendas parlamentares.<\/p>\n\n\n\n<p>Para Antonio Andrade, o trabalho do Instituto \u00e9 de suma import\u00e2ncia, ele cita os dados da Secretaria Municipal de Educa\u00e7\u00e3o de Palmas, que apontam mais de quatro mil alunos, com algum tipo de defici\u00eancia, matriculados nas escolas da capital.<\/p>\n\n\n\n<p>\u201cQuero dar minha contribui\u00e7\u00e3o ao Instituto, vou colocar uma emenda de R$ 100 mil no or\u00e7amento para que eles possam atender mais pessoas e ainda poder desenvolver mais a\u00e7\u00f5es voltadas para pessoa com defici\u00eancia\u201d, disse o Deputado.<\/p>\n\n\n\n<p>Toinho Andrade, como costumam cham\u00e1-lo, lembrou que tamb\u00e9m estar\u00e1 \u00e0 disposi\u00e7\u00e3o da causa na C\u00e2mara Federal. Ele foi eleito o deputado federal mais votado do Tocantins com 68.813 votos.<\/p>\n\n\n\n<p>Ascom Dep. Antonio Andrade &#8211; Presidente da Assembleia Legislativa do Estado do Tocantins <\/p>\n\n\n\n<figure class=\"wp-block-gallery has-nested-images columns-default is-cropped wp-block-gallery-1 is-layout-flex wp-block-gallery-is-layout-flex\"><\/figure>\n\n\n\n<p>Texto: Rog\u00e9rio Tortola<\/p>\n\n\n\n<p>Fotos: Joelma Cristina&nbsp;<\/p>\n","protected":false},"excerpt":{"rendered":"<p>Nesta quarta-feira, 30, o presidente da Assembleia Legislativa do Tocantins, deputado Antonio Andrade (Republicanos), recebeu no plen\u00e1rio da Casa de Leis, representantes e atletas do Instituto Reviver, de Palmas. O Instituto desenvolve atividades de educa\u00e7\u00e3o, esporte e cultura voltadas para pessoa com defici\u00eancia e tem se destacado na inicia\u00e7\u00e3o esportiva e na descoberta de novos &hellip;<\/p>\n","protected":false},"author":5,"featured_media":3382,"comment_status":"open","ping_status":"open","sticky":false,"template":"","format":"standard","meta":{"footnotes":""},"categories":[1],"tags":[],"class_list":["post-3380","post","type-post","status-publish","format-standard","has-post-thumbnail","","category-sem-categoria"],"_links":{"self":[{"href":"https:\/\/focotocantinense.com.br\/index.php?rest_route=\/wp\/v2\/posts\/3380","targetHints":{"allow":["GET"]}}],"collection":[{"href":"https:\/\/focotocantinense.com.br\/index.php?rest_route=\/wp\/v2\/posts"}],"about":[{"href":"https:\/\/focotocantinense.com.br\/index.php?rest_route=\/wp\/v2\/types\/post"}],"author":[{"embeddable":true,"href":"https:\/\/focotocantinense.com.br\/index.php?rest_route=\/wp\/v2\/users\/5"}],"replies":[{"embeddable":true,"href":"https:\/\/focotocantinense.com.br\/index.php?rest_route=%2Fwp%2Fv2%2Fcomments&post=3380"}],"version-history":[{"count":1,"href":"https:\/\/focotocantinense.com.br\/index.php?rest_route=\/wp\/v2\/posts\/3380\/revisions"}],"predecessor-version":[{"id":3381,"href":"https:\/\/focotocantinense.com.br\/index.php?rest_route=\/wp\/v2\/posts\/3380\/revisions\/3381"}],"wp:featuredmedia":[{"embeddable":true,"href":"https:\/\/focotocantinense.com.br\/index.php?rest_route=\/wp\/v2\/media\/3382"}],"wp:attachment":[{"href":"https:\/\/focotocantinense.com.br\/index.php?rest_route=%2Fwp%2Fv2%2Fmedia&parent=3380"}],"wp:term":[{"taxonomy":"category","embeddable":true,"href":"https:\/\/focotocantinense.com.br\/index.php?rest_route=%2Fwp%2Fv2%2Fcategories&post=3380"},{"taxonomy":"post_tag","embeddable":true,"href":"https:\/\/focotocantinense.com.br\/index.php?rest_route=%2Fwp%2Fv2%2Ftags&post=3380"}],"curies":[{"name":"wp","href":"https:\/\/api.w.org\/{rel}","templated":true}]}}