{"id":3370,"date":"2022-11-25T19:14:32","date_gmt":"2022-11-25T22:14:32","guid":{"rendered":"https:\/\/focotocantinense.com.br\/?p=3370"},"modified":"2022-11-25T19:18:52","modified_gmt":"2022-11-25T22:18:52","slug":"hospital-dom-orione-realiza-19a-sipat","status":"publish","type":"post","link":"https:\/\/focotocantinense.com.br\/?p=3370","title":{"rendered":"Hospital Dom Orione realiza 19\u00aa SIPAT"},"content":{"rendered":"\n<p><strong>Por Rodrigo Martins<\/strong><\/p>\n\n\n\n<p>O&nbsp;Hospital Dom Orione&nbsp;teve uma semana intensa de atividades para os colaboradores da unidade. Entre os dias 18 e 24 de novembro, a institui\u00e7\u00e3o realizou a&nbsp;<em>19\u00aa Semana Interna de Preven\u00e7\u00e3o de Acidentes de Trabalho (SIPAT)<\/em>. A programa\u00e7\u00e3o contou com palestras, quiz interativo, sorteio de brindes e apresenta\u00e7\u00f5es musicais. Este ano o tema geral do evento foi&nbsp;<em>\u201cTodos se Importam\u201d<\/em>.<\/p>\n\n\n\n<p>\u201cUm tema que perpassa da alta gest\u00e3o at\u00e9 as realidades mais simples da nossa institui\u00e7\u00e3o\u201d, destaca o diretor presidente do Hospital Dom Orione, Padre Bruno Rodrigues. \u201cTodo terreno \u00e9 prop\u00edcio para lan\u00e7ar a semente do cuidado com o outro, da aten\u00e7\u00e3o ao outro, porque quando todos se importam n\u00f3s temos um trabalho feito, uma dignidade refor\u00e7ada e a vida prevalecida\u201d, completou.<\/p>\n\n\n\n<p>A SIPAT \u00e9 uma semana voltada \u00e0 preven\u00e7\u00e3o de acidentes do trabalho e de doen\u00e7as ocupacionais. A atividade \u00e9 promovida anualmente pela Comiss\u00e3o Interna de Preven\u00e7\u00e3o de Acidentes do Trabalho (CIPA). Emerson Alves, presidente da CIPA do Hospital Dom Orione, explica que toda a programa\u00e7\u00e3o \u00e9 preparada para abranger todos os colaboradores unidade.<\/p>\n\n\n\n<p>\u201c\u00c9 sobre o cuidado, o zelo, prevenir, manter-se sempre a disposi\u00e7\u00e3o do pr\u00f3ximo. A comiss\u00e3o da CIPA trabalha esse encontro anual para trazer esse conforto de cuidado a todos os colaboradores da nossa institui\u00e7\u00e3o\u201d, explicou.<\/p>\n\n\n\n<p>Al\u00e9m do tema central, \u201cTodos se Importam\u201d, ministrado pela psic\u00f3loga Karem Melissa Maria Rodrigues, a 19\u00aa SIPAT do Hospital Dom Orione contou com as apalestras, \u201cRelacionamentos no Ambiente de Trabalho\u201d, ministrada pelo advogado Jos\u00e9 Hil\u00e1rio; \u201cSa\u00fade do Homem\u201d, ministrada pelo cirurgi\u00e3o oncol\u00f3gico, Everton Lopes; e \u201cDire\u00e7\u00e3o Defensiva e Acidente de Trajeto\u201d, ministrada pela equipe da ASTT \u2013 Ag\u00eancia de Seguran\u00e7a, Transporte e Tr\u00e2nsito.<\/p>\n\n\n\n<figure class=\"wp-block-image size-full is-resized\"><img loading=\"lazy\" decoding=\"async\" src=\"https:\/\/focotocantinense.com.br\/wp-content\/uploads\/2022\/11\/PRINCIPAL.jpg\" alt=\"\" class=\"wp-image-3373\" width=\"840\" height=\"558\" srcset=\"https:\/\/focotocantinense.com.br\/wp-content\/uploads\/2022\/11\/PRINCIPAL.jpg 682w, https:\/\/focotocantinense.com.br\/wp-content\/uploads\/2022\/11\/PRINCIPAL-300x199.jpg 300w, https:\/\/focotocantinense.com.br\/wp-content\/uploads\/2022\/11\/PRINCIPAL-310x205.jpg 310w\" sizes=\"auto, (max-width: 840px) 100vw, 840px\" \/><\/figure>\n\n\n\n<figure class=\"wp-block-image size-full is-resized\"><img loading=\"lazy\" decoding=\"async\" src=\"https:\/\/focotocantinense.com.br\/wp-content\/uploads\/2022\/11\/22222.jpg\" alt=\"\" class=\"wp-image-3374\" width=\"839\" height=\"625\" srcset=\"https:\/\/focotocantinense.com.br\/wp-content\/uploads\/2022\/11\/22222.jpg 611w, https:\/\/focotocantinense.com.br\/wp-content\/uploads\/2022\/11\/22222-300x223.jpg 300w\" sizes=\"auto, (max-width: 839px) 100vw, 839px\" \/><\/figure>\n\n\n\n<figure class=\"wp-block-image size-full is-resized\"><img loading=\"lazy\" decoding=\"async\" src=\"https:\/\/focotocantinense.com.br\/wp-content\/uploads\/2022\/11\/3333.jpg\" alt=\"\" class=\"wp-image-3377\" width=\"841\" height=\"606\" srcset=\"https:\/\/focotocantinense.com.br\/wp-content\/uploads\/2022\/11\/3333.jpg 608w, https:\/\/focotocantinense.com.br\/wp-content\/uploads\/2022\/11\/3333-300x216.jpg 300w\" sizes=\"auto, (max-width: 841px) 100vw, 841px\" \/><\/figure>\n","protected":false},"excerpt":{"rendered":"<p>Por Rodrigo Martins O&nbsp;Hospital Dom Orione&nbsp;teve uma semana intensa de atividades para os colaboradores da unidade. Entre os dias 18 e 24 de novembro, a institui\u00e7\u00e3o realizou a&nbsp;19\u00aa Semana Interna de Preven\u00e7\u00e3o de Acidentes de Trabalho (SIPAT). A programa\u00e7\u00e3o contou com palestras, quiz interativo, sorteio de brindes e apresenta\u00e7\u00f5es musicais. Este ano o tema geral &hellip;<\/p>\n","protected":false},"author":5,"featured_media":3371,"comment_status":"open","ping_status":"open","sticky":false,"template":"","format":"standard","meta":{"footnotes":""},"categories":[45],"tags":[],"class_list":["post-3370","post","type-post","status-publish","format-standard","has-post-thumbnail","","category-araguaina"],"_links":{"self":[{"href":"https:\/\/focotocantinense.com.br\/index.php?rest_route=\/wp\/v2\/posts\/3370","targetHints":{"allow":["GET"]}}],"collection":[{"href":"https:\/\/focotocantinense.com.br\/index.php?rest_route=\/wp\/v2\/posts"}],"about":[{"href":"https:\/\/focotocantinense.com.br\/index.php?rest_route=\/wp\/v2\/types\/post"}],"author":[{"embeddable":true,"href":"https:\/\/focotocantinense.com.br\/index.php?rest_route=\/wp\/v2\/users\/5"}],"replies":[{"embeddable":true,"href":"https:\/\/focotocantinense.com.br\/index.php?rest_route=%2Fwp%2Fv2%2Fcomments&post=3370"}],"version-history":[{"count":2,"href":"https:\/\/focotocantinense.com.br\/index.php?rest_route=\/wp\/v2\/posts\/3370\/revisions"}],"predecessor-version":[{"id":3378,"href":"https:\/\/focotocantinense.com.br\/index.php?rest_route=\/wp\/v2\/posts\/3370\/revisions\/3378"}],"wp:featuredmedia":[{"embeddable":true,"href":"https:\/\/focotocantinense.com.br\/index.php?rest_route=\/wp\/v2\/media\/3371"}],"wp:attachment":[{"href":"https:\/\/focotocantinense.com.br\/index.php?rest_route=%2Fwp%2Fv2%2Fmedia&parent=3370"}],"wp:term":[{"taxonomy":"category","embeddable":true,"href":"https:\/\/focotocantinense.com.br\/index.php?rest_route=%2Fwp%2Fv2%2Fcategories&post=3370"},{"taxonomy":"post_tag","embeddable":true,"href":"https:\/\/focotocantinense.com.br\/index.php?rest_route=%2Fwp%2Fv2%2Ftags&post=3370"}],"curies":[{"name":"wp","href":"https:\/\/api.w.org\/{rel}","templated":true}]}}