{"id":3359,"date":"2022-11-23T19:52:42","date_gmt":"2022-11-23T22:52:42","guid":{"rendered":"https:\/\/focotocantinense.com.br\/?p=3359"},"modified":"2022-11-23T19:53:47","modified_gmt":"2022-11-23T22:53:47","slug":"em-brasilia-vereadores-buscam-beneficios-para-a-comunidade-de-lagoa-da-confusao","status":"publish","type":"post","link":"https:\/\/focotocantinense.com.br\/?p=3359","title":{"rendered":"Em Bras\u00edlia, vereadores buscam benef\u00edcios para a comunidade de Lagoa da Confus\u00e3o"},"content":{"rendered":"\n<p><strong>Por Zacarias Martins<\/strong><\/p>\n\n\n\n<p>Uma comitiva de vereadores de Lagoa da Confus\u00e3o est\u00e1 em Bras\u00edlia em busca de benef\u00edcios para a comunidade lagoense.<\/p>\n\n\n\n<p>Nesta quarta-feira, dia 23, os vereadores de lagoa da Confus\u00e3o visitaram os gabinetes de alguns representantes da Bancada Tocantinense no Congresso Nacional.<\/p>\n\n\n\n<p>No gabinete do deputado federal Eli Borges (PL\/TO) os vereadores protocolaram um pedido para que o parlamentar apresente Emenda Parlamentar visando a aquisi\u00e7\u00e3o de um \u00f4nibus para transportar a comunidade evang\u00e9lica lagoense para os congressos no munic\u00edpio.<\/p>\n\n\n\n<p>J\u00e1 no gabinete da deputada federal e senadora eleita &nbsp;&nbsp;Professora Dorinha (Uni\u00e3o\/TO), a solicita\u00e7\u00e3o apresentada foi uma Emenda Parlamentar &nbsp;para a aquisi\u00e7\u00e3o de um caminh\u00e3o ca\u00e7amba para atender as demandas do munic\u00edpio, al\u00e9m da constru\u00e7\u00e3o &nbsp;de quadra poliesportiva na Aldeia Santa Isabel do Morro, visando criar melhores op\u00e7\u00f5es &nbsp;de pr\u00e1ticas&nbsp; esportivas para atender aos jovens dessa Aldeia.<\/p>\n\n\n\n<p>Outro gabinete que foi alvo da visita dos vereadores de Lagoa da Confus\u00e3o foi o do senador Eduardo Gomes (PL\/TO). Buscando atender a uma justa e oportuna reivindica\u00e7\u00e3o da comunidade ind\u00edgena que integra a base territorial de Lagoa da Confus\u00e3o, os vereadores solicitara a apresenta\u00e7\u00e3o de Emenda Parlamentar visando a aquisi\u00e7\u00e3o de um caminh\u00e3o para a Aldeia Santa Isabel do Morro. Os vereadores argumentam que essa aldeia conta com um grande contingente de ind\u00edgenas, sendo que o caminh\u00e3o solicitado ser\u00e1 de grande valia para aquela comunidade.<\/p>\n\n\n\n<figure class=\"wp-block-image size-full\"><img loading=\"lazy\" decoding=\"async\" width=\"1024\" height=\"768\" src=\"https:\/\/focotocantinense.com.br\/wp-content\/uploads\/2022\/11\/lagoa-princiapl-1.jpg\" alt=\"\" class=\"wp-image-3362\" srcset=\"https:\/\/focotocantinense.com.br\/wp-content\/uploads\/2022\/11\/lagoa-princiapl-1.jpg 1024w, https:\/\/focotocantinense.com.br\/wp-content\/uploads\/2022\/11\/lagoa-princiapl-1-300x225.jpg 300w, https:\/\/focotocantinense.com.br\/wp-content\/uploads\/2022\/11\/lagoa-princiapl-1-768x576.jpg 768w\" sizes=\"auto, (max-width: 1024px) 100vw, 1024px\" \/><\/figure>\n\n\n\n<figure class=\"wp-block-image is-resized\"><img loading=\"lazy\" decoding=\"async\" src=\"http:\/\/n1to.com.br\/img\/uploads\/xxx2.jpg\" alt=\"\" width=\"836\" height=\"647\"\/><\/figure>\n\n\n\n<figure class=\"wp-block-image is-resized\"><img loading=\"lazy\" decoding=\"async\" src=\"http:\/\/n1to.com.br\/img\/uploads\/xxx3.jpg\" alt=\"\" width=\"836\" height=\"537\"\/><\/figure>\n","protected":false},"excerpt":{"rendered":"<p>Por Zacarias Martins Uma comitiva de vereadores de Lagoa da Confus\u00e3o est\u00e1 em Bras\u00edlia em busca de benef\u00edcios para a comunidade lagoense. Nesta quarta-feira, dia 23, os vereadores de lagoa da Confus\u00e3o visitaram os gabinetes de alguns representantes da Bancada Tocantinense no Congresso Nacional. No gabinete do deputado federal Eli Borges (PL\/TO) os vereadores protocolaram &hellip;<\/p>\n","protected":false},"author":5,"featured_media":3360,"comment_status":"open","ping_status":"open","sticky":false,"template":"","format":"standard","meta":{"footnotes":""},"categories":[71],"tags":[],"class_list":["post-3359","post","type-post","status-publish","format-standard","has-post-thumbnail","","category-lagoa-da-confusao"],"_links":{"self":[{"href":"https:\/\/focotocantinense.com.br\/index.php?rest_route=\/wp\/v2\/posts\/3359","targetHints":{"allow":["GET"]}}],"collection":[{"href":"https:\/\/focotocantinense.com.br\/index.php?rest_route=\/wp\/v2\/posts"}],"about":[{"href":"https:\/\/focotocantinense.com.br\/index.php?rest_route=\/wp\/v2\/types\/post"}],"author":[{"embeddable":true,"href":"https:\/\/focotocantinense.com.br\/index.php?rest_route=\/wp\/v2\/users\/5"}],"replies":[{"embeddable":true,"href":"https:\/\/focotocantinense.com.br\/index.php?rest_route=%2Fwp%2Fv2%2Fcomments&post=3359"}],"version-history":[{"count":2,"href":"https:\/\/focotocantinense.com.br\/index.php?rest_route=\/wp\/v2\/posts\/3359\/revisions"}],"predecessor-version":[{"id":3363,"href":"https:\/\/focotocantinense.com.br\/index.php?rest_route=\/wp\/v2\/posts\/3359\/revisions\/3363"}],"wp:featuredmedia":[{"embeddable":true,"href":"https:\/\/focotocantinense.com.br\/index.php?rest_route=\/wp\/v2\/media\/3360"}],"wp:attachment":[{"href":"https:\/\/focotocantinense.com.br\/index.php?rest_route=%2Fwp%2Fv2%2Fmedia&parent=3359"}],"wp:term":[{"taxonomy":"category","embeddable":true,"href":"https:\/\/focotocantinense.com.br\/index.php?rest_route=%2Fwp%2Fv2%2Fcategories&post=3359"},{"taxonomy":"post_tag","embeddable":true,"href":"https:\/\/focotocantinense.com.br\/index.php?rest_route=%2Fwp%2Fv2%2Ftags&post=3359"}],"curies":[{"name":"wp","href":"https:\/\/api.w.org\/{rel}","templated":true}]}}