{"id":3345,"date":"2022-11-21T17:24:18","date_gmt":"2022-11-21T20:24:18","guid":{"rendered":"https:\/\/focotocantinense.com.br\/?p=3345"},"modified":"2022-11-21T17:25:08","modified_gmt":"2022-11-21T20:25:08","slug":"governador-em-exercicio-prestigia-inauguracao-de-creche-em-aldeia-indigena-de-lagoa-da-confusao","status":"publish","type":"post","link":"https:\/\/focotocantinense.com.br\/?p=3345","title":{"rendered":"Governador em exerc\u00edcio prestigia inaugura\u00e7\u00e3o de creche em aldeia ind\u00edgena de Lagoa da Confus\u00e3o"},"content":{"rendered":"\n<p>O governador em exerc\u00edcio, Antonio Andrade, participou nessa quinta-feira, 17, da entrega do pr\u00e9dio da creche para crian\u00e7as ind\u00edgenas na Aldeia Fontoura, em Lagoa da Confus\u00e3o. Durante o evento, tamb\u00e9m foi realizada uma cerim\u00f4nia de formatura de crian\u00e7as que estudaram na unidade.<\/p>\n\n\n\n<p>A convite do prefeito de Lagoa da Confus\u00e3o, Thiago Soares Carlos, o governador em exerc\u00edcio prestigiou a inaugura\u00e7\u00e3o. Antonio Andrade destacou que a constru\u00e7\u00e3o da unidade educacional tem grande import\u00e2ncia para a valoriza\u00e7\u00e3o da popula\u00e7\u00e3o ind\u00edgena, que \u00e9 grande parcela dos moradores do Estado.<\/p>\n\n\n\n<p>&#8220;O prefeito tem compromisso com sua comunidade e os nossos irm\u00e3os ind\u00edgenas precisam desse reconhecimento. Ele tem essa preocupa\u00e7\u00e3o com a popula\u00e7\u00e3o de Lagoa da Confus\u00e3o e das aldeias ind\u00edgenas. Hoje, inauguramos uma creche bel\u00edssima. H\u00e1 aqui uma escola estadual do Governo do Tocantins, que j\u00e1 foi reformada e, em breve, o governador Wanderlei Barbosa ir\u00e1 realizar a inaugura\u00e7\u00e3o dela&#8221;, relatou Antonio Andrade.<\/p>\n\n\n\n<p>Com a constru\u00e7\u00e3o da sede pr\u00f3pria, a unidade educacional atender\u00e1 cerca de 100 crian\u00e7as ind\u00edgenas, com ensino regular e tamb\u00e9m tradicional da comunidade, conforme detalhou o prefeito Thiago Soares Carlos.<\/p>\n\n\n\n<p>&#8220;Para n\u00f3s, \u00e9 muito importante essa constru\u00e7\u00e3o, porque existia uma creche em funcionamento e nossas crian\u00e7as tinham acesso \u00e0s aulas, mas n\u00e3o tinham o espa\u00e7o adequado para poder aprender. Decidimos construir este novo pr\u00e9dio para dar mais qualidade ao ensino para nossas crian\u00e7as ind\u00edgenas. Os alunos ficaram muito felizes. Acredito que plantamos uma sementinha do sonho na cabe\u00e7a dessas crian\u00e7as&#8221;, explicou o gestor de Lagoa da Confus\u00e3o.<\/p>\n\n\n\n<figure class=\"wp-block-image size-full\"><img loading=\"lazy\" decoding=\"async\" width=\"867\" height=\"497\" src=\"https:\/\/focotocantinense.com.br\/wp-content\/uploads\/2022\/11\/1-LAGOA-1.jpg\" alt=\"\" class=\"wp-image-3348\" srcset=\"https:\/\/focotocantinense.com.br\/wp-content\/uploads\/2022\/11\/1-LAGOA-1.jpg 867w, https:\/\/focotocantinense.com.br\/wp-content\/uploads\/2022\/11\/1-LAGOA-1-300x172.jpg 300w, https:\/\/focotocantinense.com.br\/wp-content\/uploads\/2022\/11\/1-LAGOA-1-768x440.jpg 768w\" sizes=\"auto, (max-width: 867px) 100vw, 867px\" \/><\/figure>\n\n\n\n<figure class=\"wp-block-image size-full is-resized\"><img loading=\"lazy\" decoding=\"async\" src=\"https:\/\/focotocantinense.com.br\/wp-content\/uploads\/2022\/11\/2-LAGOA.jpg\" alt=\"\" class=\"wp-image-3349\" width=\"838\" height=\"477\" srcset=\"https:\/\/focotocantinense.com.br\/wp-content\/uploads\/2022\/11\/2-LAGOA.jpg 654w, https:\/\/focotocantinense.com.br\/wp-content\/uploads\/2022\/11\/2-LAGOA-300x171.jpg 300w\" sizes=\"auto, (max-width: 838px) 100vw, 838px\" \/><\/figure>\n","protected":false},"excerpt":{"rendered":"<p>O governador em exerc\u00edcio, Antonio Andrade, participou nessa quinta-feira, 17, da entrega do pr\u00e9dio da creche para crian\u00e7as ind\u00edgenas na Aldeia Fontoura, em Lagoa da Confus\u00e3o. Durante o evento, tamb\u00e9m foi realizada uma cerim\u00f4nia de formatura de crian\u00e7as que estudaram na unidade. A convite do prefeito de Lagoa da Confus\u00e3o, Thiago Soares Carlos, o governador &hellip;<\/p>\n","protected":false},"author":5,"featured_media":3346,"comment_status":"open","ping_status":"open","sticky":false,"template":"","format":"standard","meta":{"footnotes":""},"categories":[71],"tags":[],"class_list":["post-3345","post","type-post","status-publish","format-standard","has-post-thumbnail","","category-lagoa-da-confusao"],"_links":{"self":[{"href":"https:\/\/focotocantinense.com.br\/index.php?rest_route=\/wp\/v2\/posts\/3345","targetHints":{"allow":["GET"]}}],"collection":[{"href":"https:\/\/focotocantinense.com.br\/index.php?rest_route=\/wp\/v2\/posts"}],"about":[{"href":"https:\/\/focotocantinense.com.br\/index.php?rest_route=\/wp\/v2\/types\/post"}],"author":[{"embeddable":true,"href":"https:\/\/focotocantinense.com.br\/index.php?rest_route=\/wp\/v2\/users\/5"}],"replies":[{"embeddable":true,"href":"https:\/\/focotocantinense.com.br\/index.php?rest_route=%2Fwp%2Fv2%2Fcomments&post=3345"}],"version-history":[{"count":2,"href":"https:\/\/focotocantinense.com.br\/index.php?rest_route=\/wp\/v2\/posts\/3345\/revisions"}],"predecessor-version":[{"id":3350,"href":"https:\/\/focotocantinense.com.br\/index.php?rest_route=\/wp\/v2\/posts\/3345\/revisions\/3350"}],"wp:featuredmedia":[{"embeddable":true,"href":"https:\/\/focotocantinense.com.br\/index.php?rest_route=\/wp\/v2\/media\/3346"}],"wp:attachment":[{"href":"https:\/\/focotocantinense.com.br\/index.php?rest_route=%2Fwp%2Fv2%2Fmedia&parent=3345"}],"wp:term":[{"taxonomy":"category","embeddable":true,"href":"https:\/\/focotocantinense.com.br\/index.php?rest_route=%2Fwp%2Fv2%2Fcategories&post=3345"},{"taxonomy":"post_tag","embeddable":true,"href":"https:\/\/focotocantinense.com.br\/index.php?rest_route=%2Fwp%2Fv2%2Ftags&post=3345"}],"curies":[{"name":"wp","href":"https:\/\/api.w.org\/{rel}","templated":true}]}}