{"id":3336,"date":"2022-11-21T09:24:29","date_gmt":"2022-11-21T12:24:29","guid":{"rendered":"https:\/\/focotocantinense.com.br\/?p=3336"},"modified":"2022-11-21T09:26:50","modified_gmt":"2022-11-21T12:26:50","slug":"educadores-de-tocantinia-visitam-comunidade-quilombola-no-dia-nacional-da-consciencia-negra","status":"publish","type":"post","link":"https:\/\/focotocantinense.com.br\/?p=3336","title":{"rendered":"Educadores de Tocant\u00ednia visitam comunidade quilombola no Dia Nacional da Consci\u00eancia Negra"},"content":{"rendered":"\n<p><strong>Por Zacarias Martins<\/strong><\/p>\n\n\n\n<p>Educadores e integrantes da comunidade de Tocant\u00ednia, participaram de uma a\u00e7\u00e3o promovida pela Prefeitura da cidade, &nbsp;por meio da Secretaria Municipal de Educa\u00e7\u00e3o para comemorar o Dia Nacional da Consci\u00eancia Negra.<\/p>\n\n\n\n<p>Cerca de 32 pessoas lotaram um \u00f4nibus e se dirigiram \u00e0 comunidade quilombola da Barra do Aroeira, no munic\u00edpio de Santa Tereza, &nbsp;localizado a 40km da capital, Palmas.<\/p>\n\n\n\n<p>A visita aconteceu neste \u00faltimo dia 20 de novembro e teve como objetivo o fechamento de um ciclo de diversas a\u00e7\u00f5es voltadas para \u00e0 tem\u00e1tica no m\u00eas de novembro. Na oportunidade, &nbsp;os integrantes da caravana de Tocant\u00ednia foram recebidos com cantorias tradicionais do povo quilombola e participaram de uma programa\u00e7\u00e3o promovida pelo GRUCONTO (Grupo de Consci\u00eancia Negra do Tocantins), &nbsp;com palestras, rodas de conversa, oficinas, exibi\u00e7\u00e3o de document\u00e1rios e exposi\u00e7\u00e3o de artesanato e objetos tradicionais do quilombo, &nbsp;todos, &nbsp;retratando a consci\u00eancia negra e hist\u00f3ria do povo negro daquela localidade.<\/p>\n\n\n\n<p>Dentre outras tem\u00e1ticas foi abordado sobre economia solid\u00e1ria , racismo estrutural, racismo ambiental e pol\u00edticas de valoriza\u00e7\u00e3o do povo negro.&nbsp;<\/p>\n\n\n\n<p>O secret\u00e1rio de Educa\u00e7\u00e3o de Tocant\u00ednia, o professor e poeta Andr\u00e9 Goveia, que chefiou a comitiva tocantiniense, &nbsp;falou sobre a&nbsp; tem\u00e1tica e recitou a poesia&nbsp;*<strong>Dia ou dias da consci\u00eancia negra*,&nbsp;<\/strong>&nbsp;que discorre sobre a import\u00e2ncia de se respeitar e ter consci\u00eancia negra n\u00e3o somente no dia espec\u00edfico mas todos os dias.&nbsp;<\/p>\n\n\n\n<p>\u201cO objetivo de trazer os educadores at\u00e9 uma comunidade quilombola \u00e9 fortalecer os conhecimentos hist\u00f3ricos e culturais do povo negro para o desenvolvimento de um processo de ensino e aprendizagem que incida com qualidade na forma\u00e7\u00e3o de uma sociedade sem preconceito e discrimina\u00e7\u00e3o \u00e9tnica ou de qualquer natureza\u201d, explicou o secret\u00e1rio de Educa\u00e7\u00e3o de Tocant\u00ednia, Andr\u00e9 Goveia.<\/p>\n\n\n\n<figure class=\"wp-block-image size-large\"><img loading=\"lazy\" decoding=\"async\" width=\"768\" height=\"1024\" src=\"https:\/\/focotocantinense.com.br\/wp-content\/uploads\/2022\/11\/2-tocantinia-1-768x1024.jpg\" alt=\"\" class=\"wp-image-3341\" srcset=\"https:\/\/focotocantinense.com.br\/wp-content\/uploads\/2022\/11\/2-tocantinia-1-768x1024.jpg 768w, https:\/\/focotocantinense.com.br\/wp-content\/uploads\/2022\/11\/2-tocantinia-1-225x300.jpg 225w, https:\/\/focotocantinense.com.br\/wp-content\/uploads\/2022\/11\/2-tocantinia-1-1152x1536.jpg 1152w, https:\/\/focotocantinense.com.br\/wp-content\/uploads\/2022\/11\/2-tocantinia-1.jpg 1200w\" sizes=\"auto, (max-width: 768px) 100vw, 768px\" \/><figcaption class=\"wp-element-caption\">Lideran\u00e7as quilombolas falaram  sobre  a import\u00e2ncia de se preservar as ra\u00edzes da cultura negra<\/figcaption><\/figure>\n\n\n\n<figure class=\"wp-block-image size-large\"><img loading=\"lazy\" decoding=\"async\" width=\"1024\" height=\"443\" src=\"https:\/\/focotocantinense.com.br\/wp-content\/uploads\/2022\/11\/1-tocantnia-1-1024x443.jpg\" alt=\"\" class=\"wp-image-3343\" srcset=\"https:\/\/focotocantinense.com.br\/wp-content\/uploads\/2022\/11\/1-tocantnia-1-1024x443.jpg 1024w, https:\/\/focotocantinense.com.br\/wp-content\/uploads\/2022\/11\/1-tocantnia-1-300x130.jpg 300w, https:\/\/focotocantinense.com.br\/wp-content\/uploads\/2022\/11\/1-tocantnia-1-768x332.jpg 768w, https:\/\/focotocantinense.com.br\/wp-content\/uploads\/2022\/11\/1-tocantnia-1.jpg 1188w\" sizes=\"auto, (max-width: 1024px) 100vw, 1024px\" \/><figcaption class=\"wp-element-caption\">Comitiva de educadores de Tocant\u00ednia, liderada pelo secret\u00e1rio de Educa\u00e7\u00e3o, Andr\u00e9 Goveia.<\/figcaption><\/figure>\n","protected":false},"excerpt":{"rendered":"<p>Por Zacarias Martins Educadores e integrantes da comunidade de Tocant\u00ednia, participaram de uma a\u00e7\u00e3o promovida pela Prefeitura da cidade, &nbsp;por meio da Secretaria Municipal de Educa\u00e7\u00e3o para comemorar o Dia Nacional da Consci\u00eancia Negra. Cerca de 32 pessoas lotaram um \u00f4nibus e se dirigiram \u00e0 comunidade quilombola da Barra do Aroeira, no munic\u00edpio de Santa &hellip;<\/p>\n","protected":false},"author":5,"featured_media":3337,"comment_status":"open","ping_status":"open","sticky":false,"template":"","format":"standard","meta":{"footnotes":""},"categories":[78],"tags":[],"class_list":["post-3336","post","type-post","status-publish","format-standard","has-post-thumbnail","","category-tocantinia"],"_links":{"self":[{"href":"https:\/\/focotocantinense.com.br\/index.php?rest_route=\/wp\/v2\/posts\/3336","targetHints":{"allow":["GET"]}}],"collection":[{"href":"https:\/\/focotocantinense.com.br\/index.php?rest_route=\/wp\/v2\/posts"}],"about":[{"href":"https:\/\/focotocantinense.com.br\/index.php?rest_route=\/wp\/v2\/types\/post"}],"author":[{"embeddable":true,"href":"https:\/\/focotocantinense.com.br\/index.php?rest_route=\/wp\/v2\/users\/5"}],"replies":[{"embeddable":true,"href":"https:\/\/focotocantinense.com.br\/index.php?rest_route=%2Fwp%2Fv2%2Fcomments&post=3336"}],"version-history":[{"count":3,"href":"https:\/\/focotocantinense.com.br\/index.php?rest_route=\/wp\/v2\/posts\/3336\/revisions"}],"predecessor-version":[{"id":3344,"href":"https:\/\/focotocantinense.com.br\/index.php?rest_route=\/wp\/v2\/posts\/3336\/revisions\/3344"}],"wp:featuredmedia":[{"embeddable":true,"href":"https:\/\/focotocantinense.com.br\/index.php?rest_route=\/wp\/v2\/media\/3337"}],"wp:attachment":[{"href":"https:\/\/focotocantinense.com.br\/index.php?rest_route=%2Fwp%2Fv2%2Fmedia&parent=3336"}],"wp:term":[{"taxonomy":"category","embeddable":true,"href":"https:\/\/focotocantinense.com.br\/index.php?rest_route=%2Fwp%2Fv2%2Fcategories&post=3336"},{"taxonomy":"post_tag","embeddable":true,"href":"https:\/\/focotocantinense.com.br\/index.php?rest_route=%2Fwp%2Fv2%2Ftags&post=3336"}],"curies":[{"name":"wp","href":"https:\/\/api.w.org\/{rel}","templated":true}]}}