{"id":3329,"date":"2022-11-21T08:30:39","date_gmt":"2022-11-21T11:30:39","guid":{"rendered":"https:\/\/focotocantinense.com.br\/?p=3329"},"modified":"2022-11-21T08:33:51","modified_gmt":"2022-11-21T11:33:51","slug":"em-turne-pelo-brasil-comedia-casos-insanos-e-atracao-em-gurupi","status":"publish","type":"post","link":"https:\/\/focotocantinense.com.br\/?p=3329","title":{"rendered":"Em turn\u00ea pelo Brasil, com\u00e9dia &#8216;Casos Insanos&#8217; \u00e9 atra\u00e7\u00e3o em Gurupi"},"content":{"rendered":"\n<p>Gurupi recebe nesta quinta-feira, dia 24 de novembro, \u00e0s 20h, no Centro Cultural Mauro Cunha, a apresenta\u00e7\u00e3o \u00fanica do espet\u00e1culo de humor \u201cCasos Insanos\u201d, do Grupo Artpalco. A com\u00e9dia, conduzida por esquetes, traz muita interatividade com o p\u00fablico e garante boas gargalhadas nesta nova edi\u00e7\u00e3o da temporada, que recebe o subt\u00edtulo de \u201cUma Dose de Bom Humor\u201d.<\/p>\n\n\n\n<p>Os ingressos custam R$ 30,00 (inteira) e R$ 15,00 (meia), est\u00e3o sendo vendidos pela internet&nbsp;<a href=\"https:\/\/www.sympla.com.br\/evento\/casos-insanos-gurupi\/1695837\" target=\"_blank\" rel=\"noreferrer noopener\">[clique aqui].<\/a><\/p>\n\n\n\n<p>O espet\u00e1culo oferece v\u00e1rias doses de uma terapia contra o mau humor para o p\u00fablico gargalhar at\u00e9 doer o maxilar, seguindo o tema da m\u00fasica do espet\u00e1culo, o rem\u00e9dio \u00e9 gargalhar. E nessa aventura, personagens como a dom\u00e9stica Joselaine, o Personal Trainer, o Dr. Lexot\u00e2nus, Elsa, O Pregador, Vulbonilda, Narciso, Branca e Clara, Z\u00e9 do Picol\u00e9 e Coelhinha, que conduzem esse rem\u00e9dio contra a tristeza.<\/p>\n\n\n\n<p>Para Vin\u00edcius Martins, produtor local do espet\u00e1culo, os gurupienses podem esperar uma noite de divers\u00e3o e sorrisos exagerados.<\/p>\n\n\n\n<h1 class=\"wp-block-heading\"><a href=\"https:\/\/www.instagram.com\/grupoartpalco\/?hl=pt-br\" target=\"_blank\" rel=\"noreferrer noopener\"><strong>Mais informa\u00e7\u00f5es do espet\u00e1culo no Instagram<\/strong><\/a>.<\/h1>\n\n\n\n<h2 class=\"wp-block-heading\"><strong>Sobre \u201cCasos Insanos\u201d<\/strong><\/h2>\n\n\n\n<p>O espet\u00e1culo traz no elenco atores do Grupo Artpalco, de Minas Gerais e do Tocantins, que se revezam a cada apresenta\u00e7\u00e3o, como Eilson J. Ramos, George Henrique, Guilherme Vieira, Luiz Navarro, Poliana Morais, Suzi Ol\u00edmpia, Tatiane Breve, Thiago Scalia, Vivianne Mota e Wagner B\u00e1rbara. A dire\u00e7\u00e3o art\u00edstica \u00e9 do humorista e ator Thiago Scalia.<\/p>\n\n\n\n<p>&nbsp;A turn\u00ea nacional est\u00e1 percorrendo 20 cidades brasileiras de dez estados. As apresenta\u00e7\u00f5es, que iniciaram no dia 8 de outubro, na cidade de Uberl\u00e2ndia\/MG, finalizam em Palmas\/TO, no dia 26 de novembro. Neste per\u00edodo, o Grupo circula por Patos de Minas\/MG, Belo Horizonte\/MG, Rio de Janeiro\/RJ, Vit\u00f3ria\/ES, Imperatriz\/MA, S\u00e3o Paulo\/SP, Ribeir\u00e3o Preto\/SP, Goi\u00e2nia\/GO, Bras\u00edlia\/DF, Salvador\/BA, Fortaleza\/CE, Guara\u00ed\/TO, Colinas\/TO, Aragua\u00edna\/TO, Porto Nacional\/TO, Gurupi\/TO e Palmas\/TO.<\/p>\n\n\n\n<h3 class=\"wp-block-heading\"><strong>Servi\u00e7o<\/strong><\/h3>\n\n\n\n<p><strong>\u201cCasos Insanos\u201d<\/strong><\/p>\n\n\n\n<p><strong>Data:<\/strong>&nbsp;24 de novembro (quinta-feira)<\/p>\n\n\n\n<p><strong>Hor\u00e1rio: 20h<\/strong><\/p>\n\n\n\n<p><strong>Local:&nbsp;<\/strong>Centro Cultural Mauro Cunha<\/p>\n\n\n\n<p><strong>Endere\u00e7o:<\/strong>&nbsp;Av. Maranh\u00e3o, 1499 &#8211; Centro<\/p>\n\n\n\n<p><strong>Classifica\u00e7\u00e3o indicativa:<\/strong>&nbsp;16 anos<\/p>\n\n\n\n<p><strong>Mais informa\u00e7\u00f5es:<\/strong>&nbsp;(34) 99948-6543 ou&nbsp;<a href=\"https:\/\/www.instagram.com\/grupoartpalco\/?hl=pt-br\" target=\"_blank\" rel=\"noreferrer noopener\"><strong>Instagram<\/strong><\/a><\/p>\n\n\n\n<figure class=\"wp-block-image size-full\"><img loading=\"lazy\" decoding=\"async\" width=\"831\" height=\"447\" src=\"https:\/\/focotocantinense.com.br\/wp-content\/uploads\/2022\/11\/ddd.jpg\" alt=\"\" class=\"wp-image-3332\" srcset=\"https:\/\/focotocantinense.com.br\/wp-content\/uploads\/2022\/11\/ddd.jpg 831w, https:\/\/focotocantinense.com.br\/wp-content\/uploads\/2022\/11\/ddd-300x161.jpg 300w, https:\/\/focotocantinense.com.br\/wp-content\/uploads\/2022\/11\/ddd-768x413.jpg 768w\" sizes=\"auto, (max-width: 831px) 100vw, 831px\" \/><\/figure>\n\n\n\n<figure class=\"wp-block-image size-full\"><img loading=\"lazy\" decoding=\"async\" width=\"923\" height=\"607\" src=\"https:\/\/focotocantinense.com.br\/wp-content\/uploads\/2022\/11\/aaaaaaaaaaaaaaaaaaaaaaaa.jpg\" alt=\"\" class=\"wp-image-3333\" srcset=\"https:\/\/focotocantinense.com.br\/wp-content\/uploads\/2022\/11\/aaaaaaaaaaaaaaaaaaaaaaaa.jpg 923w, https:\/\/focotocantinense.com.br\/wp-content\/uploads\/2022\/11\/aaaaaaaaaaaaaaaaaaaaaaaa-300x197.jpg 300w, https:\/\/focotocantinense.com.br\/wp-content\/uploads\/2022\/11\/aaaaaaaaaaaaaaaaaaaaaaaa-768x505.jpg 768w, https:\/\/focotocantinense.com.br\/wp-content\/uploads\/2022\/11\/aaaaaaaaaaaaaaaaaaaaaaaa-310x205.jpg 310w\" sizes=\"auto, (max-width: 923px) 100vw, 923px\" \/><\/figure>\n\n\n\n<figure class=\"wp-block-image size-full\"><img loading=\"lazy\" decoding=\"async\" width=\"920\" height=\"525\" src=\"https:\/\/focotocantinense.com.br\/wp-content\/uploads\/2022\/11\/bbbbb.jpeg\" alt=\"\" class=\"wp-image-3334\" srcset=\"https:\/\/focotocantinense.com.br\/wp-content\/uploads\/2022\/11\/bbbbb.jpeg 920w, https:\/\/focotocantinense.com.br\/wp-content\/uploads\/2022\/11\/bbbbb-300x171.jpeg 300w, https:\/\/focotocantinense.com.br\/wp-content\/uploads\/2022\/11\/bbbbb-768x438.jpeg 768w\" sizes=\"auto, (max-width: 920px) 100vw, 920px\" \/><\/figure>\n","protected":false},"excerpt":{"rendered":"<p>Gurupi recebe nesta quinta-feira, dia 24 de novembro, \u00e0s 20h, no Centro Cultural Mauro Cunha, a apresenta\u00e7\u00e3o \u00fanica do espet\u00e1culo de humor \u201cCasos Insanos\u201d, do Grupo Artpalco. A com\u00e9dia, conduzida por esquetes, traz muita interatividade com o p\u00fablico e garante boas gargalhadas nesta nova edi\u00e7\u00e3o da temporada, que recebe o subt\u00edtulo de \u201cUma Dose de &hellip;<\/p>\n","protected":false},"author":5,"featured_media":3330,"comment_status":"open","ping_status":"open","sticky":false,"template":"","format":"standard","meta":{"footnotes":""},"categories":[38],"tags":[],"class_list":["post-3329","post","type-post","status-publish","format-standard","has-post-thumbnail","","category-gurupi"],"_links":{"self":[{"href":"https:\/\/focotocantinense.com.br\/index.php?rest_route=\/wp\/v2\/posts\/3329","targetHints":{"allow":["GET"]}}],"collection":[{"href":"https:\/\/focotocantinense.com.br\/index.php?rest_route=\/wp\/v2\/posts"}],"about":[{"href":"https:\/\/focotocantinense.com.br\/index.php?rest_route=\/wp\/v2\/types\/post"}],"author":[{"embeddable":true,"href":"https:\/\/focotocantinense.com.br\/index.php?rest_route=\/wp\/v2\/users\/5"}],"replies":[{"embeddable":true,"href":"https:\/\/focotocantinense.com.br\/index.php?rest_route=%2Fwp%2Fv2%2Fcomments&post=3329"}],"version-history":[{"count":2,"href":"https:\/\/focotocantinense.com.br\/index.php?rest_route=\/wp\/v2\/posts\/3329\/revisions"}],"predecessor-version":[{"id":3335,"href":"https:\/\/focotocantinense.com.br\/index.php?rest_route=\/wp\/v2\/posts\/3329\/revisions\/3335"}],"wp:featuredmedia":[{"embeddable":true,"href":"https:\/\/focotocantinense.com.br\/index.php?rest_route=\/wp\/v2\/media\/3330"}],"wp:attachment":[{"href":"https:\/\/focotocantinense.com.br\/index.php?rest_route=%2Fwp%2Fv2%2Fmedia&parent=3329"}],"wp:term":[{"taxonomy":"category","embeddable":true,"href":"https:\/\/focotocantinense.com.br\/index.php?rest_route=%2Fwp%2Fv2%2Fcategories&post=3329"},{"taxonomy":"post_tag","embeddable":true,"href":"https:\/\/focotocantinense.com.br\/index.php?rest_route=%2Fwp%2Fv2%2Ftags&post=3329"}],"curies":[{"name":"wp","href":"https:\/\/api.w.org\/{rel}","templated":true}]}}