{"id":3318,"date":"2022-11-19T11:38:31","date_gmt":"2022-11-19T14:38:31","guid":{"rendered":"https:\/\/focotocantinense.com.br\/?p=3318"},"modified":"2022-11-19T19:13:19","modified_gmt":"2022-11-19T22:13:19","slug":"sao-luis-sediou-o-congresso-nacional-de-letras-militares","status":"publish","type":"post","link":"https:\/\/focotocantinense.com.br\/?p=3318","title":{"rendered":"S\u00e3o Lu\u00eds sediou o Congresso nacional de Letras Militares"},"content":{"rendered":"\n<p>Na sexta-feira (18) o Congresso Nacional das Academia de Letras dos Militares do Brasil &#8211; CONAMBRAS, reuniu militares estaduais, integrantes das for\u00e7as armadas, guardas municipais, escritores, artistas e autoridades de todo o Brasil no audit\u00f3rio da Procuradoria-Geral de Justi\u00e7a.<\/p>\n\n\n\n<p>O evento come\u00e7ou as 16h com uma sess\u00e3o solene da Academia de Letras dos Militares do Brasil e suas cong\u00eaneres onde participaram membros das Academias de Letras Militares e de diversas Academias de Letras do Maranh\u00e3o e do Brasil, em cuja oportunidade, o Coronel &nbsp;&nbsp;Roberto Menezes de Santa Catarina, primeiro presidente e o Coronel Furtado do Maranh\u00e3o, como coordenador e realizador do 1\u00ba CONAMBRAS, receberam a medalha de m\u00e9rito do sodal\u00edcio.<\/p>\n\n\n\n<p>Ainda na solenidade, tomou posse na ALMEBRAS, os Tenentes Coron\u00e9is Lita Maria, &nbsp;da Pol\u00edcia Militar do Tocantins e Jos\u00e9 Semmer Neto, &nbsp;da Pol\u00edcia Militar do Paran\u00e1. O Coronel Rufino, da Para\u00edba, presidente da Academia da Para\u00edba, fez a entrega de diplomas de membros de honra do sodal\u00edcio e da AMCLAM, empossou o Major Carlos, &nbsp;de Minas Gerais, &nbsp;como membro correspondente, na cadeira patroneada pelo Coronel Geovane, in memoriam, pai do atual Comandante Geral da Pol\u00edcia Militar do Maranh\u00e3o, Coronel &nbsp;Emerson, o qual se fez presente com seus familiares.<\/p>\n\n\n\n<p>Ao final deste primeiro momento, o Coronel Ubirajara, presidente da ALMEBRAS, ressaltou que as letras militares do Brasil mostram sua pujan\u00e7a neste Congresso Nacional com o ingresso de novos membros e com a participa\u00e7\u00e3o dos acad\u00eamicos da Casa, demostrando ao Brasil a grandeza institucional, visto que \u00e9 integrada por oficiais militares brasileiros quase todos doutores, mestres e especialistas das ci\u00eancias policiais, reconhecendo a excel\u00eancia dos servi\u00e7os prestados pelo seu antecessor e pelo Coronel Furtado, &nbsp;promotor desse grande encontro nacional.<\/p>\n\n\n\n<p>Em seguida iniciou-se a abertura do CONAMBRAS, com a presen\u00e7a de significativas personalidades, como o Coronel &nbsp;Leite, Secret\u00e1rio de Seguran\u00e7a P\u00fablica que representou o governador Carlos Brand\u00e3o, o Desembargador Paulo Velten, presidente do Tribunal de Justi\u00e7a, Eduardo Nicolau, PGJ, Carlos Paim, Secret\u00e1rio&nbsp; Nacional de Seguran\u00e7a P\u00fablica, que representou o Ministro da Justi\u00e7a, Anderson Torres, General de Brigada Sibinel, Diretor do Centro Hist\u00f3rico do Ex\u00e9rcito Brasileiro, os Coron\u00e9is Emerson, Comandante Geral da PMMA e Rodrigo da PMMG, Henrique Almeida, Secret\u00e1rio Adjunto da Cultura de S\u00e3o Lu\u00eds, que representou o Prefeito Eduardo Braide, al\u00e9m dos presidentes da ALMEBRAS, MG, RS, SC, PR, PB, TO que compuseram a mesa de honra.<\/p>\n\n\n\n<p>Foi uma&nbsp; &nbsp;festa bonita da cultura maranhense, muito bem organizada, com agradecimentos de v\u00e1rios brasileiros pela acolhida em S\u00e3o Lu\u00eds e que contou com a presen\u00e7a do bumba meu boi de Morros que abrilhantou a festa, regada a um coquetel.<\/p>\n\n\n\n<figure class=\"wp-block-image size-full is-resized\"><img loading=\"lazy\" decoding=\"async\" src=\"https:\/\/focotocantinense.com.br\/wp-content\/uploads\/2022\/11\/aaaaaaaaaaaaaaaaa-1.jpg\" alt=\"\" class=\"wp-image-3322\" width=\"836\" height=\"552\" srcset=\"https:\/\/focotocantinense.com.br\/wp-content\/uploads\/2022\/11\/aaaaaaaaaaaaaaaaa-1.jpg 612w, https:\/\/focotocantinense.com.br\/wp-content\/uploads\/2022\/11\/aaaaaaaaaaaaaaaaa-1-300x198.jpg 300w, https:\/\/focotocantinense.com.br\/wp-content\/uploads\/2022\/11\/aaaaaaaaaaaaaaaaa-1-310x205.jpg 310w\" sizes=\"auto, (max-width: 836px) 100vw, 836px\" \/><\/figure>\n\n\n\n<figure class=\"wp-block-image size-full is-resized\"><img loading=\"lazy\" decoding=\"async\" src=\"https:\/\/focotocantinense.com.br\/wp-content\/uploads\/2022\/11\/bbbbbbb.jpg\" alt=\"\" class=\"wp-image-3323\" width=\"836\" height=\"570\" srcset=\"https:\/\/focotocantinense.com.br\/wp-content\/uploads\/2022\/11\/bbbbbbb.jpg 613w, https:\/\/focotocantinense.com.br\/wp-content\/uploads\/2022\/11\/bbbbbbb-300x205.jpg 300w, https:\/\/focotocantinense.com.br\/wp-content\/uploads\/2022\/11\/bbbbbbb-110x75.jpg 110w\" sizes=\"auto, (max-width: 836px) 100vw, 836px\" \/><\/figure>\n\n\n\n<figure class=\"wp-block-image size-full\"><img loading=\"lazy\" decoding=\"async\" width=\"953\" height=\"844\" src=\"https:\/\/focotocantinense.com.br\/wp-content\/uploads\/2022\/11\/ff60edd9-206d-418c-abe8-1581aa449ff0.jpg\" alt=\"\" class=\"wp-image-3327\" srcset=\"https:\/\/focotocantinense.com.br\/wp-content\/uploads\/2022\/11\/ff60edd9-206d-418c-abe8-1581aa449ff0.jpg 953w, https:\/\/focotocantinense.com.br\/wp-content\/uploads\/2022\/11\/ff60edd9-206d-418c-abe8-1581aa449ff0-300x266.jpg 300w, https:\/\/focotocantinense.com.br\/wp-content\/uploads\/2022\/11\/ff60edd9-206d-418c-abe8-1581aa449ff0-768x680.jpg 768w\" sizes=\"auto, (max-width: 953px) 100vw, 953px\" \/><\/figure>\n","protected":false},"excerpt":{"rendered":"<p>Na sexta-feira (18) o Congresso Nacional das Academia de Letras dos Militares do Brasil &#8211; CONAMBRAS, reuniu militares estaduais, integrantes das for\u00e7as armadas, guardas municipais, escritores, artistas e autoridades de todo o Brasil no audit\u00f3rio da Procuradoria-Geral de Justi\u00e7a. O evento come\u00e7ou as 16h com uma sess\u00e3o solene da Academia de Letras dos Militares do &hellip;<\/p>\n","protected":false},"author":5,"featured_media":3320,"comment_status":"open","ping_status":"open","sticky":false,"template":"","format":"standard","meta":{"footnotes":""},"categories":[104,37],"tags":[],"class_list":["post-3318","post","type-post","status-publish","format-standard","has-post-thumbnail","","category-cultura","category-palmas"],"_links":{"self":[{"href":"https:\/\/focotocantinense.com.br\/index.php?rest_route=\/wp\/v2\/posts\/3318","targetHints":{"allow":["GET"]}}],"collection":[{"href":"https:\/\/focotocantinense.com.br\/index.php?rest_route=\/wp\/v2\/posts"}],"about":[{"href":"https:\/\/focotocantinense.com.br\/index.php?rest_route=\/wp\/v2\/types\/post"}],"author":[{"embeddable":true,"href":"https:\/\/focotocantinense.com.br\/index.php?rest_route=\/wp\/v2\/users\/5"}],"replies":[{"embeddable":true,"href":"https:\/\/focotocantinense.com.br\/index.php?rest_route=%2Fwp%2Fv2%2Fcomments&post=3318"}],"version-history":[{"count":3,"href":"https:\/\/focotocantinense.com.br\/index.php?rest_route=\/wp\/v2\/posts\/3318\/revisions"}],"predecessor-version":[{"id":3328,"href":"https:\/\/focotocantinense.com.br\/index.php?rest_route=\/wp\/v2\/posts\/3318\/revisions\/3328"}],"wp:featuredmedia":[{"embeddable":true,"href":"https:\/\/focotocantinense.com.br\/index.php?rest_route=\/wp\/v2\/media\/3320"}],"wp:attachment":[{"href":"https:\/\/focotocantinense.com.br\/index.php?rest_route=%2Fwp%2Fv2%2Fmedia&parent=3318"}],"wp:term":[{"taxonomy":"category","embeddable":true,"href":"https:\/\/focotocantinense.com.br\/index.php?rest_route=%2Fwp%2Fv2%2Fcategories&post=3318"},{"taxonomy":"post_tag","embeddable":true,"href":"https:\/\/focotocantinense.com.br\/index.php?rest_route=%2Fwp%2Fv2%2Ftags&post=3318"}],"curies":[{"name":"wp","href":"https:\/\/api.w.org\/{rel}","templated":true}]}}